{"id":53348,"date":"2019-10-31T10:19:45","date_gmt":"2019-10-31T13:19:45","guid":{"rendered":"https:\/\/www.actualidadadiario.com\/?p=53348"},"modified":"2019-10-31T10:19:45","modified_gmt":"2019-10-31T13:19:45","slug":"sebastian-pinera-suspendio-dos-cumbres-internacionales","status":"publish","type":"post","link":"https:\/\/www.actualidadadiario.com\/index.php\/2019\/10\/31\/sebastian-pinera-suspendio-dos-cumbres-internacionales\/","title":{"rendered":"Sebasti\u00e1n Pi\u00f1era suspendi\u00f3 dos cumbres internacionales"},"content":{"rendered":"<p style=\"text-align: center;\"><em><strong>Por las protestas que mantienen en alerta al pa\u00eds no se realizar\u00e1 en noviembre la Apec, y en diciembre, la COP25 (Conferencia sobre Cambio Clim\u00e1tico de la ONU)<\/strong><\/em><\/p>\n<p>&nbsp;<\/p>\n<p>&nbsp;<\/p>\n<p>El presidente chileno, Sebasti\u00e1n Pi\u00f1era, anunci\u00f3 la cancelaci\u00f3n de las cumbres de Apec para noviembre y de la COP25 en diciembre, debido a las protestas que mantienen en alerta al pa\u00eds desde hace dos semanas y que causaron la muerte de 20 personas y m\u00e1s de 9.000 detenidos.<\/p>\n<p>&#8220;Nuestro gobierno y con profundo dolor, ha resuelto no realizar la cumbre de Apec para noviembre, ni tampoco la cumbre de la COP25\u201d, dijo el mandatario en conferencia de prensa desde el Palacio de La Moneda, junto al canciller Teodoro Ribera y la ministra de Medio Ambiente, Carolina Schmidt, responsables de la organizaci\u00f3n de estas cumbres internacionales.<\/p>\n<p>\u201cSentimos y lamentamos profundamente los problemas e inconvenientes que esta decisi\u00f3n va a significar, tanto para la Apec como la COP25\u201d, anuncio el presidente.<\/p>\n<p>La Apec, que se iba a realizar en Santiago el 16 y 17 de noviembre, ten\u00eda confirmada la visita de los presidentes de Estados Unidos, Donald Trump, y de China, Xi Jinping, y hoy se supo que el mandatario ruso Vladimir Putin hab\u00eda cancelado su participaci\u00f3n.<\/p>\n<p>La Apec es un foro multilateral creado en 1989 con el fin de consolidar el crecimiento y la prosperidad de los pa\u00edses alrededor del Oc\u00e9ano Pac\u00edfico, en temas de intercambio comercial, coordinaci\u00f3n econ\u00f3mica y cooperaci\u00f3n.<\/p>\n<p>La COP25 (Conferencia sobre Cambio Clim\u00e1tico de la ONU), prevista en Santiago entre el 2 y 13 de diciembre, iba a recibir a l\u00edderes mundiales sobre medio ambiente y autoridades de muchos pa\u00edses, entre ellos se esperaba la visita de la activista Greta Thunberg.<\/p>\n","protected":false},"excerpt":{"rendered":"<p>Por las protestas que mantienen en alerta al pa\u00eds no se realizar\u00e1 en noviembre la Apec, y en diciembre, la COP25 (Conferencia sobre Cambio Clim\u00e1tico de la ONU) &nbsp; &nbsp; El presidente chileno, Sebasti\u00e1n Pi\u00f1era, anunci\u00f3 la cancelaci\u00f3n de las cumbres de Apec para noviembre y de la COP25 en diciembre, debido a las protestas que mantienen en alerta al pa\u00eds desde hace dos semanas y que causaron la muerte de 20 personas y m\u00e1s de 9.000 detenidos. &#8220;Nuestro gobierno y con profundo dolor, ha resuelto no realizar la cumbre&#8230;<\/p>\n","protected":false},"author":3,"featured_media":53205,"comment_status":"closed","ping_status":"closed","sticky":false,"template":"","format":"standard","meta":[],"categories":[4],"tags":[],"_links":{"self":[{"href":"https:\/\/www.actualidadadiario.com\/index.php\/wp-json\/wp\/v2\/posts\/53348"}],"collection":[{"href":"https:\/\/www.actualidadadiario.com\/index.php\/wp-json\/wp\/v2\/posts"}],"about":[{"href":"https:\/\/www.actualidadadiario.com\/index.php\/wp-json\/wp\/v2\/types\/post"}],"author":[{"embeddable":true,"href":"https:\/\/www.actualidadadiario.com\/index.php\/wp-json\/wp\/v2\/users\/3"}],"replies":[{"embeddable":true,"href":"https:\/\/www.actualidadadiario.com\/index.php\/wp-json\/wp\/v2\/comments?post=53348"}],"version-history":[{"count":1,"href":"https:\/\/www.actualidadadiario.com\/index.php\/wp-json\/wp\/v2\/posts\/53348\/revisions"}],"predecessor-version":[{"id":53349,"href":"https:\/\/www.actualidadadiario.com\/index.php\/wp-json\/wp\/v2\/posts\/53348\/revisions\/53349"}],"wp:featuredmedia":[{"embeddable":true,"href":"https:\/\/www.actualidadadiario.com\/index.php\/wp-json\/wp\/v2\/media\/53205"}],"wp:attachment":[{"href":"https:\/\/www.actualidadadiario.com\/index.php\/wp-json\/wp\/v2\/media?parent=53348"}],"wp:term":[{"taxonomy":"category","embeddable":true,"href":"https:\/\/www.actualidadadiario.com\/index.php\/wp-json\/wp\/v2\/categories?post=53348"},{"taxonomy":"post_tag","embeddable":true,"href":"https:\/\/www.actualidadadiario.com\/index.php\/wp-json\/wp\/v2\/tags?post=53348"}],"curies":[{"name":"wp","href":"https:\/\/api.w.org\/{rel}","templated":true}]}}