{"id":53345,"date":"2019-10-31T10:19:02","date_gmt":"2019-10-31T13:19:02","guid":{"rendered":"https:\/\/www.actualidadadiario.com\/?p=53345"},"modified":"2019-10-31T10:19:02","modified_gmt":"2019-10-31T13:19:02","slug":"organizaciones-sociales-movilizaran-por-la-aplicacion-de-la-emergencia-alimentaria","status":"publish","type":"post","link":"https:\/\/www.actualidadadiario.com\/index.php\/2019\/10\/31\/organizaciones-sociales-movilizaran-por-la-aplicacion-de-la-emergencia-alimentaria\/","title":{"rendered":"Organizaciones sociales movilizar\u00e1n por la aplicaci\u00f3n de la Emergencia Alimentaria"},"content":{"rendered":"<p style=\"text-align: center;\"><em><strong>Numerosas organizaciones sociales con representaci\u00f3n en todo el pa\u00eds, incluidas Barrios de Pie y el Polo Obrero, movilizar\u00e1n este jueves en la Ciudad de Buenos Aires, frente al Obelisco, para pedir la implementaci\u00f3n efectiva de la Ley de Emergencia Alimentaria a un mes de su sanci\u00f3n en el Congreso de la Naci\u00f3n<\/strong><\/em><\/p>\n<p>&nbsp;<\/p>\n<p>&nbsp;<\/p>\n<p>Bajo la consigna \u201cLa Emergencia Alimentaria qued\u00f3 en letra muerta, pese a que la pobreza y el hambre crecen sin parar\u201d, los movimientos sociales reclamar\u00e1n este jueves a partir de las 11 horas en la Plaza de la Rep\u00fablica, en plena Capital Federal. Adem\u00e1s, ser\u00e1 la primera convocatoria masiva de protesta, con nuevas autoridades electas.<\/p>\n<p>En tanto, la movilizaci\u00f3n tendr\u00e1 r\u00e9plica en todo el pa\u00eds para exigir \u201cel financiamiento e implementaci\u00f3n de la Ley de Emergencia Alimentaria junto a \u201cla actualizaci\u00f3n de los montos de la Asignaci\u00f3n Universal por Hijo (AUH), del salario social complementario, y las jubilaciones m\u00ednimas\u201d as\u00ed como \u201cel congelamiento de los precios de la canasta b\u00e1sica alimentaria\u201d.<\/p>\n<p>\u201cEl Gobierno de Macri tiene las herramientas para incrementar la asistencia ante un acelerado deterioro de la situaci\u00f3n econ\u00f3mica. Los alimentos siguen aumentando, y esto golpea m\u00e1s todav\u00eda a quienes hoy no pueden llevar un plato de comida digno a sus mesas\u201d, expres\u00f3 la Coordinadora Nacional del Movimiento Barrios de Pie, Silvia Saravia.<\/p>\n<p>Adem\u00e1s apunt\u00f3 que \u201clos bonos otorgados han sido una respuesta puntual, que no se incorporaron como aumentos a la AUH ni al salario social. Y en el caso de las jubilaciones ni siquiera han recibido esa ayuda. Es necesario un aumento acorde al incremento de la Canasta B\u00e1sica\u201d. En tanto, aclar\u00f3 que el reclamo se realiza al \u201cGobierno actual, que hoy tiene la responsabilidad de aplicar la Ley de Emergencia Alimentaria promulgada hace un mes\u201d.<\/p>\n","protected":false},"excerpt":{"rendered":"<p>Numerosas organizaciones sociales con representaci\u00f3n en todo el pa\u00eds, incluidas Barrios de Pie y el Polo Obrero, movilizar\u00e1n este jueves en la Ciudad de Buenos Aires, frente al Obelisco, para pedir la implementaci\u00f3n efectiva de la Ley de Emergencia Alimentaria a un mes de su sanci\u00f3n en el Congreso de la Naci\u00f3n &nbsp; &nbsp; Bajo la consigna \u201cLa Emergencia Alimentaria qued\u00f3 en letra muerta, pese a que la pobreza y el hambre crecen sin parar\u201d, los movimientos sociales reclamar\u00e1n este jueves a partir de las 11 horas en la Plaza&#8230;<\/p>\n","protected":false},"author":3,"featured_media":53346,"comment_status":"closed","ping_status":"closed","sticky":false,"template":"","format":"standard","meta":[],"categories":[18],"tags":[],"_links":{"self":[{"href":"https:\/\/www.actualidadadiario.com\/index.php\/wp-json\/wp\/v2\/posts\/53345"}],"collection":[{"href":"https:\/\/www.actualidadadiario.com\/index.php\/wp-json\/wp\/v2\/posts"}],"about":[{"href":"https:\/\/www.actualidadadiario.com\/index.php\/wp-json\/wp\/v2\/types\/post"}],"author":[{"embeddable":true,"href":"https:\/\/www.actualidadadiario.com\/index.php\/wp-json\/wp\/v2\/users\/3"}],"replies":[{"embeddable":true,"href":"https:\/\/www.actualidadadiario.com\/index.php\/wp-json\/wp\/v2\/comments?post=53345"}],"version-history":[{"count":1,"href":"https:\/\/www.actualidadadiario.com\/index.php\/wp-json\/wp\/v2\/posts\/53345\/revisions"}],"predecessor-version":[{"id":53347,"href":"https:\/\/www.actualidadadiario.com\/index.php\/wp-json\/wp\/v2\/posts\/53345\/revisions\/53347"}],"wp:featuredmedia":[{"embeddable":true,"href":"https:\/\/www.actualidadadiario.com\/index.php\/wp-json\/wp\/v2\/media\/53346"}],"wp:attachment":[{"href":"https:\/\/www.actualidadadiario.com\/index.php\/wp-json\/wp\/v2\/media?parent=53345"}],"wp:term":[{"taxonomy":"category","embeddable":true,"href":"https:\/\/www.actualidadadiario.com\/index.php\/wp-json\/wp\/v2\/categories?post=53345"},{"taxonomy":"post_tag","embeddable":true,"href":"https:\/\/www.actualidadadiario.com\/index.php\/wp-json\/wp\/v2\/tags?post=53345"}],"curies":[{"name":"wp","href":"https:\/\/api.w.org\/{rel}","templated":true}]}}