{"id":53291,"date":"2019-10-31T10:04:14","date_gmt":"2019-10-31T13:04:14","guid":{"rendered":"https:\/\/www.actualidadadiario.com\/?p=53291"},"modified":"2019-10-31T10:04:14","modified_gmt":"2019-10-31T13:04:14","slug":"bordet-ratifico-la-continuidad-de-creditos-a-emprendedores-con-el-apoyo-de-nacion-a-partir-del-nuevo-gobierno","status":"publish","type":"post","link":"https:\/\/www.actualidadadiario.com\/index.php\/2019\/10\/31\/bordet-ratifico-la-continuidad-de-creditos-a-emprendedores-con-el-apoyo-de-nacion-a-partir-del-nuevo-gobierno\/","title":{"rendered":"Bordet ratific\u00f3 la continuidad de cr\u00e9ditos a emprendedores con el apoyo de Naci\u00f3n a partir del nuevo gobierno"},"content":{"rendered":"<p style=\"text-align: center;\"><em><strong>\u201cTenemos la esperanza que a partir del 10 de diciembre volvamos a tener el apoyo de Naci\u00f3n para estos programas que durante estos cuatro a\u00f1os los sostuvimos con recursos propios para evitar que las pol\u00edticas insensibles da\u00f1aran a\u00fan m\u00e1s el tejido social\u201d, expres\u00f3 el gobernador Gustavo Bordet<\/strong><\/em><\/p>\n<p>&nbsp;<\/p>\n<p>&nbsp;<\/p>\n<p>La declaraciones fueron realizadas durante el acto de entrega de aportes y herramientas por m\u00e1s de 5,3 millones de pesos a emprendedores, organizaciones e instituciones deportivas de la provincia, junto a la ministra de Desarrollo Social y vicegobernadora electa, Laura Stratta.<\/p>\n<p>En ese marco, Bordet defini\u00f3 como \u201cclave\u201d que haya un presidente que est\u00e9 \u201cen nuestra misma sinton\u00eda\u201d porque \u201cva a ser un beneficio para Entre R\u00edos\u201d, en referencia al resultado electoral del domingo. Tambi\u00e9n mostr\u00f3 su preocupaci\u00f3n por la situaci\u00f3n econ\u00f3mica y la \u201cmerma fenomenal de ingresos\u201d a la provincia.<\/p>\n<p>\u201cEsto nos hace redoblar los esfuerzos de trabajo todos los d\u00edas para poder cumplir con nuestras obligaciones como las estamos cumpliendo ahora con los incrementos salariales que comprometimos. Pero para esto y para poder llegar a buen puerto tanto en la econom\u00eda de las familias entrerrianas como para poder llevar adelante objetivos de gobierno, claramente necesitamos un gobierno que atienda estos problemas, que se ocupe de estos problemas y que fundamentalmente encuentre una visi\u00f3n de desarrollo en lugar de priorizar la especulaci\u00f3n financiera\u201d, dijo Bordet.<\/p>\n<p>\u201cPor eso es fundamental para la provincia de Entre R\u00edos el triunfo que obtuvo Alberto Fern\u00e1ndez, que sea el pr\u00f3ximo presidente a partir del 10 de diciembre porque tenemos una historia com\u00fan que no es s\u00f3lo pol\u00edtica, sino tambi\u00e9n que radica en la visi\u00f3n de poder interpretar los problemas y las soluciones que la Argentina necesita\u201d, expres\u00f3 el mandatario.<\/p>\n<p>\u201cPara Entre R\u00edos es clave tener un presidente que est\u00e9 en la misma sinton\u00eda, que estemos en la misma l\u00ednea de acci\u00f3n y pensamiento como es Alberto Fern\u00e1ndez. Esto claramente va a ser un beneficio para la provincia. Hoy, con el abandono absoluto de pol\u00edticas econ\u00f3micas, la estamos pasando muy mal tanto en el sector privado con despidos, con personas que no les alcanza para llegar a fin de mes su salario y tambi\u00e9n desde el sector p\u00fablico con una merma fenomenal de los ingresos que estamos entre 15 y 20 puntos los ingresos por debajo de la inflaci\u00f3n\u201d, se\u00f1al\u00f3.<\/p>\n<p>La actividad se concret\u00f3 este mi\u00e9rcoles en la Sala Ver\u00f3nica Kuttel, de La Vieja Usina, y en el marco de los programas Sue\u00f1os Mayores, Microcr\u00e9ditos, Incorporaci\u00f3n de Tecnolog\u00edas, Proacer y Poder popular e Iniciativas populares para mi barrio, donde el gobernador Gustavo Bordet presidi\u00f3 un acto de entrega de aportes y herramientas a emprendedores, organizaciones e instituciones deportivas de Paran\u00e1, Paran\u00e1 Campa\u00f1a y zonas aleda\u00f1as.<\/p>\n<p>Manifest\u00f3 luego \u201cla alegr\u00eda compartida de poder iniciar el 10 de diciembre una etapa que vaya en esta sinton\u00eda que pudimos sostener con mucho esfuerzo y sacrificio para poder evitar que las pol\u00edticas insensibles que se aplicaron da\u00f1en m\u00e1s a\u00fan el tejido social que, por cierto, qued\u00f3 muy roto&#8221;.<\/p>\n<p>En ese sentido, dijo que &#8220;ser\u00e1 nuestra tarea, reconstruirlo y poner mucho m\u00e1s fuerza y \u00e9nfasis para poder multiplicar estos programas que nos han dado tan buenos resultados porque hay muchas familias y emprendedores que lo est\u00e1n esperando y que se animar\u00e1n a tener la posibilidad de un futuro mejor. Despu\u00e9s del 10 de diciembre nos seguiremos viendo much\u00edsimas m\u00e1s veces, con mucha m\u00e1s energ\u00eda y fuerza porque tenemos la plena convicci\u00f3n que de que este es el camino y que nunca abandonamos&#8221;.<\/p>\n<p>Bordet record\u00f3 que son &#8220;programas que decididamente empezamos a perfilar en momentos realmente muy dif\u00edciles &#8221; y mencion\u00f3 que dichos programas &#8220;ten\u00edan un fuerte apoyo del gobierno nacional en 2015, y desde esa fecha en adelante autom\u00e1ticamente se cortaron&#8221;.<\/p>\n<p>&#8220;Nosotros decidimos sostenerlos con recursos propios porque ten\u00edamos el convencimiento de que hay otra forma de vincularse con los actores de la econom\u00eda. Durante cuatro a\u00f1os se pens\u00f3 que la econom\u00eda se resolv\u00eda a trav\u00e9s de medidas macros y que luego de poder generar el desarrollo econ\u00f3mico en los sectores de poder econ\u00f3mico m\u00e1s concentrado se iba a poder resolver los problemas m\u00e1s micro, los que tienen m\u00e1s cotidianamente las familias, los que emprenden o los que tiene una pyme&#8221;, sostuvo.<\/p>\n<p>Desestim\u00f3 esta visi\u00f3n de la econom\u00eda porque &#8220;en la historia argentina claramente hab\u00eda fracasado profundamente. Nosotros los sab\u00edamos, y por eso, es que decidimos en los primeros meses de gesti\u00f3n sostenerlos con recursos propios. Entend\u00edamos que hab\u00eda que trabajar fuertemente sobre la otra econom\u00eda. No la macro, si no sobre la econom\u00eda social que es la que atraviesa a las familias, a los j\u00f3venes y a las instituciones como los clubes sociales y deportivos que cumplen un rol fundamental en cada una de nuestras comunidades barriales&#8221;.<\/p>\n<p>Explic\u00f3 luego que el dinero invertido &#8220;tend\u00eda a proteger el tejido social que inevitablemente se iba a romper como ocurri\u00f3 en estos cuatro a\u00f1os de aplicaciones de pol\u00edticas con total insensibilidad social&#8221;, remarc\u00f3.<\/p>\n<p>&#8220;Durante estos cuatros a\u00f1os nos hemos reunido y hemos estado en las entregas, el seguimiento y la puesta en superficie del trabajo que se realiza en ferias en distintos lugares de la provincia porque significaba buscar el apoyo mutuo, de quien emprende, de quien toma un compromiso con la sociedad como los centros de estudiantes con su comunidad educativa para ser una sociedad para igualitaria y justa en la provincia de Entre R\u00edos&#8221;.<\/p>\n<p>&nbsp;<\/p>\n<p><strong>Compromiso<\/strong><\/p>\n<p>En tanto, la titular de la cartera social, Laura Stratta, celebr\u00f3 el encuentro y expres\u00f3: \u201cEste es un espacio de alegr\u00eda, de celebraci\u00f3n, donde ratificamos el compromiso del gobierno de Entre R\u00edos de fortalecer el entramado social a trav\u00e9s de diferentes acciones, estrategias, pol\u00edticas p\u00fablicas que se encarnan en las historias de cada emprendedor, de cada familia, de cada organizaci\u00f3n que pudo concretar proyectos y crecer\u201d.<\/p>\n<p>Luego agreg\u00f3: \u201cEstas acciones tienen que ver con la decisi\u00f3n pol\u00edtica del gobernador Gustavo Bordet de priorizar el desarrollo social y humano en la agenda p\u00fablica, por eso, en estos a\u00f1os que fueron tan dif\u00edciles para el pa\u00eds, en la provincia construimos un Estado presente, para poder transformar las realidades que duelen\u201d, destac\u00f3 la titular de la cartera social.<\/p>\n<p>En ese sentido, Stratta apunt\u00f3: \u201cPor eso la Econom\u00eda Social cumple un rol preponderante, porque no s\u00f3lo acerca las posibilidades de acceso al cr\u00e9dito o una herramienta, sino que tambi\u00e9n permite que las personas puedan crecer, desarrollarse a partir de la solidaridad y la cooperaci\u00f3n\u201d, y sostuvo: \u201cse trata de entender que no nos salvamos solos, que s\u00f3lo en comunidad podemos crecer y desarrollarnos\u201d, sostuvo la ministra de Desarrollo Social, y finaliz\u00f3 expresando que el compromiso con la Econom\u00eda Social \u201cseguir\u00e1 presente m\u00e1s all\u00e1 de los lugares que nos toque ocupar\u201d.<\/p>\n<p>Participaron adem\u00e1s los legisladores provinciales Gustavo Zavallo, Esther Gonz\u00e1lez, Leticia Angerosa y Silvio Valenzuela. Tambi\u00e9n estuvo el intendente de Cerrito, Amilcar Ulises Tomassi, y funcionarios municipales de Gualeguaych\u00fa; el Secretario de Econom\u00eda Social, Luis Precerutti; el Secretario de Deportes, Jos\u00e9 G\u00f3mez; el Secretario de la Juventud, Nicol\u00e1s Mathieu, el Secretario de Gesti\u00f3n, Leonardo Centuri\u00f3n; el Subsecretario de Desarrollo Emprendedor, Pedro Gebhart; y la Subsecretaria de Desarrollo Humano y Familia, Natalia Osuna.<\/p>\n<p>&nbsp;<\/p>\n<p><strong>Agradecimiento<\/strong><\/p>\n<p>En el acto habl\u00f3 la emprendedora Alejandra Flores, quien se dedica a hacer cuadernos artesanales y agendas, y all\u00ed expres\u00f3 su agradecimiento al gobierno provincial por el apoyo recibido. \u201cHace cuatro a\u00f1os que vengo desarrollando este emprendimiento\u201d, cont\u00f3 y luego mencion\u00f3 que en la fecha recibi\u00f3 del gobierno provincial una laminadora de papel, con lo cual dejar\u00e1 de tercerizar parte del trabajo que realiza.<\/p>\n<p>Tras destacar que el formar parte del programa Manos Entrerrianas le permiti\u00f3 desarrollarse econ\u00f3micamente y personalmente, la emprendedora se\u00f1al\u00f3 finalmente que con la nueva herramienta podr\u00e1 dar \u201cun salto grande y apostar a m\u00e1s\u201d.<\/p>\n<p>&nbsp;<\/p>\n<p><strong>Aportes, herramientas y certificado<\/strong><\/p>\n<p>Durante el acto se entregaron aportes a emprendedores, instituciones y organizaciones de Paran\u00e1, Paran\u00e1 Campa\u00f1a y zonas aleda\u00f1as. Adem\u00e1s, se otorg\u00f3 el certificado de autorizaci\u00f3n para funcionamiento del geri\u00e1trico al intendente de Cerrito, Amilcar Tomassi.<\/p>\n<p>Fueron 42 emprendedores que recibieron 100 herramientas en el marco del Programa Incorporaci\u00f3n de Tecnolog\u00eda, de la Secretar\u00eda de Econom\u00eda Social; y aportes a dos emprendimientos que se encuadran en el Programa Proacer; y 12 proyectos de Paran\u00e1 y 12 de Paran\u00e1 Campa\u00f1a de programas dependientes de la Subsecretar\u00eda de Pol\u00edticas Sociales y la Subsecretar\u00eda de Desarrollo Humano y Familia. Tambi\u00e9n se otorg\u00f3 un subsidio para el Programa Municipal de Micro al municipio de Gualeguaych\u00fa.<\/p>\n","protected":false},"excerpt":{"rendered":"<p>\u201cTenemos la esperanza que a partir del 10 de diciembre volvamos a tener el apoyo de Naci\u00f3n para estos programas que durante estos cuatro a\u00f1os los sostuvimos con recursos propios para evitar que las pol\u00edticas insensibles da\u00f1aran a\u00fan m\u00e1s el tejido social\u201d, expres\u00f3 el gobernador Gustavo Bordet &nbsp; &nbsp; La declaraciones fueron realizadas durante el acto de entrega de aportes y herramientas por m\u00e1s de 5,3 millones de pesos a emprendedores, organizaciones e instituciones deportivas de la provincia, junto a la ministra de Desarrollo Social y vicegobernadora electa, Laura Stratta&#8230;.<\/p>\n","protected":false},"author":3,"featured_media":53292,"comment_status":"closed","ping_status":"closed","sticky":false,"template":"","format":"standard","meta":[],"categories":[9],"tags":[],"_links":{"self":[{"href":"https:\/\/www.actualidadadiario.com\/index.php\/wp-json\/wp\/v2\/posts\/53291"}],"collection":[{"href":"https:\/\/www.actualidadadiario.com\/index.php\/wp-json\/wp\/v2\/posts"}],"about":[{"href":"https:\/\/www.actualidadadiario.com\/index.php\/wp-json\/wp\/v2\/types\/post"}],"author":[{"embeddable":true,"href":"https:\/\/www.actualidadadiario.com\/index.php\/wp-json\/wp\/v2\/users\/3"}],"replies":[{"embeddable":true,"href":"https:\/\/www.actualidadadiario.com\/index.php\/wp-json\/wp\/v2\/comments?post=53291"}],"version-history":[{"count":1,"href":"https:\/\/www.actualidadadiario.com\/index.php\/wp-json\/wp\/v2\/posts\/53291\/revisions"}],"predecessor-version":[{"id":53293,"href":"https:\/\/www.actualidadadiario.com\/index.php\/wp-json\/wp\/v2\/posts\/53291\/revisions\/53293"}],"wp:featuredmedia":[{"embeddable":true,"href":"https:\/\/www.actualidadadiario.com\/index.php\/wp-json\/wp\/v2\/media\/53292"}],"wp:attachment":[{"href":"https:\/\/www.actualidadadiario.com\/index.php\/wp-json\/wp\/v2\/media?parent=53291"}],"wp:term":[{"taxonomy":"category","embeddable":true,"href":"https:\/\/www.actualidadadiario.com\/index.php\/wp-json\/wp\/v2\/categories?post=53291"},{"taxonomy":"post_tag","embeddable":true,"href":"https:\/\/www.actualidadadiario.com\/index.php\/wp-json\/wp\/v2\/tags?post=53291"}],"curies":[{"name":"wp","href":"https:\/\/api.w.org\/{rel}","templated":true}]}}