{"id":53283,"date":"2019-10-30T10:59:22","date_gmt":"2019-10-30T13:59:22","guid":{"rendered":"https:\/\/www.actualidadadiario.com\/?p=53283"},"modified":"2019-10-30T10:59:22","modified_gmt":"2019-10-30T13:59:22","slug":"chile-denuncian-la-desaparicion-de-13-mujeres","status":"publish","type":"post","link":"https:\/\/www.actualidadadiario.com\/index.php\/2019\/10\/30\/chile-denuncian-la-desaparicion-de-13-mujeres\/","title":{"rendered":"Chile: denuncian la desaparici\u00f3n de 13 mujeres"},"content":{"rendered":"<p style=\"text-align: center;\"><em><strong>Colectivos feministas consignaron que permanecen desaparecidas desde que comenzaron las protestas contra el gobierno de Sebasti\u00e1n Pi\u00f1era. Tambi\u00e9n fueron denunciados casos de violencia sexual y ataques lesbof\u00f3bicos<\/strong><\/em><\/p>\n<p>&nbsp;<\/p>\n<p>&nbsp;<\/p>\n<p>Algunas se pusieron anteojos de sol, otras se tapan la cara con el cartel, todas gritan &#8220;d\u00f3nde est\u00e1n, vivas las queremos&#8221;.<\/p>\n<p>Mientras desembarca la misi\u00f3n de Naciones Unidas en Chile, que permanecer\u00e1 hasta el 22 de noviembre, la Coordinadora Ni Una Menos y Feministas Aut\u00f3nomas denunci\u00f3 la desaparici\u00f3n de 13 mujeres desde el viernes 18 de octubre, cuando empezaron las protestas en todo Santiago y cuando se vivi\u00f3 la primera noche en Estado de Emergencia. En tanto, ABOFEM (Abogadas Feministas) recibi\u00f3 13 denuncias de \u00edndole sexual, de las cuales 3 incluyen ataques lesbof\u00f3bicos.<\/p>\n<p>La Defensor\u00eda Jur\u00eddica de la Universidad de Chile hizo un balance e inform\u00f3 que recibi\u00f3 en total 505 denuncias, que se distribuyen en: 350 disparos de proyectiles no bal\u00edsticos, 46 reportes de lesiones oculares; 51 reportes de lanzamientos de bombas lacrim\u00f3genas directamente al cuerpo, 35 casos de golpes con lesiones graves, 3 casos de desnudamientos, 3 atropellos por parte de veh\u00edculos policiales y 3 afectaciones a personas en situaci\u00f3n de calle, entre otros casos.<\/p>\n<p>Natalia Bravo, coordinadora de comisar\u00edas de ABOFEM, denunci\u00f3 que han sido informadas de humillaciones, vej\u00e1menes, agresiones sexuales, incomunicaciones, desnudamientos forzosos de algunas manifestantes y que el n\u00famero de estas vulneraciones han ido en aumento a nivel nacional. Hizo un llamado a denunciar el actuar ileg\u00edtimo por parte de los agentes del Estado. &#8220;El estado de emergencia que estamos viviendo hoy no es en ning\u00fan caso, la disminuci\u00f3n de los derechos garant\u00edas de la ciudadan\u00eda&#8221;, asever\u00f3. En ese resumen, la Defensor\u00eda y ABOFEM consideraron que hubo una \u201cavalancha de denuncias\u201d concernientes a violaciones de derechos humanos en las manifestaciones del \u00faltimo fin de semana.<\/p>\n<p>Desde el 18 de octubre, ambas organizaciones han trabajado en conjunto con el Instituto de Derechos Humanos, y suman un aproximado de 150 observadores a nivel nacional. Sin embargo, seg\u00fan indicaron en una declaraci\u00f3n p\u00fablica, no se dan abasto para procesar la cantidad de denuncias recibidas en total.<\/p>\n<p>Bravo, agreg\u00f3 que en el caso de mujeres esta situaci\u00f3n tambi\u00e9n se ha agravado y ha incluido tambi\u00e9n a miembros de la comunidad LGTBIQ+.<\/p>\n<p>\u201cHacemos un llamado a la ministra de la Mujer y Equidad de G\u00e9nero, Isabel Pl\u00e1, a que haga un llamado al cese de estos comportamientos, debido a que el estado en el que estamos viviendo hoy, no significa en ning\u00fan caso la disminuci\u00f3n de los derechos y garant\u00edas de nuestra ciudadan\u00eda\u201d, enfatiz\u00f3. Esa funcionaria declar\u00f3 que hasta el momento, en su cartera no se ha recibido ning\u00fan tipo de denuncia formal por casos como los que han explicitado las organizaciones mencionadas.<\/p>\n<p>La Defensor\u00eda Jur\u00eddica se cre\u00f3 a instancias del Centro de Estudiantes de Derecho, el apoyo de abogadas\/os, profesoras\/es, el Centro de Derechos Humanos y diferentes departamentos de la Facultad, junto organizaciones de la sociedad civil, como la ABOFEM, Londres 38, la Corporaci\u00f3n 4 de Agosto y la Comisi\u00f3n Chilena de Derechos Humanos. Estas instancias coordinan acciones con el Instituto Nacional de Derechos Humanos, la Defensor\u00eda de la Ni\u00f1ez, la Defensor\u00eda Penal P\u00fablica y el Ministerio P\u00fablico, con la finalidad de apoyar a v\u00edctimas de vulneraciones de derechos humanos durante los estados de emergencia.<\/p>\n<p>&nbsp;<\/p>\n<p><strong>Las denuncias por personas desaparecidas<\/strong><\/p>\n<p>El registro de los casos de personas desaparecidas asciende a 20 en el pa\u00eds, de acuerdo al INDH (Instituto Nacional de Derechos Humanos) que envi\u00f3 ya los datos a la justicia. As\u00ed, la Fiscal\u00eda analiza los recursos de amparo a favor de estas personas, en los que se solicita su b\u00fasqueda, tras una semana de intensas movilizaciones convocadas bajo el Estado de Emergencia declarado por el gobierno, y ya derogado.<\/p>\n<p>Los amparos se presentaron el 24 de octubre en contra del Ministerio del Interior, de Carabineros de Chile y del jefe de la Defensa Nacional, el general Javier Iturriaga, y a favor de las personas desaparecidas. Fueron nueve, aunque tres de las personas fueron encontradas, una sin vida. Seg\u00fan inform\u00f3 El Desconcierto.cl, se trata de Manuel Jes\u00fas Muga, de 59 a\u00f1os e insulinodependiente, quien fue visto por \u00faltima vez saliendo de su casa rumbo al supermercado L\u00edder ubicado en calle Miraflores, en Santiago, alrededor de las 15 del 20 de octubre. Su nombre apareci\u00f3 en la lista de los 17 fallecidos que este viernes dio a conocer el Ministerio P\u00fablico. Seg\u00fan la informaci\u00f3n entregada por la Fiscal\u00eda, Muga fue una de las cinco v\u00edctimas del incendio ocurrido el domingo pasado en la bodega de la empresa de ropa interior Kayser, ubicada en Renca.<\/p>\n<p>Respecto a los seis casos consultados, se trata de tres mujeres y tres hombres que a\u00fan no han sido encontrados y est\u00e1n siendo buscados por sus amigos y familiares.<\/p>\n<p>El domingo 20 de octubre, en la segunda jornada que Chile viv\u00eda bajo estado de Emergencia y toque de queda, Victoria Campos fue vista por \u00faltima vez antes de ser detenida en San Bernardo en el contexto de las manifestaciones desarrolladas en la Regi\u00f3n Metropolitana. Seg\u00fan el recurso de amparo, tras su detenci\u00f3n fue trasladada \u201ca un recinto desconocido\u201d.<\/p>\n<p>El mismo d\u00eda domingo desaparecieron al menos otras dos mujeres. Lorena Antonieta Espinoza, de 56 a\u00f1os, fue vista por \u00faltima vez en las cercan\u00edas de Plaza \u00d1u\u00f1oa. Seg\u00fan indica el recurso, en ese lugar \u201cse encontraba presente personal de orden y seguridad efectuando detenciones\u201d. El texto prosigue: \u201cAtendidos los acontecimientos sucedidos en el centro de Santiago, con \u00e9nfasis en el d\u00eda que do\u00f1a Lorena fue vista por \u00faltima vez, resulta altamente probable que do\u00f1a Lorena haya sido abordada por fuerzas de orden y seguridad o por los militares\u201d.<\/p>\n<p>Tampoco se supo nada m\u00e1s de Ignacia Miranda \u00c1lvarez. La mujer fue vista por \u00faltima vez cerca del Estadio Nacional, en \u00d1u\u00f1oa. En ese sector hab\u00eda contingente policial y militar desplegado para contener las protestas. Esa escueta informaci\u00f3n es todo lo que por ahora se conoce de su desaparici\u00f3n.<\/p>\n<p>A Francisco Sebasti\u00e1n Silva Pe\u00f1aloza lo vieron por \u00faltima vez cerca de las 17:00 horas del domingo 20 de octubre, en el Mall Plaza Sur, en San Bernardo. En los alrededores hab\u00eda contingentes de militares y carabineros. Por eso, creen que pudo haber sido detenido por alguno de estos funcionarios. Desde aquella misma tarde, sus familiares lo han buscado en comisar\u00edas y otros recintos cercanos a su casa, y han vuelto varias veces al lugar en que fue visto por \u00faltima vez. Sin embargo, permanece inubicable.<\/p>\n<p>Ese mismo d\u00eda hubo otra desaparici\u00f3n. Kristopher Mario Pardo Gonz\u00e1lez, de 35 a\u00f1os, fue visto por \u00faltima vez a eso de las 15 en la comuna de Santiago. Ese d\u00eda sali\u00f3 de su casa, ubicada en Avenida La Marina, en San Miguel, alrededor de las 14.30 horas vestido de buzo negro y polera verde con gorro. Desde ese momento, no se volvi\u00f3 a comunicar con su mam\u00e1, quien lo fue a buscar por las plazas y alrededores. Kristopher se encuentra en tratamiento psiqui\u00e1trico por posible esquizofrenia. La denuncia por su presunta desaparici\u00f3n fue entregada a organizaciones de Defensor\u00eda y Derechos Humanos y ha sido buscado en comisar\u00edas y en juzgados de garant\u00eda. Se ha requerido informaci\u00f3n por distintos medios de comunicaci\u00f3n y por redes sociales. Pero los esfuerzos no han tenido resultados positivos por el momento.<\/p>\n<p>El 22 de octubre B. C. P., de 17 a\u00f1os y vecino del sector norponiente de Santiago, fue visto por \u00faltima vez. La \u00fanica informaci\u00f3n que manejan sus familiares es que iba de regreso a su casa, en Renca, y que estaba en un lugar donde se produjeron varias protestas con gran cantidad de carros de polic\u00edas. La familia lo ha buscado intensamente durante esta semana. Sin embargo, no tienen informaci\u00f3n sobre su paradero.<\/p>\n<p>El abogado de la Comisi\u00f3n Chilena de Derecho Humanos, Yuri V\u00e1squez, que inici\u00f3 estas acciones junto a otros letrados, explica que se amparan en el art\u00edculo 21 de la Constituci\u00f3n para proteger las garant\u00edas fundamentales de las personas, en especial, el derecho a la libertad individual y de seguridad personal. V\u00e1squez plantea: \u201cSi bien no estamos aduciendo que sean desapariciones forzadas en el mismo contexto de lo que ocurri\u00f3 en la dictadura, s\u00ed estamos en un estado de excepci\u00f3n constitucional donde el jefe de zona es un general del Ej\u00e9rcito y la libertad ambulatoria est\u00e1 en manos de efectivos policiales y militares\u201d.<\/p>\n<p>En la Comisi\u00f3n manejan otras denuncias por desaparici\u00f3n, pero en algunos casos no cuentan con mayores datos que el nombre y apellido de la persona desaparecida, ni las circunstancias en las que fue vista por \u00faltima vez, lo que dificulta la interposici\u00f3n de los recursos. Seg\u00fan el medio chileno, el jefe de Defensa Nacional, Javier Iturriaga, ha solicitado ampliar el plazo para informar sobre la situaci\u00f3n de estas personas, lo que para el abogado es \u201cun tanto absurdo\u201d porque, considerando la gravedad de los acontecimientos, en su opini\u00f3n, urge que se haga un recorrido por todas las comisar\u00edas y unidades policiales y militares para que dispongan de toda la informaci\u00f3n disponible y sea traspasada a los familiares cuanto antes.<\/p>\n<p>Vicente Bustos, presidente del CED, destac\u00f3 la labor de la Defensor\u00eda, de visibilizar lo que est\u00e1 ocurriendo en comisar\u00edas, hospitales y lugares detenci\u00f3n e inform\u00f3 que a la fecha, han recibido 505 denuncias, que se distribuyen en 350 disparos de proyectiles no bal\u00edsticos, 46 reportes de lesiones oculares; 51 reportes de lanzamientos de bombas lacrim\u00f3genas directamente al cuerpo, 35 casos de golpes con lesiones graves, 3 casos de desnudamientos, 3 atropellos por parte de veh\u00edculos policiales y 3 afectaciones a personas en situaci\u00f3n de calle, entre otros casos.<\/p>\n<p>Tom\u00e1s Ram\u00edrez, abogado y profesor de la Facultad de Derecho de la Universidad de Chile, se\u00f1al\u00f3 que las din\u00e1micas de represi\u00f3n policial y de trato a los observadores de Derechos Humanos se han mantenido y en algunos casos ha empeorado. \u201cA\u00fan se dificulta el acceso a la informaci\u00f3n de las personas detenidas y a la posibilidad de entrevistarse con ellas, para conocer las condiciones concretas de su detenci\u00f3n\u201d, dijo.<\/p>\n<p>Inform\u00f3 que se han encontrado con una gran cantidad de personas lesionadas, dado que Carabineros realiza disparos a la parte superior del cuerpo y cabeza de las personas.<\/p>\n<p>As\u00ed, Ram\u00edrez, miembro de la Defensor\u00eda Jur\u00eddica de nuestra universidad, se refiri\u00f3 primero a lo que ha sido el actuar policial y el trato para con los observadores de dichas instituciones.<\/p>\n<p>\u201cRespecto de los observadores, hemos podido notar que a\u00fan se dificulta el acceso a la informaci\u00f3n de las personas detenidas y a la posibilidad de entrevistarlos para conocer el estado en que se encuentran y las condiciones de su detenci\u00f3n. Las din\u00e1micas de la represi\u00f3n policial y militar se mantienen e incluso empeoran\u201d, precis\u00f3.<\/p>\n<p>Seg\u00fan Ram\u00edrez, en el caso de los disparos efectuados por miembros de Carabineros, estos se han producido apuntando directamente a la parte superior del cuerpo, lo que ha conllevado a una alza en el n\u00famero de v\u00edctimas que resultan muertos o con visi\u00f3n afectada.<\/p>\n","protected":false},"excerpt":{"rendered":"<p>Colectivos feministas consignaron que permanecen desaparecidas desde que comenzaron las protestas contra el gobierno de Sebasti\u00e1n Pi\u00f1era. Tambi\u00e9n fueron denunciados casos de violencia sexual y ataques lesbof\u00f3bicos &nbsp; &nbsp; Algunas se pusieron anteojos de sol, otras se tapan la cara con el cartel, todas gritan &#8220;d\u00f3nde est\u00e1n, vivas las queremos&#8221;. Mientras desembarca la misi\u00f3n de Naciones Unidas en Chile, que permanecer\u00e1 hasta el 22 de noviembre, la Coordinadora Ni Una Menos y Feministas Aut\u00f3nomas denunci\u00f3 la desaparici\u00f3n de 13 mujeres desde el viernes 18 de octubre, cuando empezaron las protestas&#8230;<\/p>\n","protected":false},"author":3,"featured_media":53284,"comment_status":"closed","ping_status":"closed","sticky":false,"template":"","format":"standard","meta":[],"categories":[4],"tags":[],"_links":{"self":[{"href":"https:\/\/www.actualidadadiario.com\/index.php\/wp-json\/wp\/v2\/posts\/53283"}],"collection":[{"href":"https:\/\/www.actualidadadiario.com\/index.php\/wp-json\/wp\/v2\/posts"}],"about":[{"href":"https:\/\/www.actualidadadiario.com\/index.php\/wp-json\/wp\/v2\/types\/post"}],"author":[{"embeddable":true,"href":"https:\/\/www.actualidadadiario.com\/index.php\/wp-json\/wp\/v2\/users\/3"}],"replies":[{"embeddable":true,"href":"https:\/\/www.actualidadadiario.com\/index.php\/wp-json\/wp\/v2\/comments?post=53283"}],"version-history":[{"count":1,"href":"https:\/\/www.actualidadadiario.com\/index.php\/wp-json\/wp\/v2\/posts\/53283\/revisions"}],"predecessor-version":[{"id":53285,"href":"https:\/\/www.actualidadadiario.com\/index.php\/wp-json\/wp\/v2\/posts\/53283\/revisions\/53285"}],"wp:featuredmedia":[{"embeddable":true,"href":"https:\/\/www.actualidadadiario.com\/index.php\/wp-json\/wp\/v2\/media\/53284"}],"wp:attachment":[{"href":"https:\/\/www.actualidadadiario.com\/index.php\/wp-json\/wp\/v2\/media?parent=53283"}],"wp:term":[{"taxonomy":"category","embeddable":true,"href":"https:\/\/www.actualidadadiario.com\/index.php\/wp-json\/wp\/v2\/categories?post=53283"},{"taxonomy":"post_tag","embeddable":true,"href":"https:\/\/www.actualidadadiario.com\/index.php\/wp-json\/wp\/v2\/tags?post=53283"}],"curies":[{"name":"wp","href":"https:\/\/api.w.org\/{rel}","templated":true}]}}