{"id":5328,"date":"2016-12-05T10:11:57","date_gmt":"2016-12-05T13:11:57","guid":{"rendered":"http:\/\/actualidadadiario.com\/site\/?p=5328"},"modified":"2016-12-05T10:11:57","modified_gmt":"2016-12-05T13:11:57","slug":"en-picada-las-ventas-minoristas-cayeron-85-por-ciento-en-noviembre","status":"publish","type":"post","link":"https:\/\/www.actualidadadiario.com\/index.php\/2016\/12\/05\/en-picada-las-ventas-minoristas-cayeron-85-por-ciento-en-noviembre\/","title":{"rendered":"En picada: las ventas minoristas cayeron 8,5 por ciento en noviembre"},"content":{"rendered":"<p><em><strong>Mientras el presidente dice que \u201cno se puede\u201d reactivar el consumo, la actividad comercial atraviesa una importante crisis, y por 11\u00b0 mes consecutivo se registraron ca\u00eddas en las ventas, seg\u00fan una encuesta de la CAME<\/strong><\/em><\/p>\n<p>&nbsp;<\/p>\n<p>&nbsp;<\/p>\n<p>&nbsp;<\/p>\n<p>&nbsp;<\/p>\n<p>&nbsp;<\/p>\n<p>&nbsp;<\/p>\n<p>De acuerdo con una encuesta relevada por la Confederaci\u00f3n Argentina de la Mediana Empresa (CAME), las ventas minoristas cayeron un 8,5 por ciento en noviembre, respecto al mismo mes del a\u00f1o pasado.<\/p>\n<p>&nbsp;<\/p>\n<p>De esta forma, por 11\u00b0 mes consecutivo las ventas se retraen y en lo que va del a\u00f1o ya se acumula una ca\u00edda promedio del 7,1 por ciento.<\/p>\n<p>&nbsp;<\/p>\n<p>Adem\u00e1s, de acuerdo con la CAME, la de noviembre es la peor ca\u00edda desde julio, y superior a las de agosto, septiembre y octubre.<\/p>\n<p>&nbsp;<\/p>\n<p>&#8220;Noviembre fue otro mes malo para el comercio; ni los descuentos, ni las posibilidades de financiamiento en cuotas sin inter\u00e9s, ni las ofertas atractivas del mercado, lograron despertar el consumo de las familias que sigui\u00f3 planchado y muy medido&#8221;, explica la c\u00e1mara a trav\u00e9s del informe.<\/p>\n<p>&nbsp;<\/p>\n<p>Los rubros que sufrieron las &#8220;ca\u00eddas anuales m\u00e1s pronunciadas&#8221; en el \u00faltimo mes fueron: &#8220;Electrodom\u00e9sticos y art\u00edculos electr\u00f3nicos&#8221; (-15,2%), &#8220;Ferreter\u00edas&#8221; (-14,1%), &#8220;Materiales para la construcci\u00f3n&#8221; (-11,9%), &#8216;&#8221;Textil e indumentaria&#8221; (-11,9%), &#8220;Bazar y regalos&#8221; (-11,4%), &#8220;Materiales el\u00e9ctricos&#8221; (-10,8%), y &#8220;Textil\u2013Blanco&#8221; (-10,7%).<\/p>\n","protected":false},"excerpt":{"rendered":"<p>Mientras el presidente dice que \u201cno se puede\u201d reactivar el consumo, la actividad comercial atraviesa una importante crisis, y por 11\u00b0 mes consecutivo se registraron ca\u00eddas en las ventas, seg\u00fan una encuesta de la CAME &nbsp; &nbsp; &nbsp; &nbsp; &nbsp; &nbsp; De acuerdo con una encuesta relevada por la Confederaci\u00f3n Argentina de la Mediana Empresa (CAME), las ventas minoristas cayeron un 8,5 por ciento en noviembre, respecto al mismo mes del a\u00f1o pasado. &nbsp; De esta forma, por 11\u00b0 mes consecutivo las ventas se retraen y en lo que va&#8230;<\/p>\n","protected":false},"author":3,"featured_media":5329,"comment_status":"closed","ping_status":"closed","sticky":false,"template":"","format":"standard","meta":[],"categories":[2],"tags":[],"_links":{"self":[{"href":"https:\/\/www.actualidadadiario.com\/index.php\/wp-json\/wp\/v2\/posts\/5328"}],"collection":[{"href":"https:\/\/www.actualidadadiario.com\/index.php\/wp-json\/wp\/v2\/posts"}],"about":[{"href":"https:\/\/www.actualidadadiario.com\/index.php\/wp-json\/wp\/v2\/types\/post"}],"author":[{"embeddable":true,"href":"https:\/\/www.actualidadadiario.com\/index.php\/wp-json\/wp\/v2\/users\/3"}],"replies":[{"embeddable":true,"href":"https:\/\/www.actualidadadiario.com\/index.php\/wp-json\/wp\/v2\/comments?post=5328"}],"version-history":[{"count":1,"href":"https:\/\/www.actualidadadiario.com\/index.php\/wp-json\/wp\/v2\/posts\/5328\/revisions"}],"predecessor-version":[{"id":5330,"href":"https:\/\/www.actualidadadiario.com\/index.php\/wp-json\/wp\/v2\/posts\/5328\/revisions\/5330"}],"wp:featuredmedia":[{"embeddable":true,"href":"https:\/\/www.actualidadadiario.com\/index.php\/wp-json\/wp\/v2\/media\/5329"}],"wp:attachment":[{"href":"https:\/\/www.actualidadadiario.com\/index.php\/wp-json\/wp\/v2\/media?parent=5328"}],"wp:term":[{"taxonomy":"category","embeddable":true,"href":"https:\/\/www.actualidadadiario.com\/index.php\/wp-json\/wp\/v2\/categories?post=5328"},{"taxonomy":"post_tag","embeddable":true,"href":"https:\/\/www.actualidadadiario.com\/index.php\/wp-json\/wp\/v2\/tags?post=5328"}],"curies":[{"name":"wp","href":"https:\/\/api.w.org\/{rel}","templated":true}]}}