{"id":53277,"date":"2019-10-30T10:57:48","date_gmt":"2019-10-30T13:57:48","guid":{"rendered":"https:\/\/www.actualidadadiario.com\/?p=53277"},"modified":"2019-10-30T10:57:48","modified_gmt":"2019-10-30T13:57:48","slug":"evo-morales-invito-a-mesa-a-que-se-sume-a-la-auditoria-de-la-oea","status":"publish","type":"post","link":"https:\/\/www.actualidadadiario.com\/index.php\/2019\/10\/30\/evo-morales-invito-a-mesa-a-que-se-sume-a-la-auditoria-de-la-oea\/","title":{"rendered":"Evo Morales invit\u00f3 a Mesa a que se sume a la auditor\u00eda de la OEA"},"content":{"rendered":"<p style=\"text-align: center;\"><em><strong>El pedido para que el candidato opositor acepte la auditor\u00eda se produjo despu\u00e9s que el presidente acusara que sus seguidores pretend\u00edan cercar este martes el despacho presidencial en el marco de las protestas iniciadas la semana pasada en gran parte del pa\u00eds para denunciar un fraude electoral<\/strong><\/em><\/p>\n<p>&nbsp;<\/p>\n<p>&nbsp;<\/p>\n<p>La ola de protestas contra la pol\u00e9mica reelecci\u00f3n de Evo Morales escala en Bolivia, donde el gobierno propuso este martes al candidato opositor Carlos Mesa sumarse a una auditor\u00eda internacional de la elecci\u00f3n presidencial para intentar detener la violencia callejera. Luego de una jornada que dej\u00f3 al menos 30 heridos, entre ellos algunos de bala, el vicepresidente \u00c1lvaro Garc\u00eda Linera propuso a Mesa, el &#8220;candidato perdedor, que se sume a la auditor\u00eda&#8221; de los comicios del 20 de octubre que estar\u00e1 en manos de la Organizaci\u00f3n de Estados Americanos (OEA).<\/p>\n<p>Mesa, un centrista que ya fue presidente entre 2003 y 2005, afirm\u00f3 poco despu\u00e9s que s\u00f3lo aceptar\u00e1 la auditor\u00eda &#8220;si (Morales) est\u00e1 dispuesto a no aceptar el resultado del Tribunal Supremo Electoral&#8221; mientras se realice la auditor\u00eda y si le reconocer\u00e1 un &#8220;car\u00e1cter vinculante&#8221;. La respuesta lleg\u00f3 poco despu\u00e9s a trav\u00e9s del ministro de Comunicaci\u00f3n, Manuel Canelas: &#8220;Nosotros nos sometemos a lo que concluya la auditor\u00eda&#8221;.<\/p>\n<p>Garc\u00eda Linera detall\u00f3 que la auditor\u00eda, que fue acordada la semana pasada por el gobierno y la OEA y que a\u00fan no tiene fecha, ser\u00e1 acompa\u00f1ada &#8220;por M\u00e9xico, Paraguay y Per\u00fa&#8221;.<\/p>\n<p>El pedido para que Mesa acepte la auditor\u00eda se produjo despu\u00e9s que Morales acusara que seguidores del exmandatario pretend\u00edan cercar este martes el despacho presidencial en el marco de las protestas iniciadas la semana pasada en gran parte del pa\u00eds para denunciar un fraude electoral.<\/p>\n<p>La oposici\u00f3n &#8220;ha decidido concentrarse y cercar la Casa Grande del Pueblo&#8221;, como llama Morales a la Casa de Gobierno, alert\u00f3 el mandatario la noche del lunes ante una multitudinaria concentraci\u00f3n de trabajadores y campesinos, que festejaron su triunfo electoral en El Alto, ciudad vecina de La Paz.<\/p>\n<p>Morales, de 60 a\u00f1os y en el poder desde 2006, asegura que las protestas forman parte de un plan de &#8220;golpe de Estado&#8221; en su contra que, seg\u00fan dijo el domingo, la oposici\u00f3n hab\u00eda decidido ejecutar como m\u00e1ximo este martes.<\/p>\n<p>Mesa, que pide la anulaci\u00f3n de las elecciones, rechaz\u00f3 esas acusaciones y desafi\u00f3 el lunes al gobierno en una masiva concentraci\u00f3n, especialmente de j\u00f3venes universitarios, en un barrio acomodado de La Paz: &#8220;Aqu\u00ed estoy, o voy a la c\u00e1rcel o voy a la presidencia&#8221;.<\/p>\n<p>El l\u00edder derechista del comit\u00e9 c\u00edvico de Santa Cruz, Luis Fernando Camacho, aliado de Mesa, llam\u00f3 tambi\u00e9n a continuar una huelga, con cortes viales y manifestaciones callejeras, que se inici\u00f3 el mi\u00e9rcoles pasado.<\/p>\n<p>&nbsp;<\/p>\n<p><strong>&#8220;Cercar&#8221; La Paz <\/strong><\/p>\n<p>Los opositores cuestionan el escrutinio de los comicios del 20 de octubre, que inicialmente anticipaba un balotaje, pero que tras un silencio de 20 horas en el conteo r\u00e1pido de votos anunci\u00f3 unos resultados que presagiaban una victoria de Morales en primera vuelta, lo que gener\u00f3 sospechas y suspicacias. La autoridad electoral termin\u00f3 confirmando el triunfo del presidente d\u00edas despu\u00e9s. En La Paz, manifestantes opositores bloquearon calles y chocaron con agrupaciones de mineros y campesinos oficialistas provenientes de zonas andinas llegados para cercar la ciudad, sede de los poderes Ejecutivo y Legislativo, y cortar el suministro de alimentos y la provisi\u00f3n de agua potable.<\/p>\n<p>&#8220;Estamos haciendo un llamado para que nuestras bases vengan y (&#8230;) aumentemos este cerco. Nosotros no vamos a aceptar que haya un golpe de Estado. Vamos a defender la democracia, el respeto al voto ind\u00edgena, campesino, intercultural, contra el racismo&#8221;, sostuvo Henry Nina, l\u00edder sindical oficialista.<\/p>\n<p>Los aliados de Morales dieron un plazo de 24 horas a los opositores para abandonar la protesta. Los cortes de calles m\u00e1s dr\u00e1sticos son en la zona sur de La Paz, donde habita la clase media y alta, mayoritariamente contraria a Morales. Ah\u00ed tambi\u00e9n se exacerb\u00f3 la pugna racial, en un pa\u00eds donde las familias m\u00e1s pobres son ind\u00edgenas.<\/p>\n<p>&#8220;Las clases pudientes est\u00e1n enarbolando sus verdaderas luchas&#8221;, afirm\u00f3 Manuel Morales, de la influyente plataforma Conade, que agrupa a personalidades como el rector de la universidad estatal, Waldo Albarrac\u00edn, o el exdefensor del Pueblo Waldo Villena, y organizaciones pol\u00edticas de oposici\u00f3n, principalmente centristas.<\/p>\n<p>&#8220;A la larga, lo que se va a imponer es este movimiento nacional de defensa de la democracia&#8221;, se\u00f1al\u00f3 el l\u00edder del Conade.<\/p>\n<p>De su lado, el ministro de Interior, Carlos Romero, dijo que los llamados de Mesa &#8220;para tomar las instituciones p\u00fablicas, para desalojar al gobierno&#8221; constituyen una &#8220;convocatoria al golpe de Estado&#8221;. &#8220;Antes los golpes de Estado eran con militares, (ahora son) institucionales&#8221;, asegur\u00f3. La misi\u00f3n de observadores de la OEA, la ONU y la Uni\u00f3n Europea hab\u00edan manifestado su apoyo a la realizaci\u00f3n de un balotaje para zanjar las diferencias.<\/p>\n","protected":false},"excerpt":{"rendered":"<p>El pedido para que el candidato opositor acepte la auditor\u00eda se produjo despu\u00e9s que el presidente acusara que sus seguidores pretend\u00edan cercar este martes el despacho presidencial en el marco de las protestas iniciadas la semana pasada en gran parte del pa\u00eds para denunciar un fraude electoral &nbsp; &nbsp; La ola de protestas contra la pol\u00e9mica reelecci\u00f3n de Evo Morales escala en Bolivia, donde el gobierno propuso este martes al candidato opositor Carlos Mesa sumarse a una auditor\u00eda internacional de la elecci\u00f3n presidencial para intentar detener la violencia callejera. Luego&#8230;<\/p>\n","protected":false},"author":3,"featured_media":53278,"comment_status":"closed","ping_status":"closed","sticky":false,"template":"","format":"standard","meta":[],"categories":[4],"tags":[],"_links":{"self":[{"href":"https:\/\/www.actualidadadiario.com\/index.php\/wp-json\/wp\/v2\/posts\/53277"}],"collection":[{"href":"https:\/\/www.actualidadadiario.com\/index.php\/wp-json\/wp\/v2\/posts"}],"about":[{"href":"https:\/\/www.actualidadadiario.com\/index.php\/wp-json\/wp\/v2\/types\/post"}],"author":[{"embeddable":true,"href":"https:\/\/www.actualidadadiario.com\/index.php\/wp-json\/wp\/v2\/users\/3"}],"replies":[{"embeddable":true,"href":"https:\/\/www.actualidadadiario.com\/index.php\/wp-json\/wp\/v2\/comments?post=53277"}],"version-history":[{"count":1,"href":"https:\/\/www.actualidadadiario.com\/index.php\/wp-json\/wp\/v2\/posts\/53277\/revisions"}],"predecessor-version":[{"id":53279,"href":"https:\/\/www.actualidadadiario.com\/index.php\/wp-json\/wp\/v2\/posts\/53277\/revisions\/53279"}],"wp:featuredmedia":[{"embeddable":true,"href":"https:\/\/www.actualidadadiario.com\/index.php\/wp-json\/wp\/v2\/media\/53278"}],"wp:attachment":[{"href":"https:\/\/www.actualidadadiario.com\/index.php\/wp-json\/wp\/v2\/media?parent=53277"}],"wp:term":[{"taxonomy":"category","embeddable":true,"href":"https:\/\/www.actualidadadiario.com\/index.php\/wp-json\/wp\/v2\/categories?post=53277"},{"taxonomy":"post_tag","embeddable":true,"href":"https:\/\/www.actualidadadiario.com\/index.php\/wp-json\/wp\/v2\/tags?post=53277"}],"curies":[{"name":"wp","href":"https:\/\/api.w.org\/{rel}","templated":true}]}}