{"id":53275,"date":"2019-10-30T10:56:57","date_gmt":"2019-10-30T13:56:57","guid":{"rendered":"https:\/\/www.actualidadadiario.com\/?p=53275"},"modified":"2019-10-30T10:56:57","modified_gmt":"2019-10-30T13:56:57","slug":"francisco-se-prepara-para-su-proximo-destino-japon","status":"publish","type":"post","link":"https:\/\/www.actualidadadiario.com\/index.php\/2019\/10\/30\/francisco-se-prepara-para-su-proximo-destino-japon\/","title":{"rendered":"Francisco se prepara para su pr\u00f3ximo destino, Jap\u00f3n"},"content":{"rendered":"<p style=\"text-align: center;\"><em><strong>El secretario de Estado vaticano, el cardenal Pietro Parolin, asegur\u00f3 que se est\u00e1 preparando con mucho cuidado el viaje del papa Francisco a Tailandia y Jap\u00f3n, donde uno de los temas centrales ser\u00e1 la cuesti\u00f3n del desarme, en referencia a las principales localidades que visitar\u00e1, Hiroshima y Nagasaki. As\u00ed, se suman otros nuevos destinos a la m\u00faltiple agenda de viajes del eclesi\u00e1stico<\/strong><\/em><\/p>\n<p>&nbsp;<\/p>\n<p>&nbsp;<\/p>\n<p>\u201cEs un grave peligro -el tema del desarme- porque la tendencia es a rearmarse y aumentar los arsenales, sin tener en cuenta que esto no produce mayor seguridad sino que sustrae recursos a un desarrollo sostenible de todos los hombres y mujeres\u201d, asegur\u00f3 Parolin sin dar m\u00e1s datos sobre el recorrido que har\u00e1 el Sumo Pont\u00edfice.<\/p>\n<p>&nbsp;<\/p>\n<p><strong>La esperanza<\/strong><\/p>\n<p>Por otro lado, en la homil\u00eda de la misa de Santa Marta, Francisco remarc\u00f3 que \u201cla esperanza es este vivir en tensi\u00f3n, siempre, saber que no podemos hacer el nido aqu\u00ed, la vida del cristiano es \u2018en tensi\u00f3n hacia\u2019, si un cristiano pierde esta perspectiva su vida se vuelve est\u00e1tica y las cosas que no se mueven, se corrompen\u201d.<\/p>\n<p>\u201cPensemos en el agua, cuando est\u00e1 estancada, no corre, no se mueve, se corrompe. A un cristino que no puede tender hacia, estar en tensi\u00f3n hacia la otra orilla, le falta algo, para \u00e9l la vida cristiana ser\u00e1 una doctrina filos\u00f3fica, \u00e9l dir\u00e1 que es fe pero sin esperanza no lo es\u201d, agreg\u00f3 el Pont\u00edfice. \u201cSi queremos ser hombres y mujeres de esperanza, debemos ser pobres, pobres, no apegados a nada\u201d, a\u00f1adi\u00f3.<\/p>\n<p>En tanto, continu\u00f3: \u201cPobres y abiertos hacia la otra orilla. La esperanza es humilde, es una virtud que se trabaja todos los d\u00edas. No es f\u00e1cil vivir en esperanza, pero yo dir\u00eda que deber\u00eda ser el aire que respira un cristiano, aire de esperanza: en caso contrario no podr\u00e1 caminar, no podr\u00e1 seguir adelante porque no sabr\u00e1 d\u00f3nde ir\u201d.<\/p>\n<p>&nbsp;<\/p>\n<p><strong>Preocupaci\u00f3n por Chile<\/strong><\/p>\n<p>La crisis que atraviesa el pa\u00eds andino cruz\u00f3 el continente y lleg\u00f3 a los o\u00eddos del papa Francisco, quien expres\u00f3 su preocupaci\u00f3n al respecto e inst\u00f3 a las partes a llegar a un di\u00e1logo que termine con el conflicto social, el cual ha dejado 18 muertos. A pesar del intento del presidente Sebasti\u00e1n Pi\u00f1era de calmar la tensi\u00f3n con el anuncio de una serie de medidas, la situaci\u00f3n se mantiene tensa.<\/p>\n<p>\u201cEspero que, una vez se ponga fin a las manifestaciones violentas, se realicen esfuerzos a trav\u00e9s del di\u00e1logo para encontrar soluciones a la crisis y hacer frente a las dificultades que la han generado, por el bien de toda la poblaci\u00f3n\u201d, dijo el Sumo Pont\u00edfice este mi\u00e9rcoles en su audiencia general celebrada en la plaza de San Pedro. \u201cEstoy preocupado por lo que est\u00e1 sucediendo en Chile\u201d, agreg\u00f3.<\/p>\n<p>Francisco visit\u00f3 al pa\u00eds andino en enero de 2018, donde no fue bien recibido, enfrentando cr\u00edticas y protestas. Chile afronta una crisis social por el aumento del boleto de Metro de 800 a 823 pesos, medida que ya fue suspendida por Pi\u00f1era hace unos d\u00edas. Sin embargo, las protestas se han incrementado y los chilenos consideran como \u201cinsuficientes\u201d lo dispuesto por el jefe de Estado, como el aumento al salario m\u00ednimo.<\/p>\n","protected":false},"excerpt":{"rendered":"<p>El secretario de Estado vaticano, el cardenal Pietro Parolin, asegur\u00f3 que se est\u00e1 preparando con mucho cuidado el viaje del papa Francisco a Tailandia y Jap\u00f3n, donde uno de los temas centrales ser\u00e1 la cuesti\u00f3n del desarme, en referencia a las principales localidades que visitar\u00e1, Hiroshima y Nagasaki. As\u00ed, se suman otros nuevos destinos a la m\u00faltiple agenda de viajes del eclesi\u00e1stico &nbsp; &nbsp; \u201cEs un grave peligro -el tema del desarme- porque la tendencia es a rearmarse y aumentar los arsenales, sin tener en cuenta que esto no produce&#8230;<\/p>\n","protected":false},"author":3,"featured_media":36372,"comment_status":"closed","ping_status":"closed","sticky":false,"template":"","format":"standard","meta":[],"categories":[4],"tags":[],"_links":{"self":[{"href":"https:\/\/www.actualidadadiario.com\/index.php\/wp-json\/wp\/v2\/posts\/53275"}],"collection":[{"href":"https:\/\/www.actualidadadiario.com\/index.php\/wp-json\/wp\/v2\/posts"}],"about":[{"href":"https:\/\/www.actualidadadiario.com\/index.php\/wp-json\/wp\/v2\/types\/post"}],"author":[{"embeddable":true,"href":"https:\/\/www.actualidadadiario.com\/index.php\/wp-json\/wp\/v2\/users\/3"}],"replies":[{"embeddable":true,"href":"https:\/\/www.actualidadadiario.com\/index.php\/wp-json\/wp\/v2\/comments?post=53275"}],"version-history":[{"count":1,"href":"https:\/\/www.actualidadadiario.com\/index.php\/wp-json\/wp\/v2\/posts\/53275\/revisions"}],"predecessor-version":[{"id":53276,"href":"https:\/\/www.actualidadadiario.com\/index.php\/wp-json\/wp\/v2\/posts\/53275\/revisions\/53276"}],"wp:featuredmedia":[{"embeddable":true,"href":"https:\/\/www.actualidadadiario.com\/index.php\/wp-json\/wp\/v2\/media\/36372"}],"wp:attachment":[{"href":"https:\/\/www.actualidadadiario.com\/index.php\/wp-json\/wp\/v2\/media?parent=53275"}],"wp:term":[{"taxonomy":"category","embeddable":true,"href":"https:\/\/www.actualidadadiario.com\/index.php\/wp-json\/wp\/v2\/categories?post=53275"},{"taxonomy":"post_tag","embeddable":true,"href":"https:\/\/www.actualidadadiario.com\/index.php\/wp-json\/wp\/v2\/tags?post=53275"}],"curies":[{"name":"wp","href":"https:\/\/api.w.org\/{rel}","templated":true}]}}