{"id":53270,"date":"2019-10-30T10:55:12","date_gmt":"2019-10-30T13:55:12","guid":{"rendered":"https:\/\/www.actualidadadiario.com\/?p=53270"},"modified":"2019-10-30T10:55:12","modified_gmt":"2019-10-30T13:55:12","slug":"alberto-fernandez-en-busca-de-rearmar-la-integracion-regional","status":"publish","type":"post","link":"https:\/\/www.actualidadadiario.com\/index.php\/2019\/10\/30\/alberto-fernandez-en-busca-de-rearmar-la-integracion-regional\/","title":{"rendered":"Alberto Fern\u00e1ndez en busca de rearmar la integraci\u00f3n regional"},"content":{"rendered":"<p style=\"text-align: center;\"><em><strong>En su primer viaje como presidente electo, Fern\u00e1ndez mostrar\u00e1 su intenci\u00f3n de apuntalar un armado progresista como en los tiempos de la Unasur. El Grupo de Puebla vuelve a reunirse en un momento de turbulencia regional<\/strong><\/em><\/p>\n<p>&nbsp;<\/p>\n<p>&nbsp;<\/p>\n<p>La semana que viene Alberto Fern\u00e1ndez mostrar\u00e1 sus primeras cartas como presidente electo en materia internacional. Primero, el lunes, cuando se encuentre en el DF con el presidente de M\u00e9xico, Andr\u00e9s Manuel L\u00f3pez Obrador, y la segunda oportunidad ser\u00e1 a partir del viernes, cuando arrancar\u00e1 el segundo encuentro del Grupo de Puebla, un agrupamiento de l\u00edderes progresistas que se reunir\u00e1 en Buenos Aires. En un momento de convulsi\u00f3n regional y de crisis de los modelos neoliberales, el presidente electo dar\u00e1 los pasos iniciales en su idea de recuperar aquella idea de integraci\u00f3n que hace no mucho sirvi\u00f3 para crear organismos como la Unasur y la Celac, hoy abandonados.<\/p>\n<p>Cuenta la leyenda que L\u00f3pez Obrador no tiene pasaporte. Sus viajes al exterior en los \u00faltimos a\u00f1os se cuentan con los dedos de una mano. Recientemente, por ejemplo, no asisti\u00f3 ni a la asamblea de las Naciones Unidas ni a la cumbre del G20. Pero eso no quiere decir que no tenga posturas n\u00edtidas en materia de pol\u00edtica exterior. Quienes lo conocen aseguran que esas posiciones son muy similares a las que sostiene Alberto Fern\u00e1ndez. Por eso ambos desean encontrarse. Se iban a reunir durante la campa\u00f1a, pero L\u00f3pez Obrador prefiri\u00f3 retrasarlo para cuando Fern\u00e1ndez fuera presidente electo para cuidar las formas diplom\u00e1ticas.<\/p>\n<p>En principio, Alberto Fern\u00e1ndez viajar\u00e1 el viernes junto a quien todo indica que ser\u00e1 su canciller, Felipe Sol\u00e1, para ser recibidos por L\u00f3pez Obrador el lunes en el Palacio Nacional. Ser\u00e1 el primer viaje al exterior del presidente electo, con lo que enviar\u00e1 se\u00f1ales en diferentes direcciones. Una, obvia, a Brasil. Tradicional primer destino de los presidentes argentinos -y viceversa-, Fern\u00e1ndez lo pas\u00f3 por alto porque la relaci\u00f3n con Jair Bolsonaro va de mal en peor. El brasile\u00f1o fue de los pocos presidentes que no lo felicit\u00f3 por el triunfo, furioso por su militancia a favor de la libertad de Lula. Ayer le dedic\u00f3 un nuevo mensaje (ver recuadro). M\u00e9xico y Brasil, por otro lado, son los pa\u00edses que se tradicionalmente se disputan el liderazgo en Latinoam\u00e9rica. Tambi\u00e9n ser\u00e1 una se\u00f1al para Estados Unidos: Alberto Fern\u00e1ndez mostrar\u00e1 su intenci\u00f3n de volver a fortalecer la integraci\u00f3n regional y no apostar a los v\u00ednculos bilaterales, como es del gusto de Washington.<\/p>\n<p>Como le pasa a Alberto Fern\u00e1ndez, a L\u00f3pez Obrador le disgusta la postura del Grupo de Lima sobre Venezuela. De hecho, M\u00e9xico dej\u00f3 de asistir a los encuentros de ese grupo desde enero pasado. AMLO, como se lo conoce en su pa\u00eds, defiende a rajatabla el principio de no injerencia en los asuntos internos de otros pa\u00edses y plantea el di\u00e1logo como la salida al entuerto venezolano. El presidente electo de Argentina coincide plenamente con esa idea. Ambos se niegan a calificar al gobierno de Nicol\u00e1s Maduro como una dictadura, como presiona el Departamento de Estado.<\/p>\n<p>A la vuelta de su viaje, en Buenos Aires, se realizar\u00e1 el segundo encuentro del Grupo de Puebla. El primer cap\u00edtulo en julio pasado, justamente en la ciudad mexicana de la que tom\u00f3 el nombre. En aquella ocasi\u00f3n estuvieron Sol\u00e1, Jorge Taiana y Carlos Tomada como representantes del peronismo. Ya hay confirmados unos 25 participantes para el evento que se realizar\u00e1 el 8, 9 y 10 de noviembre en el Hotel Emperador. Entre quienes viajar\u00e1n habr\u00e1 ex presidentes como Dilma Rousseff, Fernando Lugo, Ernesto Samper y Leonel Fern\u00e1ndez, y se espera que tambi\u00e9n pueda hacerlo el vicepresidente boliviano \u00c1lvaro Garc\u00eda Linera. Los integrantes del Grupo de Puebla mantienen un activo chat de WhatsApp en el que discuten todos los temas de pol\u00edtica regional y les permite sacar comunicados sobre los temas de actualidad. As\u00ed, fueron de los primeros en salir a reconocer el triunfo electoral de Evo Morales.<\/p>\n<p>Desde el Grupo desmienten a quienes desde la derecha regional los acusan de buscar desestabilizar gobiernos promoviendo movilizaciones como las que ocurrieron en Ecuador y Chile. &#8220;No hay nada conspirativo ni nada oculto en el armado del Grupo de Puebla. Nuestro objetivo es ayudar a la unidad del progresismo en la regi\u00f3n&#8221;, explic\u00f3 el ex senador chileno Marco Enriquez-Ominami, quien viene trabajando en la organizaci\u00f3n del encuentro y ayuda a Alberto Fern\u00e1ndez en el armado de su agenda exterior.<\/p>\n","protected":false},"excerpt":{"rendered":"<p>En su primer viaje como presidente electo, Fern\u00e1ndez mostrar\u00e1 su intenci\u00f3n de apuntalar un armado progresista como en los tiempos de la Unasur. El Grupo de Puebla vuelve a reunirse en un momento de turbulencia regional &nbsp; &nbsp; La semana que viene Alberto Fern\u00e1ndez mostrar\u00e1 sus primeras cartas como presidente electo en materia internacional. Primero, el lunes, cuando se encuentre en el DF con el presidente de M\u00e9xico, Andr\u00e9s Manuel L\u00f3pez Obrador, y la segunda oportunidad ser\u00e1 a partir del viernes, cuando arrancar\u00e1 el segundo encuentro del Grupo de Puebla,&#8230;<\/p>\n","protected":false},"author":3,"featured_media":50818,"comment_status":"closed","ping_status":"closed","sticky":false,"template":"","format":"standard","meta":[],"categories":[18],"tags":[],"_links":{"self":[{"href":"https:\/\/www.actualidadadiario.com\/index.php\/wp-json\/wp\/v2\/posts\/53270"}],"collection":[{"href":"https:\/\/www.actualidadadiario.com\/index.php\/wp-json\/wp\/v2\/posts"}],"about":[{"href":"https:\/\/www.actualidadadiario.com\/index.php\/wp-json\/wp\/v2\/types\/post"}],"author":[{"embeddable":true,"href":"https:\/\/www.actualidadadiario.com\/index.php\/wp-json\/wp\/v2\/users\/3"}],"replies":[{"embeddable":true,"href":"https:\/\/www.actualidadadiario.com\/index.php\/wp-json\/wp\/v2\/comments?post=53270"}],"version-history":[{"count":1,"href":"https:\/\/www.actualidadadiario.com\/index.php\/wp-json\/wp\/v2\/posts\/53270\/revisions"}],"predecessor-version":[{"id":53271,"href":"https:\/\/www.actualidadadiario.com\/index.php\/wp-json\/wp\/v2\/posts\/53270\/revisions\/53271"}],"wp:featuredmedia":[{"embeddable":true,"href":"https:\/\/www.actualidadadiario.com\/index.php\/wp-json\/wp\/v2\/media\/50818"}],"wp:attachment":[{"href":"https:\/\/www.actualidadadiario.com\/index.php\/wp-json\/wp\/v2\/media?parent=53270"}],"wp:term":[{"taxonomy":"category","embeddable":true,"href":"https:\/\/www.actualidadadiario.com\/index.php\/wp-json\/wp\/v2\/categories?post=53270"},{"taxonomy":"post_tag","embeddable":true,"href":"https:\/\/www.actualidadadiario.com\/index.php\/wp-json\/wp\/v2\/tags?post=53270"}],"curies":[{"name":"wp","href":"https:\/\/api.w.org\/{rel}","templated":true}]}}