{"id":5325,"date":"2016-12-05T10:11:07","date_gmt":"2016-12-05T13:11:07","guid":{"rendered":"http:\/\/actualidadadiario.com\/site\/?p=5325"},"modified":"2016-12-05T10:11:07","modified_gmt":"2016-12-05T13:11:07","slug":"para-michetti-seria-casi-inconstitucional-que-familiares-de-funcionarios-no-puedan-ingresar-al-blanqueo","status":"publish","type":"post","link":"https:\/\/www.actualidadadiario.com\/index.php\/2016\/12\/05\/para-michetti-seria-casi-inconstitucional-que-familiares-de-funcionarios-no-puedan-ingresar-al-blanqueo\/","title":{"rendered":"Para Michetti, ser\u00eda &#8220;casi inconstitucional&#8221; que familiares de funcionarios no puedan ingresar al blanqueo"},"content":{"rendered":"<p><em><strong>La vicepresidente Gabriela Michetti defendi\u00f3 este domingo el blanqueo de capitales para familiares de funcionarios p\u00fablicos y admiti\u00f3 que el Gobierno necesita que arranque pronto &#8220;la reactivaci\u00f3n econ\u00f3mica con consumo&#8221;<\/strong><\/em><\/p>\n<p>&nbsp;<\/p>\n<p>&nbsp;<\/p>\n<p>&nbsp;<\/p>\n<p>&nbsp;<\/p>\n<p>&nbsp;<\/p>\n<p>&nbsp;<\/p>\n<p>&nbsp;<\/p>\n<p>En declaraciones a Radio La Red, explic\u00f3 que los familiares de funcionarios p\u00fablicos que quieran adherirse al blanqueo de capitales propuesto por el Gobierno deber\u00e1n cumplir con muchos requisitos, entre ellos &#8220;que los bienes sean adquiridos antes de entrar a la funci\u00f3n p\u00fablica&#8221;.<\/p>\n<p>&nbsp;<\/p>\n<p>&#8220;Si el esp\u00edritu de la ley es que no puedas blanquear lo que adquiriste siendo funcionario, ser\u00eda casi inconstitucional que le niegues a un familiar la posibilidad de blanquearse: en ese sentido no est\u00e1 mal, me parece que es justo&#8221;, se\u00f1al\u00f3 Michetti.<\/p>\n<p>&nbsp;<\/p>\n<p>&#8220;No es que se le va a permitir al familiar blanquear todo. Lo que se le va a permitir es que no se le afecten bienes adquiridos antes porque no entrar\u00eda la cuesti\u00f3n de tu uso del privilegio de ser funcionario p\u00fablico&#8221;, subray\u00f3.<\/p>\n<p>&nbsp;<\/p>\n<p>&#8220;No voy a decir lo que a m\u00ed me parece, estoy en este Gobierno y defiendo sus pol\u00edticas&#8221;, coment\u00f3 sin embargo.<\/p>\n<p>&nbsp;<\/p>\n<p>La oposici\u00f3n rechaz\u00f3 el decreto del presidente Mauricio Macri que autoriza el ingreso de familiares de funcionarios al blanqueo de capitales, una medida que fue objetada por algunos sectores del oficialismo.<\/p>\n<p>&nbsp;<\/p>\n<p>Por otra parte, la vicepresidenta admiti\u00f3 que &#8220;la salida de la crisis (econ\u00f3mica) viene un poquito atrasada&#8221;, hecho que atribuy\u00f3 a m\u00faltiples factores, pero puso de relieve que el gobierno hizo lo necesario para &#8220;poner los cimientos&#8221; para recibir inversiones y generar empleos, con medidas como abrir mercados e invertir en infraestructura.<\/p>\n<p>&nbsp;<\/p>\n<p>&#8220;Ten\u00edamos una expectativa de hacer las cosas m\u00e1s r\u00e1pido&#8221;, dijo.<\/p>\n<p>&nbsp;<\/p>\n<p>En este sentido, se\u00f1al\u00f3 que el Ministerio de Producci\u00f3n maneja inversiones &#8220;por cerca de 28 mil millones de d\u00f3lares, que estar\u00e1n operativos el a\u00f1o pr\u00f3ximo&#8221;, a lo que se suman 10 mil millones de inversiones ya anunciadas.<\/p>\n","protected":false},"excerpt":{"rendered":"<p>La vicepresidente Gabriela Michetti defendi\u00f3 este domingo el blanqueo de capitales para familiares de funcionarios p\u00fablicos y admiti\u00f3 que el Gobierno necesita que arranque pronto &#8220;la reactivaci\u00f3n econ\u00f3mica con consumo&#8221; &nbsp; &nbsp; &nbsp; &nbsp; &nbsp; &nbsp; &nbsp; En declaraciones a Radio La Red, explic\u00f3 que los familiares de funcionarios p\u00fablicos que quieran adherirse al blanqueo de capitales propuesto por el Gobierno deber\u00e1n cumplir con muchos requisitos, entre ellos &#8220;que los bienes sean adquiridos antes de entrar a la funci\u00f3n p\u00fablica&#8221;. &nbsp; &#8220;Si el esp\u00edritu de la ley es que no&#8230;<\/p>\n","protected":false},"author":3,"featured_media":5326,"comment_status":"closed","ping_status":"closed","sticky":false,"template":"","format":"standard","meta":[],"categories":[9],"tags":[],"_links":{"self":[{"href":"https:\/\/www.actualidadadiario.com\/index.php\/wp-json\/wp\/v2\/posts\/5325"}],"collection":[{"href":"https:\/\/www.actualidadadiario.com\/index.php\/wp-json\/wp\/v2\/posts"}],"about":[{"href":"https:\/\/www.actualidadadiario.com\/index.php\/wp-json\/wp\/v2\/types\/post"}],"author":[{"embeddable":true,"href":"https:\/\/www.actualidadadiario.com\/index.php\/wp-json\/wp\/v2\/users\/3"}],"replies":[{"embeddable":true,"href":"https:\/\/www.actualidadadiario.com\/index.php\/wp-json\/wp\/v2\/comments?post=5325"}],"version-history":[{"count":1,"href":"https:\/\/www.actualidadadiario.com\/index.php\/wp-json\/wp\/v2\/posts\/5325\/revisions"}],"predecessor-version":[{"id":5327,"href":"https:\/\/www.actualidadadiario.com\/index.php\/wp-json\/wp\/v2\/posts\/5325\/revisions\/5327"}],"wp:featuredmedia":[{"embeddable":true,"href":"https:\/\/www.actualidadadiario.com\/index.php\/wp-json\/wp\/v2\/media\/5326"}],"wp:attachment":[{"href":"https:\/\/www.actualidadadiario.com\/index.php\/wp-json\/wp\/v2\/media?parent=5325"}],"wp:term":[{"taxonomy":"category","embeddable":true,"href":"https:\/\/www.actualidadadiario.com\/index.php\/wp-json\/wp\/v2\/categories?post=5325"},{"taxonomy":"post_tag","embeddable":true,"href":"https:\/\/www.actualidadadiario.com\/index.php\/wp-json\/wp\/v2\/tags?post=5325"}],"curies":[{"name":"wp","href":"https:\/\/api.w.org\/{rel}","templated":true}]}}