{"id":53215,"date":"2019-10-30T10:37:20","date_gmt":"2019-10-30T13:37:20","guid":{"rendered":"https:\/\/www.actualidadadiario.com\/?p=53215"},"modified":"2019-10-30T10:37:20","modified_gmt":"2019-10-30T13:37:20","slug":"quienes-representaran-a-entre-rios-en-la-camara-baja-de-la-nacion-desde-diciembre","status":"publish","type":"post","link":"https:\/\/www.actualidadadiario.com\/index.php\/2019\/10\/30\/quienes-representaran-a-entre-rios-en-la-camara-baja-de-la-nacion-desde-diciembre\/","title":{"rendered":"Qui\u00e9nes representar\u00e1n a Entre R\u00edos en la C\u00e1mara Baja de la Naci\u00f3n, desde diciembre"},"content":{"rendered":"<p style=\"text-align: center;\"><em><strong>Son 9 los entrerrianos que ocupan una banca en la C\u00e1mara de Diputados de la Naci\u00f3n. 5 de ellos asumieron en 2017 por lo que, tras el recambio de diciembre pr\u00f3ximo, continuar\u00e1n otros 2 a\u00f1os en sus roles. Lo interesante es la renovaci\u00f3n que viene en las 4 bancas restantes<\/strong><\/em><\/p>\n<p>&nbsp;<\/p>\n<p>&nbsp;<\/p>\n<p>Los peronistas Julio Solanas y Juan Manuel Huss (del bloque del \u201cFrente para la Victoria) y los opositores Yanina Gayol (PRO) y Marcelo Monfort (UCR) terminan su mandato. En su lugar llegar\u00e1n a Diputados otros 2 representantes de cada fuerza: Marcelo Casaretto y Blanca Osuna, por el Frente de Todos; y Gustavo Hein y Gabriela Lena, por Juntos por el Cambio.<\/p>\n<p>As\u00ed las cosas desde el \u00faltimo mes del a\u00f1o la representaci\u00f3n entrerriana en la C\u00e1mara Baja, seg\u00fan el escrutinio provisorio (con el 98,60% de los votos Juntos por el Cambio y el Frente de Todos se reparten 2 bancas por lado), quedar\u00e1 con mayor\u00eda simple para los \u201camarillos\u201d identificados con el presidente saliente, Mauricio Macri.<\/p>\n<p>Ser\u00e1n 5 legisladores que representan a la oposici\u00f3n en Entre R\u00edos (Benedetti, Fregonese, Lacoste, Hein y Lena) y 4 los que est\u00e1n en la filas del peronismo que comanda Gustavo Bordet (Bahillo, Cresto, Casaretto y Osuna). La diferencia, con la renovaci\u00f3n hecha tras la elecci\u00f3n de medio t\u00e9rmino en 2017, es que ahora ambas fuerzas surgen de la coalici\u00f3n de diversas l\u00edneas internas.<\/p>\n<p>&nbsp;<\/p>\n<p><strong>Dos bloques y, al menos, 4 fuerzas<\/strong><\/p>\n<p>Dicho de otro modo, en el bloque entrerriano del \u201cFrente de Todos\u201d podr\u00e1 identificarse una pertenencia clara al kirchnerismo en la figura de Blanca Osuna (fue intendente de Paran\u00e1) y, con algunos matices, lo mismo puede decirse de Juan Jos\u00e9 Bahillo (que fue intendente de Gualeguaych\u00fa y luego interrumpi\u00f3 su rol como diputado provincial para irse al Congreso). En cambio, Marcelo Casaretto y Mayda Cresto pueden ubicarse dentro de un peronismo m\u00e1s pragm\u00e1tico y menos dispuesto a los extremos.<\/p>\n<p>\u00bfQu\u00e9 pasa en la otrora coalici\u00f3n llamada \u201cCambiemos\u201d? Tambi\u00e9n hay distintas fuerzas que convergen en un mismo lugar. Por un lado est\u00e1n los radicales Jorge Lacoste (que en 2107 dej\u00f3 su lugar como intendente de Sauce de Luna), Atilio Benedetti (fue candidato a gobernador este a\u00f1o, en su segundo intento por conducir la provincia) y la chajariense Gabriela Lena (es diputada provincial hasta diciembre); y del otro est\u00e1n Gustavo Hein y Alicia Fregonesa de Marcuard, que est\u00e1n en las filas del PRO.<\/p>\n<p>&nbsp;<\/p>\n<p><strong>Territorios<\/strong><\/p>\n<p>M\u00e1s all\u00e1 de que representar\u00e1n a los intereses de toda la Provincia en el Congreso de la Naci\u00f3n, es v\u00e1lido repasar qu\u00e9 territorios quedan directamente representados por los legisladores nacionales. Cuanto menos curioso es que, en el caso de Juntos por el Cambios, ninguno de los 5 diputados proceden de una ciudad cabecera de Departamento.<\/p>\n<p>Benedetti es de Villa Larroque (6400 habitantes seg\u00fan \u00faltimo Censo Nacional), un municipio ubicado en el Departamento Gualeguaych\u00fa. Alicia Fregonese no es entrerriana de nacimiento, aunque radicada en Gobernador Maci\u00e1 desde hace al menos 3 d\u00e9cadas. O sea, de una localidad de poco m\u00e1s de 6 mil habitantes del Departamento Tala. Lacoste es de Sauce de Luna, de casi 3 mil habitantes y ubicada dentro del Departamento Federal. Lena, en tanto, naci\u00f3 en Chajar\u00ed (Departamento Federaci\u00f3n) y Hein procede de donde dejar\u00e1 de ser intendente, Basavilbaso (Departamento Uruguay) que tiene casi 10 mil habitantes.<\/p>\n<p>En tanto, el Frente de Todos s\u00ed tiene a hombres y mujeres con marcada ascendencia en su territorio. Dos de ellos incluso fueron intendentes de ciudades cabeceras (la primera y la cuarta con m\u00e1s electores): Blanca Osuna, en Parana; y Bahillo, en Gualeguaych\u00fa. Adem\u00e1s, Marcelo Casaretto dejar\u00e1 su rol como titular del IAPV para emigrar desde su ciudad, Paran\u00e1, a la Capital Federal. All\u00ed se encontrar\u00e1 con Mayda Cresto, hermana del actual intendente de Concordia y cuyo padre tambi\u00e9n estuvo al frente de ese municipio (su madre, en tanto, fue senadora nacional).<\/p>\n<p>Lo que asoma para el futuro es un escenario similar al que le toc\u00f3 afrontar a Bordet en sus primeros 4 a\u00f1os de gesti\u00f3n. Encontrar\u00e1 una C\u00e1mara de Diputados polarizada en dos sectores por lo que deber\u00e1 valerse de acuerdos para defender all\u00ed sus iniciativas.<\/p>\n<p>Las ventajas para el gobernador, a priori, ser\u00e1n que los 4 legisladores del FdT fueron impulsados por \u00e9l (ya no quedar\u00e1 ninguno de los que en su momento eligi\u00f3 Sergio Urribarri) y que, desde el 10 de diciembre, contar\u00e1 con un presidente de la Naci\u00f3n af\u00edn a sus ideales pol\u00edticos.<\/p>\n","protected":false},"excerpt":{"rendered":"<p>Son 9 los entrerrianos que ocupan una banca en la C\u00e1mara de Diputados de la Naci\u00f3n. 5 de ellos asumieron en 2017 por lo que, tras el recambio de diciembre pr\u00f3ximo, continuar\u00e1n otros 2 a\u00f1os en sus roles. Lo interesante es la renovaci\u00f3n que viene en las 4 bancas restantes &nbsp; &nbsp; Los peronistas Julio Solanas y Juan Manuel Huss (del bloque del \u201cFrente para la Victoria) y los opositores Yanina Gayol (PRO) y Marcelo Monfort (UCR) terminan su mandato. En su lugar llegar\u00e1n a Diputados otros 2 representantes de&#8230;<\/p>\n","protected":false},"author":3,"featured_media":53216,"comment_status":"closed","ping_status":"closed","sticky":false,"template":"","format":"standard","meta":[],"categories":[9],"tags":[],"_links":{"self":[{"href":"https:\/\/www.actualidadadiario.com\/index.php\/wp-json\/wp\/v2\/posts\/53215"}],"collection":[{"href":"https:\/\/www.actualidadadiario.com\/index.php\/wp-json\/wp\/v2\/posts"}],"about":[{"href":"https:\/\/www.actualidadadiario.com\/index.php\/wp-json\/wp\/v2\/types\/post"}],"author":[{"embeddable":true,"href":"https:\/\/www.actualidadadiario.com\/index.php\/wp-json\/wp\/v2\/users\/3"}],"replies":[{"embeddable":true,"href":"https:\/\/www.actualidadadiario.com\/index.php\/wp-json\/wp\/v2\/comments?post=53215"}],"version-history":[{"count":1,"href":"https:\/\/www.actualidadadiario.com\/index.php\/wp-json\/wp\/v2\/posts\/53215\/revisions"}],"predecessor-version":[{"id":53217,"href":"https:\/\/www.actualidadadiario.com\/index.php\/wp-json\/wp\/v2\/posts\/53215\/revisions\/53217"}],"wp:featuredmedia":[{"embeddable":true,"href":"https:\/\/www.actualidadadiario.com\/index.php\/wp-json\/wp\/v2\/media\/53216"}],"wp:attachment":[{"href":"https:\/\/www.actualidadadiario.com\/index.php\/wp-json\/wp\/v2\/media?parent=53215"}],"wp:term":[{"taxonomy":"category","embeddable":true,"href":"https:\/\/www.actualidadadiario.com\/index.php\/wp-json\/wp\/v2\/categories?post=53215"},{"taxonomy":"post_tag","embeddable":true,"href":"https:\/\/www.actualidadadiario.com\/index.php\/wp-json\/wp\/v2\/tags?post=53215"}],"curies":[{"name":"wp","href":"https:\/\/api.w.org\/{rel}","templated":true}]}}