{"id":53210,"date":"2019-10-29T11:23:53","date_gmt":"2019-10-29T14:23:53","guid":{"rendered":"https:\/\/www.actualidadadiario.com\/?p=53210"},"modified":"2019-10-29T11:23:53","modified_gmt":"2019-10-29T14:23:53","slug":"bolivia-sitiada-por-los-paros","status":"publish","type":"post","link":"https:\/\/www.actualidadadiario.com\/index.php\/2019\/10\/29\/bolivia-sitiada-por-los-paros\/","title":{"rendered":"Bolivia sitiada por los paros"},"content":{"rendered":"<p style=\"text-align: center;\"><em><strong>Gran parte de la poblaci\u00f3n que no participa de las medidas es reh\u00e9n de los paros, imposibilitada de asistir al trabajo y a la escuela<\/strong><\/em><\/p>\n<p>&nbsp;<\/p>\n<p>&nbsp;<\/p>\n<p>Las principales ciudades amanecieron paralizadas por bloqueos y una huelga nacional en contra del resultado de las elecciones que determinaron un nuevo mandato presidencial de Evo Morales. El vicepresidente Alvaro Garc\u00eda Linera anunci\u00f3 que ya se trabaja en c\u00f3mo se implementar\u00e1 la auditor\u00eda de los votos que es respaldada por la ONU.<\/p>\n<p>La convocatoria al paro fue realizada por sectores que por estos d\u00edas se congregan en la &#8220;Coordinadora Nacional de la Democracia&#8221; -CONADE-, recientemente formada por pol\u00edticos varios y los llamados &#8220;comit\u00e9s pro c\u00edvicos&#8221;, que desde hace a\u00f1os congregan a los m\u00e1s ac\u00e9rrimos opositores al gobierno del Movimiento Al Socialismo. En conferencia de prensa brindada esta ma\u00f1ana,\u00a0 Garc\u00eda Linera tild\u00f3 a la CONADE como &#8220;la mayor conspiraci\u00f3n contra el voto de los bolivianos&#8221;.<\/p>\n<p>Desde las cinco de la ma\u00f1ana el &#8220;paro c\u00edvico&#8221; se manifest\u00f3 a trav\u00e9s de bloqueos en las principales rutas del pa\u00eds y en cientos de esquinas estrat\u00e9gicas de ciudades como La Paz y Santa Cruz. Como si fuera una par\u00e1bola de la lucha de clases, los actuales bloqueos abrevan en las medidas de fuerza que realizaban en los &#8217;70, &#8217;80 y &#8217;90 mineros, ind\u00edgenas y cocaleros en una Bolivia hundida en la miseria y el saqueo. Resurgieron en a\u00f1os recientes como forma de protesta de sectores medios y altos en contra de Evo Morales en torno a la consigna &#8220;Bolivia dijo no&#8221; y consisten en piquetes de media docena de personas con cintas pl\u00e1sticas, palos y escombros en las esquinas.<\/p>\n<p>Por las caracter\u00edsticas geogr\u00e1ficas del territorio boliviano, en las ciudades el transporte p\u00fablico utilizado masivamente son los minibuses, y cuando hay bloqueos no hay &#8220;minis&#8221;, con lo cual puede decirse que gran parte de la poblaci\u00f3n que no participa de las medidas es reh\u00e9n de la situaci\u00f3n, con cientos de miles de personas imposibilitadas de asistir a sus lugares de trabajo y ni\u00f1as y ni\u00f1os sin poder ir a la escuela. Tambi\u00e9n se perjudican el comercio y la actividad bancaria, que si bien est\u00e1n en funcionamiento, han disminuido su flujo.<\/p>\n<p>Las protestas incorporaron desde el viernes pasado la realizaci\u00f3n de cacerolazos a partir de las 9 de la noche, aunque fueron menguando durante el fin de semana. Y se da por hecho que esta tarde retomen las manifestaciones en forma de revueltas que realizan principalmente grupos de j\u00f3venes. Por otro lado, y en defensa del gobierno, se presume que ser\u00e1 multitudinaria la movilizaci\u00f3n convocada para esta tarde en El Alto por los movimientos sociales, &#8220;una celebraci\u00f3n festiva&#8221; seg\u00fan la calific\u00f3 Garc\u00eda Linera.<\/p>\n<p>Luego de un fin de semana en que el clima pol\u00edtico estuvo atravesado por denuncias cruzadas entre oficialismo y oposici\u00f3n, sin avances para destrabar la situaci\u00f3n electoral que ha desencadenado la crisis pol\u00edtica en el pa\u00eds, Garc\u00eda Linera ofici\u00f3 como portavoz del gobierno en conferencia de prensa, denunci\u00f3 los intentos de golpe de Estado, conden\u00f3 las medidas de fuerza y llam\u00f3 a la sensatez de los opositores, quienes ya ni siquiera piden la realizaci\u00f3n de una segunda vuelta sino que van por la impugnaci\u00f3n de la primera.<\/p>\n<p>En primer lugar anunci\u00f3 la creaci\u00f3n en las pr\u00f3ximas 72 horas de una comisi\u00f3n de autoridades electorales para fijar c\u00f3mo se auditar\u00e1 &#8220;el voto a voto&#8221; junto a funcionarios de la Organizaci\u00f3n de Estados Americanos y otros organismos, en base a &#8220;la voluntad del gobierno para que se transparente todo el proceso electoral&#8221;. Luego se aboc\u00f3 a fustigar a la oposici\u00f3n, principalmente al expresidente y candidato que qued\u00f3 en segundo lugar, Carlos Mesa, por ser el principal instigador local de la actual desestabilizaci\u00f3n y &#8220;el t\u00edtere pol\u00edtico&#8221; de &#8220;una confabulaci\u00f3n perfecta&#8221;, que la completar\u00edan Carlos S\u00e1nchez Berza\u00edn -exfuncionario, responsable pol\u00edtico de las masacres cometidas durante el gobierno de S\u00e1nchez de Lozada y pr\u00f3fugo de la justicia boliviana- y Branko Marinkovic -millonario empresario cruce\u00f1o y agitador del separatismo y la violencia entre 2006 y 2008-, &#8220;el que pone la platita&#8221;.<\/p>\n<p>&#8220;Quien se opone a la auditoria es el se\u00f1or Carlos Mesa, a qu\u00e9 le tiene miedo, por qu\u00e9 quien perdi\u00f3 las elecciones y denuncia fraude se opone a que se haga el recuento y que organismos internacionales vengan a auditar acta por acta?&#8221;, cuestion\u00f3 Garc\u00eda Linera. Tambi\u00e9n se\u00f1al\u00f3 que el objetivo de Mesa &#8220;es volver al voto censitario&#8221; y denunci\u00f3 que &#8220;pedir la renuncia del presidente Morales, desconocer el voto de las mayor\u00edas, incitar a disturbios, intimidar a periodistas, salir en camionetas en pesquisa de collas, quemar instituciones, mandar a apalear campesinos&#8221; son actos antidemocr\u00e1ticos. &#8220;Carlos Mesa es un mal perdedor que ha instruido desconocer la voluntad popular y est\u00e1 generando mucho sufrimiento a los trabajadores, los campesinos, las amas de casa, es el pueblo el que sufre la violencia&#8221;, puntualiz\u00f3.<\/p>\n<p>Adem\u00e1s repudi\u00f3 las incitaciones al golpe de Estado promovidas durante d\u00edas pasados desde Miami por S\u00e1nchez Berza\u00edn, a quien defini\u00f3 como &#8220;el asesino de El Alto y Warisata&#8221;; y de Branko Marinkovic, &#8220;el separatista del dinero&#8221;, de quien evoc\u00f3 sus antecedentes en graves hechos ocurridos en Santa Cruz en 2008 y que plante\u00f3 que &#8220;los obreros migrantes ten\u00edan que tramitar un pasaporte especial para trabajar en el Oriente&#8221;. Ellos, junto &#8220;al asesino neoliberal&#8221; de Mesa, son quienes &#8220;pretenden prender fuego a Bolivia&#8221;, apunt\u00f3 el vicepresidente.<\/p>\n","protected":false},"excerpt":{"rendered":"<p>Gran parte de la poblaci\u00f3n que no participa de las medidas es reh\u00e9n de los paros, imposibilitada de asistir al trabajo y a la escuela &nbsp; &nbsp; Las principales ciudades amanecieron paralizadas por bloqueos y una huelga nacional en contra del resultado de las elecciones que determinaron un nuevo mandato presidencial de Evo Morales. El vicepresidente Alvaro Garc\u00eda Linera anunci\u00f3 que ya se trabaja en c\u00f3mo se implementar\u00e1 la auditor\u00eda de los votos que es respaldada por la ONU. La convocatoria al paro fue realizada por sectores que por estos&#8230;<\/p>\n","protected":false},"author":3,"featured_media":53211,"comment_status":"closed","ping_status":"closed","sticky":false,"template":"","format":"standard","meta":[],"categories":[4],"tags":[],"_links":{"self":[{"href":"https:\/\/www.actualidadadiario.com\/index.php\/wp-json\/wp\/v2\/posts\/53210"}],"collection":[{"href":"https:\/\/www.actualidadadiario.com\/index.php\/wp-json\/wp\/v2\/posts"}],"about":[{"href":"https:\/\/www.actualidadadiario.com\/index.php\/wp-json\/wp\/v2\/types\/post"}],"author":[{"embeddable":true,"href":"https:\/\/www.actualidadadiario.com\/index.php\/wp-json\/wp\/v2\/users\/3"}],"replies":[{"embeddable":true,"href":"https:\/\/www.actualidadadiario.com\/index.php\/wp-json\/wp\/v2\/comments?post=53210"}],"version-history":[{"count":1,"href":"https:\/\/www.actualidadadiario.com\/index.php\/wp-json\/wp\/v2\/posts\/53210\/revisions"}],"predecessor-version":[{"id":53212,"href":"https:\/\/www.actualidadadiario.com\/index.php\/wp-json\/wp\/v2\/posts\/53210\/revisions\/53212"}],"wp:featuredmedia":[{"embeddable":true,"href":"https:\/\/www.actualidadadiario.com\/index.php\/wp-json\/wp\/v2\/media\/53211"}],"wp:attachment":[{"href":"https:\/\/www.actualidadadiario.com\/index.php\/wp-json\/wp\/v2\/media?parent=53210"}],"wp:term":[{"taxonomy":"category","embeddable":true,"href":"https:\/\/www.actualidadadiario.com\/index.php\/wp-json\/wp\/v2\/categories?post=53210"},{"taxonomy":"post_tag","embeddable":true,"href":"https:\/\/www.actualidadadiario.com\/index.php\/wp-json\/wp\/v2\/tags?post=53210"}],"curies":[{"name":"wp","href":"https:\/\/api.w.org\/{rel}","templated":true}]}}