{"id":5321,"date":"2016-12-05T10:10:15","date_gmt":"2016-12-05T13:10:15","guid":{"rendered":"http:\/\/actualidadadiario.com\/site\/?p=5321"},"modified":"2016-12-05T10:10:15","modified_gmt":"2016-12-05T13:10:15","slug":"cristina-kirchner-a-declarar-como-testigo-en-el-juicio-de-encubrimiento-a-la-amia","status":"publish","type":"post","link":"https:\/\/www.actualidadadiario.com\/index.php\/2016\/12\/05\/cristina-kirchner-a-declarar-como-testigo-en-el-juicio-de-encubrimiento-a-la-amia\/","title":{"rendered":"Cristina Kirchner, a declarar como testigo en el juicio de encubrimiento a la AMIA"},"content":{"rendered":"<p><em><strong>La ex presidenta asistir\u00e1 al juicio por encubrimiento que apunta a Galeano, ex agentes de la SIDE y al Gobierno de Menem<\/strong><\/em><\/p>\n<p>&nbsp;<\/p>\n<p>&nbsp;<\/p>\n<p>&nbsp;<\/p>\n<p>&nbsp;<\/p>\n<p>&nbsp;<\/p>\n<p>La ex presidenta Cristina Kirchner concurrir\u00e1 este lunes a los tribunales federales de Retiro para declarar como testigo en el juicio oral por el encubrimiento y las irregularidades en la investigaci\u00f3n del atentado en la AMIA.<\/p>\n<p>&nbsp;<\/p>\n<p>Parad\u00f3jicamente, Cristina declarar\u00e1 en calidad de testigo por su actuaci\u00f3n como senadora en la comisi\u00f3n investigadora que evalu\u00f3 el accionar de la Justicia y los servicios de inteligencia en dicha pesquisa. El fallecido fiscal Alberto Nisman la acus\u00f3 del mismo delito en 2015, por el memor\u00e1ndum con Ir\u00e1n, finalmente frenado en la Justicia.<\/p>\n<p>&nbsp;<\/p>\n<p>Cristina Kirchner fue convocada el Tribunal Oral Federal 2, que interviene en el juicio por el presunto encubrimiento del ataque contra la mutual jud\u00eda que el 18 de julio de 19914 caus\u00f3 la muerte de 85 personas. Por el mismo motivo fue convocada a prestar declaraci\u00f3n testimonial en el juicio que se llev\u00f3 a cabo entre 2001 y 2004, en donde se juzg\u00f3 a la llamada &#8220;conexi\u00f3n local&#8221; que hizo posible el atentado y en el cual todos los acusados fueron liberados.<\/p>\n<p>&nbsp;<\/p>\n<p>El tribunal que juzg\u00f3 en aquella ocasi\u00f3n realiz\u00f3 fuertes cuestionamiento a la labor de los fiscales Mullen y Barbaccia y el juez Juan Jos\u00e9 Galeano. Como consecuencia, se inici\u00f3 esta segunda investigaci\u00f3n en donde est\u00e1 acusado el propio Galeano y el ex presidente Carlos Menem, entre otros.<\/p>\n<p>&nbsp;<\/p>\n<p>La ex mandataria fue citada para las 10.30 y se espera que d\u00e9 detalles sobre su actuaci\u00f3n como senadora en la comisi\u00f3n bicameral que revis\u00f3 la causa AMIA y desde all\u00ed cuestion\u00f3 el trabajo del entonces juez del caso, Juan Jos\u00e9 Galeano.<\/p>\n<p>&nbsp;<\/p>\n<p>El testimonio de la ex jefa de Estado hab\u00eda sido solicitado por la mayor\u00eda de las querellas que intervienen en el proceso judicial y por la Unidad Fiscal de Investigaci\u00f3n (UFI-AMIA).<\/p>\n<p>&nbsp;<\/p>\n<p>El Tribunal Oral Federal 2, integrado por los jueces Jorge Gorini, Karina Perilli y N\u00e9stor Costabel, notific\u00f3 a Cristina Kirchner de la citaci\u00f3n cuando se present\u00f3 en el juzgado de Claudio Bonadio para cumplir con un tr\u00e1mite en la causa de d\u00f3lar futuro.<\/p>\n","protected":false},"excerpt":{"rendered":"<p>La ex presidenta asistir\u00e1 al juicio por encubrimiento que apunta a Galeano, ex agentes de la SIDE y al Gobierno de Menem &nbsp; &nbsp; &nbsp; &nbsp; &nbsp; La ex presidenta Cristina Kirchner concurrir\u00e1 este lunes a los tribunales federales de Retiro para declarar como testigo en el juicio oral por el encubrimiento y las irregularidades en la investigaci\u00f3n del atentado en la AMIA. &nbsp; Parad\u00f3jicamente, Cristina declarar\u00e1 en calidad de testigo por su actuaci\u00f3n como senadora en la comisi\u00f3n investigadora que evalu\u00f3 el accionar de la Justicia y los servicios&#8230;<\/p>\n","protected":false},"author":3,"featured_media":5322,"comment_status":"closed","ping_status":"closed","sticky":false,"template":"","format":"standard","meta":[],"categories":[18],"tags":[],"_links":{"self":[{"href":"https:\/\/www.actualidadadiario.com\/index.php\/wp-json\/wp\/v2\/posts\/5321"}],"collection":[{"href":"https:\/\/www.actualidadadiario.com\/index.php\/wp-json\/wp\/v2\/posts"}],"about":[{"href":"https:\/\/www.actualidadadiario.com\/index.php\/wp-json\/wp\/v2\/types\/post"}],"author":[{"embeddable":true,"href":"https:\/\/www.actualidadadiario.com\/index.php\/wp-json\/wp\/v2\/users\/3"}],"replies":[{"embeddable":true,"href":"https:\/\/www.actualidadadiario.com\/index.php\/wp-json\/wp\/v2\/comments?post=5321"}],"version-history":[{"count":2,"href":"https:\/\/www.actualidadadiario.com\/index.php\/wp-json\/wp\/v2\/posts\/5321\/revisions"}],"predecessor-version":[{"id":5324,"href":"https:\/\/www.actualidadadiario.com\/index.php\/wp-json\/wp\/v2\/posts\/5321\/revisions\/5324"}],"wp:featuredmedia":[{"embeddable":true,"href":"https:\/\/www.actualidadadiario.com\/index.php\/wp-json\/wp\/v2\/media\/5322"}],"wp:attachment":[{"href":"https:\/\/www.actualidadadiario.com\/index.php\/wp-json\/wp\/v2\/media?parent=5321"}],"wp:term":[{"taxonomy":"category","embeddable":true,"href":"https:\/\/www.actualidadadiario.com\/index.php\/wp-json\/wp\/v2\/categories?post=5321"},{"taxonomy":"post_tag","embeddable":true,"href":"https:\/\/www.actualidadadiario.com\/index.php\/wp-json\/wp\/v2\/tags?post=5321"}],"curies":[{"name":"wp","href":"https:\/\/api.w.org\/{rel}","templated":true}]}}