{"id":53207,"date":"2019-10-29T11:23:12","date_gmt":"2019-10-29T14:23:12","guid":{"rendered":"https:\/\/www.actualidadadiario.com\/?p=53207"},"modified":"2019-10-29T11:23:12","modified_gmt":"2019-10-29T14:23:12","slug":"tres-decadas-despues-otra-vez-el-valor-del-no-multitudinario-en-chile","status":"publish","type":"post","link":"https:\/\/www.actualidadadiario.com\/index.php\/2019\/10\/29\/tres-decadas-despues-otra-vez-el-valor-del-no-multitudinario-en-chile\/","title":{"rendered":"Tres d\u00e9cadas despu\u00e9s, otra vez el valor del &#8220;NO&#8221; multitudinario en Chile"},"content":{"rendered":"<p style=\"text-align: center;\"><em><strong>Mientras el presidente Pi\u00f1era renueva su gabinete, trascurri\u00f3 la novena jornada de movilizaciones en Chile, a tres d\u00edas de la revuelta que puso a un mill\u00f3n de personas en las calles y ante el anuncio de un nuevo paro general con movilizaci\u00f3n. Clima de tensi\u00f3n e incidentes. Ya se registran 3.243 personas detenidas y m\u00e1s de mil heridos. \u201cSe ha esperado con una paciencia incre\u00edble\u201d, resumi\u00f3 el poeta chileno Ra\u00fal Zurita<\/strong><\/em><\/p>\n<p>&nbsp;<\/p>\n<p>&nbsp;<\/p>\n<p>Tambi\u00e9n octubre pero de 1988. \u201cChile la alegr\u00eda ya viene\u201d. La frase llevaba un arco\u00edris al fondo y acompa\u00f1aba a los afiches que dec\u00edan \u201cNo\u201d a la continuidad de Pinochet y su dictadura. Fue un a\u00f1o enormes movilizaciones para el pa\u00eds con algunos puntos de contacto con este octubre. Entonces el sentido de la consigna del No estaba claro. En el momento actual est\u00e1 en disputa cu\u00e1les son las demandas aglutinantes y qui\u00e9nes est\u00e1n en condiciones de traducir institucionalmente en \u201cel palacio\u201d las consignas de las calles. La cr\u00edtica antisistema del \u201cque se vayan todos\u201d no se escucha en las calles de Santiago. Inclusive el pedido de renuncia de Pi\u00f1era es cuestionado por algunas de las personas movilizadas que preferir\u00edan esperar dos a\u00f1os para que no sea \u00e9l quien lidere el proceso de conformaci\u00f3n de una Asamblea Constitucional en pos de una nueva Constituci\u00f3n, que es hoy una de las principales demandas.<\/p>\n<p>Corte abrupto o transici\u00f3n, espontane\u00edsmo u organizaci\u00f3n, son parte de una nueva encrucijada chilena. Entre tanto, el presidente sigue con sus los anuncios que buscan apagar el incendio con un pa\u00f1o h\u00famedo. Hoy confirm\u00f3 la conformaci\u00f3n de su nuevo gabinete mientras esperaba el arribo de la Misi\u00f3n enviada por la Alta Comisionada de Derechos Humanos, Michelle Bachelet, y el de Amnist\u00eda Internacional para recopilar informaci\u00f3n sobre las violaciones a los derechos humanos denunciadas en los \u00faltimos d\u00edas. Seg\u00fan los datos publicados hoy por el Instituto Nacional de Derechos Humanos (INDH) ya se registran 3.243 personas detenidas y 1.132 heridos en hospitales. Se estima que hay tambi\u00e9n una veintena de muertos, pese a que el fin de semana el gobierno confirmara 19. M\u00e1s all\u00e1 de los n\u00fameros oficiales a los tel\u00e9fonos y en las redes circula im\u00e1genes de personas violentadas en instancias de detenci\u00f3n que siembran temor y bronca.<\/p>\n<p>\u201cDesde las 00:00 de este lunes 28 de octubre se levanta el Estado de Emergencia y Toque de Queda en todo Chile\u201d, anunci\u00f3 el gobierno de Sebasti\u00e1n Pi\u00f1era por medio de un comunicado. La decisi\u00f3n presidencial fue tomada \u201cluego de conversar con las Fuerzas Armadas y de Orden y Seguridad\u201d, seg\u00fan indica el mismo documento, \u201ccon el objetivo de contribuir a que Chile recupere la normalidad institucional\u201d. Con consejos marciales y reconocimiento del desorden general, el anuncio cay\u00f3 cuando ya hab\u00eda empezado en el Parque O\u00b4Higgins un \u201cacto cultural\u201d que fue el escenario que eligieron organizaciones y movimientos sociales de la Mesa de Unidad Social para convocar a un nuevo paro general para el mi\u00e9rcoles 30.\u00a0 Miles de personas se convocaron bajo la gen\u00e9rica consigna: &#8220;Por el derecho a vivir en paz&#8221;. Aqu\u00ed s\u00ed se ve organizaci\u00f3n: hay un escenario, un vallado, y voceros designados por el centenar de organizaciones sociales, sindicales, barriales y movientes sociales que integran la Mesa de Unidad Social, entre ellos la Central Unitaria de Trabajadores-CUT, la Coordinadora Nacional de Trabajadores No + AFP -sistema previsional que est\u00e1 privatizado-, el Colegio de Profesores, la Confederaci\u00f3n de Estudiantes de Chile (Confech). Tambi\u00e9n convocaron artistas como la popular cantante Mon Laferte, quien adem\u00e1s de reversionar con otros cantantes \u201cEl derecho de vivir en paz\u201d de V\u00edctor Jara, se encuentra recorriendo barrios populares donde monta peque\u00f1os recitales.<\/p>\n<p>Esa fue la novena jornada de movilizaciones en Chile, a dos d\u00edas de la revuelta que espet\u00f3 a un mill\u00f3n de personas de sus casas a las calles, a un d\u00eda de haber continuado los focos de enfrentamientos con las fuerzas de seguridad y cacerolazos por toda la ciudad, incluso hasta pasada la medianoche, y en paralelo con otras manifestaciones como la de cerca de cien ciclistas que se dirigieron cerca de las 17 del domingo a manifestar frente a La Moneda, rodeada de militares, y fueron expulsados con hidrantes. En simultaneo se desarroll\u00f3 \u201c#LaMarchaMasGrandeDeLaQuinta\u201d que recorri\u00f3 como una serpiente la ruta que bordea el mar desde Vi\u00f1a del Mar a Valpara\u00edso, donde se encuentra el Congreso Nacional. \u201cM\u00e1s de 100.000 personas, en su gran mayor\u00eda familias ocupan las calles de forma completamente pac\u00edficas. \u00bfCarabineros y el gobierno? Reprimen y gasean a familias porte\u00f1as sin ninguna justificaci\u00f3n \u00a1Es inaceptable!\u201d, dijo el alcalde de Valpara\u00edso, Jorge Sharp Fajardo. Por su parte, el PCCh public\u00f3 el mismo domingo un comunicado \u201cSaludamos y apoyamos la convocatoria que ha realizado la Mesa de la Unidad Social a la huelga general\u201d donde tambi\u00e9n se\u00f1alaron que \u201clos partidos pol\u00edticos que est\u00e1n verdaderamente por escuchar al pueblo, deben apoyar a este espacio amplio, democr\u00e1tico y plural de movimientos y organizaciones sociales\u201d que definieron como \u201cel \u00fanico espacio de di\u00e1logo leg\u00edtimo y democr\u00e1tico\u201d a fin de evitar \u201cacuerdos cupulares; excluyentes; sectarios\u201d. Sin bien los diputados del PCCh suman 9 en un total 155 legisladores (m\u00e1s autoridades de una mesa directiva integrada por un presidente y dos vice) lograron tejer los acuerdos necesarios para sancionar la semana pasada un proyecto de las diputadas comunistas, Camila Vallejo y Karol Cariola, para que la jornada laboral pase de 45 a 40 horas.<\/p>\n<p>Esta iniciativa promueve un cambio m\u00e1s estructural que la opacada \u201cAgenda Social\u201d que como manotazo de ahogado propuso un aumento del 20% a la pensi\u00f3n b\u00e1sica solidaria (hoy en torno a los 150 d\u00f3lares) que reciben personas que no est\u00e1n incluidas en alg\u00fan r\u00e9gimen previsional; un seguro para enfermedades catastr\u00f3ficas y un convenio sobre el precio de medicamentos; un ingreso m\u00ednimo garantizado que ronda los 470 d\u00f3lares y que implicar\u00eda un subsidio a las empresas que no lleguen a cumplir con ese monto levemente superior al salario m\u00ednimo; estabilizaci\u00f3n de precio de electricidad; un impuesto de un 40% a las rentas m\u00e1s ricas; la reducci\u00f3n de las dietas parlamentarias, entre otras.<\/p>\n<p>Algunas cr\u00edticas tienen que ver con la falta de soluciones de fondo por ejemplo al sistema de salud, al de las AFP y al de la energ\u00eda, y critican que el Estado subsidie el aumento salarial porque significar\u00eda redestinar partidas p\u00fablicas sin hacer coparticipes a los empresarios. La ley 21.112 fij\u00f3 el salario m\u00ednimo para 2019 en un equivalente a 420 d\u00f3lares y si bien la mayor\u00eda de los asalariados cobra por encima de ese monto, cerca de la mitad del total no supera los 600 d\u00f3lares. Son parte del 50% que concentra apenas el 2,1% de la riqueza neta en 2017, el 1% m\u00e1s rico el 26,5%, seg\u00fan la Comisi\u00f3nn Econ\u00f3mica para Am\u00e9rica Latina y el Caribe (CEPAL) y el propio Ministerio de Desarrollo Social reconoce que el 10% m\u00e1s rico gana 39 veces m\u00e1s que el m\u00e1s pobre. Chile tiene \u201cuna alta concentraci\u00f3n de la riqueza\u201d seg\u00fan CEPAL. Esto se agrava en una sociedad fogoneada por el incentivo al consumo a trav\u00e9s del endeudamiento privado.<\/p>\n<p>\u201cConf\u00edo en que esa conducci\u00f3n se va a ir dando\u201d, dijo el poeta chileno Ra\u00fal Zurita ante la pregunta por las opciones de liderazgos que permitan fijar y traducir institucionalmente las demandas de las calles. El ex Premio Nacional de Literatura y Premio Iberoamericano de Poes\u00eda Pablo Neruda, conf\u00eda en que llegar\u00e1 la conjunci\u00f3n que describe \u00c1lvaro Garc\u00eda Linera como \u201cla democracia real\u201d; aquella que \u201cse construye con mayor\u00eda parlamentaria y mayor\u00eda callejera\u201d, la que \u201cgobierna desde las calles y gobierna desde el Parlamento\u201d en palabras del vice boliviano. \u201cHay una gran esperanza para Chile porque para su historia se trata de una reivindicaci\u00f3n por los 40 a\u00f1os de sufrimiento, los 40 a\u00f1os de postergaciones,\u00a0 los 40 a\u00f1os de injusticia. Se trata de recuperar el sentido profundo de la palabra democracia, recuperar el sentido profundo de la palabra asamblea, recuperar el sentido profundo de revoluci\u00f3n\u201d, Zurita habla con las reiteraciones de la poes\u00eda. \u201cSe ha esperado con una paciencia incre\u00edble. Por supuesto que dos a\u00f1os m\u00e1s me parece una eternidad pero puede ser una que quede una lucha bastante larga todav\u00eda, no lo s\u00e9. La urgencia ahora son los ancianos, la gente que lo puede llegar a fin de mes, los discapacitados que est\u00e1n en extrema vulnerabilidad. Son para m\u00ed la prioridad absoluta\u201d. En cuanto al rol de los intelectuales, Zurita dice que les queda asumir el rol de \u201cser honestos\u201d, aun cuando se piense distinto. Para cumplir ese papel, el poeta envi\u00f3 d\u00edas atr\u00e1s una carta p\u00fablica a la ex candidata a presidenta de Revoluci\u00f3n Democr\u00e1tica, Javiera Parada, luego de que esta se sentara a conversar con Pi\u00f1era cuando todav\u00eda estaban los militares en las calles: \u201c\u00bfc\u00f3mo pudiste sentarte con ellos si estaban con sus metralletas en ristre? \u00bfC\u00f3mo pudiste conversar t\u00fa con ellos? \u00bfC\u00f3mo podr\u00edamos entenderte nosotros, los nadie, si siguen manchando con sangre nuestros pobres trajecitos blancos?\u201d y agreg\u00f3 \u201c\u00bfPor qu\u00e9 no est\u00e1s aqu\u00ed bailando Bella Ciao? \u00bfPor qu\u00e9 no est\u00e1s bailando con tus compa\u00f1eros?\u201d. Quiz\u00e1s sea la pregunta que los pol\u00edticos, dirigentes, referentes y la misma ciudadan\u00eda, har\u00e1 en el futuro: \u00bfD\u00f3nde estuviste en octubre de 2019?.<\/p>\n","protected":false},"excerpt":{"rendered":"<p>Mientras el presidente Pi\u00f1era renueva su gabinete, trascurri\u00f3 la novena jornada de movilizaciones en Chile, a tres d\u00edas de la revuelta que puso a un mill\u00f3n de personas en las calles y ante el anuncio de un nuevo paro general con movilizaci\u00f3n. Clima de tensi\u00f3n e incidentes. Ya se registran 3.243 personas detenidas y m\u00e1s de mil heridos. \u201cSe ha esperado con una paciencia incre\u00edble\u201d, resumi\u00f3 el poeta chileno Ra\u00fal Zurita &nbsp; &nbsp; Tambi\u00e9n octubre pero de 1988. \u201cChile la alegr\u00eda ya viene\u201d. La frase llevaba un arco\u00edris al fondo&#8230;<\/p>\n","protected":false},"author":3,"featured_media":53208,"comment_status":"closed","ping_status":"closed","sticky":false,"template":"","format":"standard","meta":[],"categories":[4],"tags":[],"_links":{"self":[{"href":"https:\/\/www.actualidadadiario.com\/index.php\/wp-json\/wp\/v2\/posts\/53207"}],"collection":[{"href":"https:\/\/www.actualidadadiario.com\/index.php\/wp-json\/wp\/v2\/posts"}],"about":[{"href":"https:\/\/www.actualidadadiario.com\/index.php\/wp-json\/wp\/v2\/types\/post"}],"author":[{"embeddable":true,"href":"https:\/\/www.actualidadadiario.com\/index.php\/wp-json\/wp\/v2\/users\/3"}],"replies":[{"embeddable":true,"href":"https:\/\/www.actualidadadiario.com\/index.php\/wp-json\/wp\/v2\/comments?post=53207"}],"version-history":[{"count":1,"href":"https:\/\/www.actualidadadiario.com\/index.php\/wp-json\/wp\/v2\/posts\/53207\/revisions"}],"predecessor-version":[{"id":53209,"href":"https:\/\/www.actualidadadiario.com\/index.php\/wp-json\/wp\/v2\/posts\/53207\/revisions\/53209"}],"wp:featuredmedia":[{"embeddable":true,"href":"https:\/\/www.actualidadadiario.com\/index.php\/wp-json\/wp\/v2\/media\/53208"}],"wp:attachment":[{"href":"https:\/\/www.actualidadadiario.com\/index.php\/wp-json\/wp\/v2\/media?parent=53207"}],"wp:term":[{"taxonomy":"category","embeddable":true,"href":"https:\/\/www.actualidadadiario.com\/index.php\/wp-json\/wp\/v2\/categories?post=53207"},{"taxonomy":"post_tag","embeddable":true,"href":"https:\/\/www.actualidadadiario.com\/index.php\/wp-json\/wp\/v2\/tags?post=53207"}],"curies":[{"name":"wp","href":"https:\/\/api.w.org\/{rel}","templated":true}]}}