{"id":53204,"date":"2019-10-29T11:22:33","date_gmt":"2019-10-29T14:22:33","guid":{"rendered":"https:\/\/www.actualidadadiario.com\/?p=53204"},"modified":"2019-10-29T11:22:33","modified_gmt":"2019-10-29T14:22:33","slug":"pinera-cambio-medio-gabinete-pero-no-logra-frenar-los-reclamos-en-las-calles","status":"publish","type":"post","link":"https:\/\/www.actualidadadiario.com\/index.php\/2019\/10\/29\/pinera-cambio-medio-gabinete-pero-no-logra-frenar-los-reclamos-en-las-calles\/","title":{"rendered":"Pi\u00f1era cambi\u00f3 medio gabinete pero no logra frenar los reclamos en las calles"},"content":{"rendered":"<p style=\"text-align: center;\"><em><strong>Mientras el presidente chileno anunciaba los cambios, un millar de personas se enfrentaban con la polic\u00eda frente al palacio de La Moneda. No se fueron los ministros m\u00e1s cuestionados<\/strong><\/em><\/p>\n<p>&nbsp;<\/p>\n<p>&nbsp;<\/p>\n<p>El presidente de Chile, Sebasti\u00e1n Pi\u00f1era removi\u00f3 a ocho ministros, incluido el cuestionado titular de Interior, Andr\u00e9s Chadwick, a la vez que integr\u00f3 a su gabinete a una nueva generaci\u00f3n de pol\u00edticos en un intento por acallar la crisis. Claro que mientras el mandatario anunciaba los cambios &#8211; el mayor en sus 20 meses de gobierno- un millar de personas se enfrentaron con la polic\u00eda delante del palacio presidencial de La Moneda, en el centro de Santiago.<\/p>\n<p>&#8220;No hay ning\u00fan cambio efectivo que provoque que el pueblo pueda cambiar su opini\u00f3n al respecto. El gabinete tendr\u00eda que haber sido un gabinete que tuviera un poco m\u00e1s de calle&#8221;, dice a AFP Mario Mu\u00f1oz, administrador p\u00fablico, de 41 a\u00f1os, que protestaba en las afueras de la casa de gobierno. &#8220;Es como una silla musical; los mismos que entran y salen&#8221;, critica por su lado Boris Vidal, un periodista de 50 a\u00f1os, en medio de la protesta, dispersada por la polic\u00eda con chorros de agua y gas lacrim\u00f3genos.<\/p>\n<p>Los incidentes, que se concentraron en el centro de Santiago y se repitieron en las ciudades de Valpara\u00edso y Concepci\u00f3n, empezaron a la hora en que el presidente Sebasti\u00e1n Pi\u00f1era anunciaba un nuevo gabinete y la tensi\u00f3n fue aumentando durante la tarde.<\/p>\n<p>&#8220;Chile no es el mismo que el que ten\u00edamos hace un par de semanas atr\u00e1s. Chile cambi\u00f3 y el gobierno tambi\u00e9n tiene que cambiar y enfrentar estos nuevos desaf\u00edos y estos nuevos tiempos&#8221;, repiti\u00f3 en la juramentaci\u00f3n de los nuevos ministros Pi\u00f1era, remecido por el desplome de su popularidad a un 14%.<\/p>\n<p>El presidente nombr\u00f3 a Gonzalo Blumel como titular de la cartera de Interior. De 41 a\u00f1os y exsecretario general de la Presidencia, reemplaza al cuestionado Andr\u00e9s Chadwick, primo del mandatario, miembro de su c\u00edrculo m\u00e1s cercano y quien lo acompa\u00f1aba desde su primer gobierno (2010-2014). &#8220;Es alguien que se caracteriza por ser bastante dialogante&#8221;, afirm\u00f3 el presidente del opositor Partido Dem\u00f3crata Cristiano, Fuad Chah\u00edn. En Hacienda estar\u00e1 Ignacio Briones, exdecano de la escuela de gobierno de la Universidad Adolfo Ib\u00e1\u00f1ez, que a sus 46 a\u00f1os reemplaza a Felipe Larra\u00edn, cuestionado por su recomendaci\u00f3n &#8220;a los rom\u00e1nticos&#8221; de comprar flores cuando en septiembre no se registr\u00f3 inflaci\u00f3n y baj\u00f3 su precio. La exintendenta de Santiago, la m\u00e9dica Karla Rubilar (42) asumi\u00f3 como vocera del Ejecutivo, en reemplazo de Cecilia P\u00e9rez, quien pas\u00f3 a la cartera de Deportes.<\/p>\n<p>Pero Pi\u00f1era mantuvo en su cargo al ministro de Defensa, Alberto Espina, cuestionado por la actuaci\u00f3n de las fuerzas armadas durante el estado de emergencia que rigi\u00f3 hasta el domingo. Tampoco reemplaz\u00f3 a la ministra de Transporte, Gloria Hutt -rechazada por afirmar que no era posible bajar las tarifas del metro- y a la ministra de Educaci\u00f3n, Marcela Cubillo, en una pulseada permanente con el movimiento estudiantil, a la cabeza de las actuales protestas.<\/p>\n<p>Las edades de los ocho nuevos ministros fluct\u00faan entre los 30 y los 46 a\u00f1os y en su mayor\u00eda forman parte del ala m\u00e1s liberal de la derecha gobernante, parte de una nueva generaci\u00f3n de pol\u00edticos, con visiones mucho m\u00e1s sociales, de acuerdo a analistas.<\/p>\n<p>Los cambios ocurren mientras contin\u00faan los llamados a protestas en Chile y se espera el arribo de una misi\u00f3n de la ONU para verificar denuncias de violaciones a los derechos humanos en el marco del estallido social, mientras los militares abandonaban lentamente las calles y las principales cuidades intentaban retormar sus actividades cotidianas.<\/p>\n","protected":false},"excerpt":{"rendered":"<p>Mientras el presidente chileno anunciaba los cambios, un millar de personas se enfrentaban con la polic\u00eda frente al palacio de La Moneda. No se fueron los ministros m\u00e1s cuestionados &nbsp; &nbsp; El presidente de Chile, Sebasti\u00e1n Pi\u00f1era removi\u00f3 a ocho ministros, incluido el cuestionado titular de Interior, Andr\u00e9s Chadwick, a la vez que integr\u00f3 a su gabinete a una nueva generaci\u00f3n de pol\u00edticos en un intento por acallar la crisis. Claro que mientras el mandatario anunciaba los cambios &#8211; el mayor en sus 20 meses de gobierno- un millar de&#8230;<\/p>\n","protected":false},"author":3,"featured_media":53205,"comment_status":"closed","ping_status":"closed","sticky":false,"template":"","format":"standard","meta":[],"categories":[4],"tags":[],"_links":{"self":[{"href":"https:\/\/www.actualidadadiario.com\/index.php\/wp-json\/wp\/v2\/posts\/53204"}],"collection":[{"href":"https:\/\/www.actualidadadiario.com\/index.php\/wp-json\/wp\/v2\/posts"}],"about":[{"href":"https:\/\/www.actualidadadiario.com\/index.php\/wp-json\/wp\/v2\/types\/post"}],"author":[{"embeddable":true,"href":"https:\/\/www.actualidadadiario.com\/index.php\/wp-json\/wp\/v2\/users\/3"}],"replies":[{"embeddable":true,"href":"https:\/\/www.actualidadadiario.com\/index.php\/wp-json\/wp\/v2\/comments?post=53204"}],"version-history":[{"count":1,"href":"https:\/\/www.actualidadadiario.com\/index.php\/wp-json\/wp\/v2\/posts\/53204\/revisions"}],"predecessor-version":[{"id":53206,"href":"https:\/\/www.actualidadadiario.com\/index.php\/wp-json\/wp\/v2\/posts\/53204\/revisions\/53206"}],"wp:featuredmedia":[{"embeddable":true,"href":"https:\/\/www.actualidadadiario.com\/index.php\/wp-json\/wp\/v2\/media\/53205"}],"wp:attachment":[{"href":"https:\/\/www.actualidadadiario.com\/index.php\/wp-json\/wp\/v2\/media?parent=53204"}],"wp:term":[{"taxonomy":"category","embeddable":true,"href":"https:\/\/www.actualidadadiario.com\/index.php\/wp-json\/wp\/v2\/categories?post=53204"},{"taxonomy":"post_tag","embeddable":true,"href":"https:\/\/www.actualidadadiario.com\/index.php\/wp-json\/wp\/v2\/tags?post=53204"}],"curies":[{"name":"wp","href":"https:\/\/api.w.org\/{rel}","templated":true}]}}