{"id":53201,"date":"2019-10-29T11:21:56","date_gmt":"2019-10-29T14:21:56","guid":{"rendered":"https:\/\/www.actualidadadiario.com\/?p=53201"},"modified":"2019-10-29T11:21:56","modified_gmt":"2019-10-29T14:21:56","slug":"la-derecha-se-une-en-uruguay","status":"publish","type":"post","link":"https:\/\/www.actualidadadiario.com\/index.php\/2019\/10\/29\/la-derecha-se-une-en-uruguay\/","title":{"rendered":"La derecha se une en Uruguay"},"content":{"rendered":"<p style=\"text-align: center;\"><em><strong>\u201cNaci\u00f3 la coalici\u00f3n\u201d titul\u00f3 el diario El Observador este lunes de resaca electoral en referencia a la uni\u00f3n de las derechas con la ultraderecha de cara al ballottage del 24 de noviembre<\/strong><\/em><\/p>\n<p>&nbsp;<\/p>\n<p>Seg\u00fan el escrutinio oficial, Daniel Mart\u00ednez, del centro-izquierdista Frente Amplio (FA), obtuvo un 39,2 por ciento y deber\u00e1 enfrentar a Luis Lacalle Pou, que consigui\u00f3 28,6 por ciento de los sufragios.<\/p>\n<p>El candidato del Partido Nacional (Blanco) parte con ventaja, respaldado por el colorado neoliberal Ernesto Talvi (obtuvo 12,3 por ciento) y el militar retirado Guido Manini R\u00edos, con el 10, 9 por ciento de los votos. Pero la alianza de Lacalle Pou con el l\u00edder de Cabildo Abierto es a todas luces repudiable. Ser\u00eda como imaginar a Sarkozy formando coalici\u00f3n con Le Pen.<\/p>\n<p>La primera inc\u00f3gnita que surge: \u00bfcu\u00e1n dispuestos estar\u00e1n los votantes blancos y colorados a darle su apoyo a esa coalici\u00f3n? Las campa\u00f1as de ambos partidos disputaron el centro.<\/p>\n<p>El director de la consultora Factum, Eduardo Botinelli, se\u00f1ala a P\u00e1gina\/12 que \u201cel primer desaf\u00edo de Lacalle Pou y Talvi ser\u00e1 convencer de que la alianza no es tan mala con una derecha militar y autoritaria. Adem\u00e1s, estar\u00e1 por verse c\u00f3mo se amalgaman dos visiones del rol del Estado, una pragm\u00e1tica y liberal, con otra de un Estado m\u00e1s presente\u201d.<\/p>\n<p>El excomandante en jefe del Ej\u00e9rcito Manini R\u00edos fue destituido en marzo por Tabar\u00e9 V\u00e1zquez por no haber denunciado la confesi\u00f3n del represor Nino Gavazzo de que arroj\u00f3 al r\u00edo Negro el cuerpo del tupamaro Roberto Gomensoro, en 1973. Y ya dijo que se amparar\u00e1 en los fueros parlamentarios para no sentarse en el banquillo de acusados.<\/p>\n<p>M\u00e1s a\u00fan, su compa\u00f1ero de f\u00f3rmula Guillermo Domenech se puso por encima de la ley al afirmar que \u201clos cabildantes impedir\u00e1n que Manini R\u00edos sea enviado a prisi\u00f3n\u201d. Una especie de escalofr\u00edo generan las palabras mesi\u00e1nicas de Domenech: \u201cDios nos mand\u00f3 a Manini R\u00edos y tenemos un nuevo general para guiarnos\u201d.<\/p>\n<p>Cabildo Abierto consigui\u00f3 11 bancas en Diputados (de 99) y 3 en el Senado (de 30) que incluyen a Manini R\u00edos y a su mujer, Irene Moreira. Su espacio pone en cuesti\u00f3n la agenda de derechos que aprob\u00f3 el Frente Amplio en 15 a\u00f1os de gobierno, entre ellas, las leyes de legalizaci\u00f3n de aborto, matrimonio igualitario y regulaci\u00f3n del cannabis.<\/p>\n<p>La pol\u00e9mica con Manini R\u00edos incluye un cap\u00edtulo anterior: se hab\u00eda enfrentado al gobierno de Tabar\u00e9 por la Reforma del Sistema de Retiros y Pensiones de las Fuerzas Armadas, aprobada en 2018, que le vali\u00f3 30 d\u00edas de arresto, la m\u00e1xima sanci\u00f3n.<\/p>\n<p>\u00bfPor qu\u00e9 el FA hab\u00eda nombrado a Manini R\u00edos como comandante en jefe del Ej\u00e9rcito?. Fue el extupamaro y exministro de Defensa Eleuterio Fern\u00e1ndez Huidobro, hoy fallecido, quien lo design\u00f3 en 2015. En ese entonces el militar no daba ninguna se\u00f1al de querer participar en pol\u00edtica.<\/p>\n<p>El resultado de las elecciones del domingo supone un giro a la derecha, despu\u00e9s de 15 a\u00f1os de hegemon\u00eda del Frente Amplio con mayor\u00eda absoluta. A partir del nuevo Congreso, el FA est\u00e1 lejos de la mayor\u00eda: 42 diputados y 13 senadores, entre los que destacan Jos\u00e9 \u201cPepe\u201d Mujica y su esposa y actual vicepresidenta, Luc\u00eda Topolansky. Por otra parte, el Partido Colorado obtuvo 13 bancas en diputados y 4 en la C\u00e1mara Alta.<\/p>\n<p>Seg\u00fan Botinelli, no hay autocr\u00edtica en la coalici\u00f3n gobernante. \u201cEl slogan del FA, \u00b4no perder lo bueno, hacerlo mejor\u00b4no agrad\u00f3 a un ciudadano que ten\u00eda cierto malestar sobre todo con el \u00faltimo per\u00edodo de gobierno. Si en el pasado el crecimiento era del 5, 6 por ciento, hoy es de un 0,1 por ciento. La percepci\u00f3n es otra\u201d.<\/p>\n<p>El analista agrega otro aspecto que tiene que ver con la renovaci\u00f3n del liderazgo. \u201cDaniel Mart\u00ednez provoca bajo rechazo, pero no despierta grandes pasiones, como s\u00ed Mujica. El FA se embarc\u00f3 en un proceso de renovaci\u00f3n con un costo, dado que no aparecieron en esta campa\u00f1a las figuras emblem\u00e1ticas como Tabar\u00e9, Mujica, Astori\u201d.<\/p>\n<p>Con todo, la coalici\u00f3n de centro-izquierda tendr\u00e1 que buscar seducir a votantes desencantados. Botinelli afirma que \u201cdos de cada diez colorados preferir\u00edan a Mart\u00ednez\u201d. Y que hay sectores bajos que votaron a Cabildo Abierto por el tema seguridad. \u201cTres puntos de los casi 11 vienen del sector de Mujica\u201d.<\/p>\n<p>El analista Jorge Lanzaro disiente en ese punto. \u201cLos votantes populares de Manini ser\u00e1n m\u00e1s dif\u00edciles de recuperar\u201d, afirma a este diario. El profesor de Ciencia Pol\u00edtica en la Universidad de la Rep\u00fablica sostiene que con un gobierno de derecha habr\u00e1 revisiones de pol\u00edticas. \u201cEn el modo en que se ajuste el gasto p\u00fablico, en el tratamiento de la negociaci\u00f3n colectiva de los salarios, en la sensibilidad con los derechos de las minor\u00edas. El FA tendi\u00f3 a favorecer a los trabajadores y los sindicatos. Muchos de los avances del Frente se respaldan con la trayectoria hist\u00f3rica de Uruguay como un estado de bienestar\u201d.<\/p>\n<p>Falta menos de un mes para que se desplieguen las estrategias partidarias y se develen las inc\u00f3gnitas.<\/p>\n","protected":false},"excerpt":{"rendered":"<p>\u201cNaci\u00f3 la coalici\u00f3n\u201d titul\u00f3 el diario El Observador este lunes de resaca electoral en referencia a la uni\u00f3n de las derechas con la ultraderecha de cara al ballottage del 24 de noviembre &nbsp; Seg\u00fan el escrutinio oficial, Daniel Mart\u00ednez, del centro-izquierdista Frente Amplio (FA), obtuvo un 39,2 por ciento y deber\u00e1 enfrentar a Luis Lacalle Pou, que consigui\u00f3 28,6 por ciento de los sufragios. El candidato del Partido Nacional (Blanco) parte con ventaja, respaldado por el colorado neoliberal Ernesto Talvi (obtuvo 12,3 por ciento) y el militar retirado Guido Manini&#8230;<\/p>\n","protected":false},"author":3,"featured_media":53202,"comment_status":"closed","ping_status":"closed","sticky":false,"template":"","format":"standard","meta":[],"categories":[4],"tags":[],"_links":{"self":[{"href":"https:\/\/www.actualidadadiario.com\/index.php\/wp-json\/wp\/v2\/posts\/53201"}],"collection":[{"href":"https:\/\/www.actualidadadiario.com\/index.php\/wp-json\/wp\/v2\/posts"}],"about":[{"href":"https:\/\/www.actualidadadiario.com\/index.php\/wp-json\/wp\/v2\/types\/post"}],"author":[{"embeddable":true,"href":"https:\/\/www.actualidadadiario.com\/index.php\/wp-json\/wp\/v2\/users\/3"}],"replies":[{"embeddable":true,"href":"https:\/\/www.actualidadadiario.com\/index.php\/wp-json\/wp\/v2\/comments?post=53201"}],"version-history":[{"count":1,"href":"https:\/\/www.actualidadadiario.com\/index.php\/wp-json\/wp\/v2\/posts\/53201\/revisions"}],"predecessor-version":[{"id":53203,"href":"https:\/\/www.actualidadadiario.com\/index.php\/wp-json\/wp\/v2\/posts\/53201\/revisions\/53203"}],"wp:featuredmedia":[{"embeddable":true,"href":"https:\/\/www.actualidadadiario.com\/index.php\/wp-json\/wp\/v2\/media\/53202"}],"wp:attachment":[{"href":"https:\/\/www.actualidadadiario.com\/index.php\/wp-json\/wp\/v2\/media?parent=53201"}],"wp:term":[{"taxonomy":"category","embeddable":true,"href":"https:\/\/www.actualidadadiario.com\/index.php\/wp-json\/wp\/v2\/categories?post=53201"},{"taxonomy":"post_tag","embeddable":true,"href":"https:\/\/www.actualidadadiario.com\/index.php\/wp-json\/wp\/v2\/tags?post=53201"}],"curies":[{"name":"wp","href":"https:\/\/api.w.org\/{rel}","templated":true}]}}