{"id":53192,"date":"2019-10-29T11:19:55","date_gmt":"2019-10-29T14:19:55","guid":{"rendered":"https:\/\/www.actualidadadiario.com\/?p=53192"},"modified":"2019-10-29T11:19:55","modified_gmt":"2019-10-29T14:19:55","slug":"alberto-fernandez-viaja-a-tucuman-para-la-asuncion-de-manzur","status":"publish","type":"post","link":"https:\/\/www.actualidadadiario.com\/index.php\/2019\/10\/29\/alberto-fernandez-viaja-a-tucuman-para-la-asuncion-de-manzur\/","title":{"rendered":"Alberto Fern\u00e1ndez viaja a Tucum\u00e1n para la asunci\u00f3n de Manzur"},"content":{"rendered":"<p style=\"text-align: center;\"><em><strong>El presidente electo Alberto Fern\u00e1ndez parti\u00f3 esta ma\u00f1ana con destino a Tucum\u00e1n, donde participar\u00e1 de la asunci\u00f3n del gobernador Juan Manzur, quien result\u00f3 reelecto en las elecciones de junio pasado por m\u00e1s del 50 por ciento de los votos<\/strong><\/em><\/p>\n<p>&nbsp;<\/p>\n<p>&nbsp;<\/p>\n<p>La ceremonia se realizar\u00e1 a partir de las 10 en el teatro Mercedes Sosa, donde Manzur asumir\u00e1 junto a Osvaldo Jaldo como vicegobernador. En el acto estar\u00e1n presentes dirigentes de la Confederaci\u00f3n General del Trabajo (CGT), la Uni\u00f3n Industrial Argentina (UIA) y diputados electos.<\/p>\n<p>El encuentro ser\u00e1 una oportunidad para escenificar el pacto econ\u00f3mico y social convocado por Fern\u00e1ndez durante la campa\u00f1a.<\/p>\n<p>Manzur fue reelecto con el 51,5 por ciento de los votos en las elecciones de junio de este a\u00f1o, cuando le sac\u00f3 una ventaja de 30 puntos a la candidata de Juntos por el Cambio, la senadora nacional Silvia El\u00edas de P\u00e9rez, que obtuvo el 20,6 por ciento.<\/p>\n","protected":false},"excerpt":{"rendered":"<p>El presidente electo Alberto Fern\u00e1ndez parti\u00f3 esta ma\u00f1ana con destino a Tucum\u00e1n, donde participar\u00e1 de la asunci\u00f3n del gobernador Juan Manzur, quien result\u00f3 reelecto en las elecciones de junio pasado por m\u00e1s del 50 por ciento de los votos &nbsp; &nbsp; La ceremonia se realizar\u00e1 a partir de las 10 en el teatro Mercedes Sosa, donde Manzur asumir\u00e1 junto a Osvaldo Jaldo como vicegobernador. En el acto estar\u00e1n presentes dirigentes de la Confederaci\u00f3n General del Trabajo (CGT), la Uni\u00f3n Industrial Argentina (UIA) y diputados electos. El encuentro ser\u00e1 una oportunidad&#8230;<\/p>\n","protected":false},"author":3,"featured_media":53193,"comment_status":"closed","ping_status":"closed","sticky":false,"template":"","format":"standard","meta":[],"categories":[18],"tags":[],"_links":{"self":[{"href":"https:\/\/www.actualidadadiario.com\/index.php\/wp-json\/wp\/v2\/posts\/53192"}],"collection":[{"href":"https:\/\/www.actualidadadiario.com\/index.php\/wp-json\/wp\/v2\/posts"}],"about":[{"href":"https:\/\/www.actualidadadiario.com\/index.php\/wp-json\/wp\/v2\/types\/post"}],"author":[{"embeddable":true,"href":"https:\/\/www.actualidadadiario.com\/index.php\/wp-json\/wp\/v2\/users\/3"}],"replies":[{"embeddable":true,"href":"https:\/\/www.actualidadadiario.com\/index.php\/wp-json\/wp\/v2\/comments?post=53192"}],"version-history":[{"count":1,"href":"https:\/\/www.actualidadadiario.com\/index.php\/wp-json\/wp\/v2\/posts\/53192\/revisions"}],"predecessor-version":[{"id":53194,"href":"https:\/\/www.actualidadadiario.com\/index.php\/wp-json\/wp\/v2\/posts\/53192\/revisions\/53194"}],"wp:featuredmedia":[{"embeddable":true,"href":"https:\/\/www.actualidadadiario.com\/index.php\/wp-json\/wp\/v2\/media\/53193"}],"wp:attachment":[{"href":"https:\/\/www.actualidadadiario.com\/index.php\/wp-json\/wp\/v2\/media?parent=53192"}],"wp:term":[{"taxonomy":"category","embeddable":true,"href":"https:\/\/www.actualidadadiario.com\/index.php\/wp-json\/wp\/v2\/categories?post=53192"},{"taxonomy":"post_tag","embeddable":true,"href":"https:\/\/www.actualidadadiario.com\/index.php\/wp-json\/wp\/v2\/tags?post=53192"}],"curies":[{"name":"wp","href":"https:\/\/api.w.org\/{rel}","templated":true}]}}