{"id":53190,"date":"2019-10-29T11:19:14","date_gmt":"2019-10-29T14:19:14","guid":{"rendered":"https:\/\/www.actualidadadiario.com\/?p=53190"},"modified":"2019-10-29T11:19:14","modified_gmt":"2019-10-29T14:19:14","slug":"el-gobierno-oficializo-el-pase-a-planta-permanente-de-386-trabajadores-en-el-estado","status":"publish","type":"post","link":"https:\/\/www.actualidadadiario.com\/index.php\/2019\/10\/29\/el-gobierno-oficializo-el-pase-a-planta-permanente-de-386-trabajadores-en-el-estado\/","title":{"rendered":"El Gobierno oficializ\u00f3 el pase a planta permanente de 386 trabajadores en el Estado"},"content":{"rendered":"<p style=\"text-align: center;\"><em><strong>A dos d\u00edas de las elecciones nacionales, en las que Alberto Fern\u00e1ndez del Frente de Todos se consagr\u00f3 como presidente electo, el Gobierno nacional oficializ\u00f3 el pase a planta permanente de 386 personas, que trabajar\u00e1n en la \u00f3rbita del Estado, en diferentes espacios. Las medidas fueron publicadas en el Bolet\u00edn Oficial de este martes, mediante varias disposiciones diferentes<\/strong><\/em><\/p>\n<p>&nbsp;<\/p>\n<p>&nbsp;<\/p>\n<p>De esta manera, mediante las disposiciones 4521, 4520, 4519, 4518, 4517, 4516, 4515 y 4509, la Direcci\u00f3n Nacional de Migraciones aprob\u00f3 386 pases a planta permanente dentro de su \u00e1rea. Las normativas cuentan con la firma del titular Horacio Jos\u00e9 Garc\u00eda y manifiesta que el gasto que demande llevar adelante este proceso, estar\u00e1 a cargo del Ministerio del Interior, Obras P\u00fablicas y Vivienda.<\/p>\n<p>Esta decisi\u00f3n se apoya en el decreto 355\/17, donde se dispone que toda designaci\u00f3n del personal ingresante a la planta permanente, luego de la sustanciaci\u00f3n de los respectivos procesos de selecci\u00f3n, en cargos vacantes y financiados presupuestariamente en el \u00e1mbito de la administraci\u00f3n p\u00fablica nacional centralizada en cargos de las estructuras organizativas, ser\u00e1n efectuadas en sus respectivas jurisdicciones por los ministros, los secretarios de la Presidencia de la Naci\u00f3n y los secretarios de Gobierno.<\/p>\n<p>Desde la Jefatura de Gabinete de Ministros, la Secretar\u00eda de Empleo P\u00fablico abri\u00f3 los concursos para ocupar 949 cargos en planta permanente dentro del Estado nacional, los que se suman a los 300 oficializados anteriormente. La medida fue oficializada el viernes pasado, en el \u00faltimo Bolet\u00edn Oficial previo a las elecciones presidenciales del domingo.<\/p>\n<p>De este modo, se abri\u00f3 la solicitud para la cobertura de 223 cargos vacantes y financiados de la Planta Permanente del Ministerio de Producci\u00f3n y Trabajo, un cargo en el Ministerio de Educaci\u00f3n, 95 cargos en el Ministerio del Interior, Obras P\u00fablicas y Vivienda, 10 en el Teatro Cervantes, 63 en la Secretar\u00eda de Gobierno de Modernizaci\u00f3n y 484 cargos en el Registro Nacional de las Personas.<\/p>\n","protected":false},"excerpt":{"rendered":"<p>A dos d\u00edas de las elecciones nacionales, en las que Alberto Fern\u00e1ndez del Frente de Todos se consagr\u00f3 como presidente electo, el Gobierno nacional oficializ\u00f3 el pase a planta permanente de 386 personas, que trabajar\u00e1n en la \u00f3rbita del Estado, en diferentes espacios. Las medidas fueron publicadas en el Bolet\u00edn Oficial de este martes, mediante varias disposiciones diferentes &nbsp; &nbsp; De esta manera, mediante las disposiciones 4521, 4520, 4519, 4518, 4517, 4516, 4515 y 4509, la Direcci\u00f3n Nacional de Migraciones aprob\u00f3 386 pases a planta permanente dentro de su \u00e1rea&#8230;.<\/p>\n","protected":false},"author":3,"featured_media":48603,"comment_status":"closed","ping_status":"closed","sticky":false,"template":"","format":"standard","meta":[],"categories":[18],"tags":[],"_links":{"self":[{"href":"https:\/\/www.actualidadadiario.com\/index.php\/wp-json\/wp\/v2\/posts\/53190"}],"collection":[{"href":"https:\/\/www.actualidadadiario.com\/index.php\/wp-json\/wp\/v2\/posts"}],"about":[{"href":"https:\/\/www.actualidadadiario.com\/index.php\/wp-json\/wp\/v2\/types\/post"}],"author":[{"embeddable":true,"href":"https:\/\/www.actualidadadiario.com\/index.php\/wp-json\/wp\/v2\/users\/3"}],"replies":[{"embeddable":true,"href":"https:\/\/www.actualidadadiario.com\/index.php\/wp-json\/wp\/v2\/comments?post=53190"}],"version-history":[{"count":1,"href":"https:\/\/www.actualidadadiario.com\/index.php\/wp-json\/wp\/v2\/posts\/53190\/revisions"}],"predecessor-version":[{"id":53191,"href":"https:\/\/www.actualidadadiario.com\/index.php\/wp-json\/wp\/v2\/posts\/53190\/revisions\/53191"}],"wp:featuredmedia":[{"embeddable":true,"href":"https:\/\/www.actualidadadiario.com\/index.php\/wp-json\/wp\/v2\/media\/48603"}],"wp:attachment":[{"href":"https:\/\/www.actualidadadiario.com\/index.php\/wp-json\/wp\/v2\/media?parent=53190"}],"wp:term":[{"taxonomy":"category","embeddable":true,"href":"https:\/\/www.actualidadadiario.com\/index.php\/wp-json\/wp\/v2\/categories?post=53190"},{"taxonomy":"post_tag","embeddable":true,"href":"https:\/\/www.actualidadadiario.com\/index.php\/wp-json\/wp\/v2\/tags?post=53190"}],"curies":[{"name":"wp","href":"https:\/\/api.w.org\/{rel}","templated":true}]}}