{"id":5318,"date":"2016-12-05T10:09:25","date_gmt":"2016-12-05T13:09:25","guid":{"rendered":"http:\/\/actualidadadiario.com\/site\/?p=5318"},"modified":"2016-12-05T10:09:25","modified_gmt":"2016-12-05T13:09:25","slug":"renzi-confirma-su-renuncia-tras-el-aplastante-triunfo-del-no-en-el-referendo-de-italia","status":"publish","type":"post","link":"https:\/\/www.actualidadadiario.com\/index.php\/2016\/12\/05\/renzi-confirma-su-renuncia-tras-el-aplastante-triunfo-del-no-en-el-referendo-de-italia\/","title":{"rendered":"Renzi confirma su renuncia tras el aplastante triunfo del &#8220;No&#8221; en el referendo de Italia"},"content":{"rendered":"<p><em><strong>Los italianos rechazaron este domingo en un refer\u00e9ndum la reforma de la Constituci\u00f3n promovida por el primer ministro, Matteo Renzi, el cual confirm\u00f3 su renuncia tal como hab\u00eda adelantado tras la derrota de su propuesta. Renzi, dijo, presentar\u00e1 su dimisi\u00f3n al presidente Sergio Mattarella este domingo<\/strong><\/em><\/p>\n<p>&nbsp;<\/p>\n<p>&nbsp;<\/p>\n<p>&nbsp;<\/p>\n<p>&nbsp;<\/p>\n<p>&nbsp;<\/p>\n<p>&nbsp;<\/p>\n<p>&nbsp;<\/p>\n<p>&#8220;La experiencia de mi Gobierno termina aqu\u00ed&#8221;, dijo Renzi en un discurso televisado ante la naci\u00f3n, despu\u00e9s de que los resultados preliminares del referendo mostraron una ventaja para la opci\u00f3n &#8220;No&#8221; en contra de las reformas.<\/p>\n<p>&nbsp;<\/p>\n<p>La renuncia de Renzi podr\u00eda abrir la puerta para elecciones anticipadas el pr\u00f3ximo a\u00f1o y a la posibilidad de que un partido anti euro, el opositor Movimento 5 Estrellas, gane poder. El 5 Estrellas hizo una activa campa\u00f1a a favor del &#8220;No&#8221;.<\/p>\n<p>&nbsp;<\/p>\n<p>Las primeras proyecciones indican que el &#8216;no&#8217; se impuso con el 59,41% de los votos mientras que el &#8220;s\u00ed&#8221; obtuvo un 40,59%, tal como hab\u00edan adelantado los sondeos durante la semana.<\/p>\n<p>&nbsp;<\/p>\n<p>Se trata de una diferencia notable de unos 10 puntos que dif\u00edcilmente podr\u00eda cambiar.<\/p>\n<p>&nbsp;<\/p>\n<p>Un alto porcentaje de los 50 millones de italianos, casi el 70% de los llamados a las urnas, se pronunci\u00f3 sobre la reforma constitucional promovida por Renzi, quien vincul\u00f3 su carrera pol\u00edtica a una victoria del s\u00ed.<\/p>\n<p>&nbsp;<\/p>\n<p>Para este refer\u00e9ndum adem\u00e1s no era necesaria una participaci\u00f3n m\u00ednima, como ha ocurrido en otras ocasiones, por lo que el resultado ser\u00e1 vinculante.<\/p>\n<p>&nbsp;<\/p>\n<p>La votaci\u00f3n se convirti\u00f3 en un plebiscito sobre Renzi quien decidi\u00f3 someter a refer\u00e9ndum los cambios que propone de la Constituci\u00f3n de 1948, entre ellos una dr\u00e1stica reducci\u00f3n de los poderes del Senado con el fin de facilitar la gobernabilidad y acelerar el proceso legislativo.<\/p>\n<p>&nbsp;<\/p>\n<p>&#8220;Tiene que renunciar&#8221;, pidi\u00f3 pocos minutos despu\u00e9s de conocer los primeros sondeos el l\u00edder de la xen\u00f3foba Liga Norte, Matteo Salvini, entre los defensores del no.<\/p>\n<p>&nbsp;<\/p>\n<p>Renzi propon\u00eda el fin del actual sistema parlamentario, el llamado &#8220;bicameralismo perfecto&#8221;, que otorga el mismo poder a la C\u00e1mara de Diputados y al Senado, y la reducci\u00f3n del n\u00famero de senadores, de 300 a unos 100, convirtiendo esa c\u00e1mara en una suerte de C\u00e1mara territorial.<\/p>\n<p>&nbsp;<\/p>\n<p>La mayor\u00eda de la clase pol\u00edtica, desde la extrema izquierda hasta la extrema derecha, e incluso cr\u00edticos de la propia formaci\u00f3n de Renzi, el Partido Democr\u00e1tico (PD), se opusieron a la reforma que, seg\u00fan ellos, otorgaba demasiado poder al jefe de gobierno.<\/p>\n<p>&nbsp;<\/p>\n<p>El primer ministro, que no perdi\u00f3 ocasi\u00f3n para defender la reforma en todos los medios de comunicaci\u00f3n posibles, la consideraba un &#8220;paso hist\u00f3rico&#8221; para modernizar Italia.<\/p>\n<p>&nbsp;<\/p>\n<p>La campa\u00f1a sobre la reforma encendi\u00f3 los \u00e1nimos y dividi\u00f3 el pa\u00eds e inclusive a las familias entre los que votaron s\u00ed y aquellos que optaron por el no.<\/p>\n<p>&nbsp;<\/p>\n<p>Reforzado por la ola populista que termin\u00f3 con la victoria del Brexit en el Reino Unido y de Donald Trump en Estados Unidos, el l\u00edder de la formaci\u00f3n antisistema Movimiento 5 Estrellas, el c\u00f3mico Beppe Grillo, se convirti\u00f3 en el portavoz de quienes se oponen a la reforma, y en el rival directo de Renzi.<\/p>\n<p>&nbsp;<\/p>\n<p>Fiel a su lenguaje crudo, lleg\u00f3 a tildar a Renzi de &#8220;cerda herida&#8221; y tras pedir a los italianos que votaran &#8220;con las tripas&#8221;, advirti\u00f3 que pedir\u00eda elecciones anticipadas en caso de victoria del no.<\/p>\n<p>&nbsp;<\/p>\n<p>&#8220;Se gane o se pierda da lo mismo, el pa\u00eds est\u00e1 partido por la mitad&#8221;, concluy\u00f3 con inusual tono afligido Grillo.<\/p>\n<p>&nbsp;<\/p>\n<p>La reforma de Renzi desat\u00f3 tambi\u00e9n importantes cr\u00edticas de prestigiosos intelectuales y expertos en la Constituci\u00f3n, quienes consideran las nuevas medidas &#8220;un retroceso democr\u00e1tico&#8221;, de corte &#8220;autoritario&#8221;.<\/p>\n<p>&nbsp;<\/p>\n<p>M\u00e1s de cuatro millones de italianos residentes en el extranjero, entre ellos 650.000 en Argentina.<\/p>\n<p>&nbsp;<\/p>\n<p>Muchos votantes rechazaron el m\u00e9todo con el que Renzi quer\u00eda reformar la Carta Magna, un texto que muchos consideran sagrado, redactado en 1948 tras la Segunda Guerra Mundial y los veinte a\u00f1os de gobierno fascista, y que tuvo como objetivo evitar el surgimiento de otro dictador como Benito Mussolini.<\/p>\n<p>&nbsp;<\/p>\n<p>&#8220;Vot\u00e9 un no claro&#8221;, declar\u00f3 a la AFP Fernando Angelaccio, de 77 a\u00f1os, tras acudir a las urnas en Roma. &#8220;La Constituci\u00f3n no se toca. Renzi s\u00f3lo quiere m\u00e1s poderes, su prioridad es salvar a los bancos no a los jubilados&#8221;, a\u00f1adi\u00f3.<\/p>\n<p>&nbsp;<\/p>\n<p>Antonio, de 84 a\u00f1os, vot\u00f3 en cambio entusiasmado por el s\u00ed: &#8220;Hace 40 a\u00f1os que esperamos una reforma y nadie hizo nada. Necesitamos un gobierno que tenga suficientes votos, que pueda durar cinco a\u00f1os, s\u00f3lo despu\u00e9s cambiaremos&#8221;.<\/p>\n","protected":false},"excerpt":{"rendered":"<p>Los italianos rechazaron este domingo en un refer\u00e9ndum la reforma de la Constituci\u00f3n promovida por el primer ministro, Matteo Renzi, el cual confirm\u00f3 su renuncia tal como hab\u00eda adelantado tras la derrota de su propuesta. Renzi, dijo, presentar\u00e1 su dimisi\u00f3n al presidente Sergio Mattarella este domingo &nbsp; &nbsp; &nbsp; &nbsp; &nbsp; &nbsp; &nbsp; &#8220;La experiencia de mi Gobierno termina aqu\u00ed&#8221;, dijo Renzi en un discurso televisado ante la naci\u00f3n, despu\u00e9s de que los resultados preliminares del referendo mostraron una ventaja para la opci\u00f3n &#8220;No&#8221; en contra de las reformas. &nbsp;&#8230;<\/p>\n","protected":false},"author":3,"featured_media":5319,"comment_status":"closed","ping_status":"closed","sticky":false,"template":"","format":"standard","meta":[],"categories":[4],"tags":[],"_links":{"self":[{"href":"https:\/\/www.actualidadadiario.com\/index.php\/wp-json\/wp\/v2\/posts\/5318"}],"collection":[{"href":"https:\/\/www.actualidadadiario.com\/index.php\/wp-json\/wp\/v2\/posts"}],"about":[{"href":"https:\/\/www.actualidadadiario.com\/index.php\/wp-json\/wp\/v2\/types\/post"}],"author":[{"embeddable":true,"href":"https:\/\/www.actualidadadiario.com\/index.php\/wp-json\/wp\/v2\/users\/3"}],"replies":[{"embeddable":true,"href":"https:\/\/www.actualidadadiario.com\/index.php\/wp-json\/wp\/v2\/comments?post=5318"}],"version-history":[{"count":1,"href":"https:\/\/www.actualidadadiario.com\/index.php\/wp-json\/wp\/v2\/posts\/5318\/revisions"}],"predecessor-version":[{"id":5320,"href":"https:\/\/www.actualidadadiario.com\/index.php\/wp-json\/wp\/v2\/posts\/5318\/revisions\/5320"}],"wp:featuredmedia":[{"embeddable":true,"href":"https:\/\/www.actualidadadiario.com\/index.php\/wp-json\/wp\/v2\/media\/5319"}],"wp:attachment":[{"href":"https:\/\/www.actualidadadiario.com\/index.php\/wp-json\/wp\/v2\/media?parent=5318"}],"wp:term":[{"taxonomy":"category","embeddable":true,"href":"https:\/\/www.actualidadadiario.com\/index.php\/wp-json\/wp\/v2\/categories?post=5318"},{"taxonomy":"post_tag","embeddable":true,"href":"https:\/\/www.actualidadadiario.com\/index.php\/wp-json\/wp\/v2\/tags?post=5318"}],"curies":[{"name":"wp","href":"https:\/\/api.w.org\/{rel}","templated":true}]}}