{"id":5315,"date":"2016-12-05T10:08:26","date_gmt":"2016-12-05T13:08:26","guid":{"rendered":"http:\/\/actualidadadiario.com\/site\/?p=5315"},"modified":"2016-12-05T10:08:26","modified_gmt":"2016-12-05T13:08:26","slug":"alertan-sobre-la-grave-situacion-que-atraviesa-ypf","status":"publish","type":"post","link":"https:\/\/www.actualidadadiario.com\/index.php\/2016\/12\/05\/alertan-sobre-la-grave-situacion-que-atraviesa-ypf\/","title":{"rendered":"Alertan sobre la grave situaci\u00f3n que atraviesa YPF"},"content":{"rendered":"<p><em><strong>Gremialistas del sector petrolero advierten sobre la brutal reducci\u00f3n de las inversiones, lo que llevar\u00e1 a miles de despidos, y piden &#8220;controlar a YPF&#8221;<\/strong><\/em><\/p>\n<p>&nbsp;<\/p>\n<p>&nbsp;<\/p>\n<p>&nbsp;<\/p>\n<p>&nbsp;<\/p>\n<p>Como se sabe, la compa\u00f1\u00eda YPF decidi\u00f3 dar de baja operativa a 33 equipos de perforaci\u00f3n y de mantenimiento en yacimientos en la cuenca de la provincia de Neuqu\u00e9n, lo que afectar\u00eda a m\u00e1s de dos mil puestos de trabajo.<\/p>\n<p>&nbsp;<\/p>\n<p>Por esa raz\u00f3n, Sindicato de Personal Jer\u00e1rquico y Profesional del Petr\u00f3leo y el Gas Privado de Neuqu\u00e9n, R\u00edo Negro y La Pampa realiza un paro de actividades por 48 horas, reclamando adem\u00e1s &#8220;controlar a YPF&#8221;.<\/p>\n<p>&nbsp;<\/p>\n<p>&#8220;Porque no puede ser que de un d\u00eda para el otro no tengan plata&#8221;, explic\u00f3 Manuel Ar\u00e9valo, secretario general del mencionado sindicato, quien pidi\u00f3 investigar &#8220;en qu\u00e9 invierten, c\u00f3mo son los contratos con las empresas internacionales&#8221; de la petrolera de bandera.<\/p>\n<p>&nbsp;<\/p>\n<p>En declaraciones por radio Del Plata, el gremialista explic\u00f3 que hab\u00edan acordado con el Gobierno negociar cambios en el convenio colectivo del sector &#8220;sin despidos&#8221;, pero que, &#8220;repentinamente&#8221;, la petrolera estatal &#8220;saca los pies del plato y toma esta medida&#8221;.<\/p>\n<p>&nbsp;<\/p>\n<p>&#8220;Lo que dice YPF es que este a\u00f1o ellos invirtieron m\u00e1s de 4 mil millones de d\u00f3lares, y para el a\u00f1o que viene tienen previsto menos de dos mil millones; que con algo de aporte de los socios llegar\u00eda a la mitad de lo que fue este a\u00f1o&#8221;, precis\u00f3 Ar\u00e9valo.<\/p>\n<p>&nbsp;<\/p>\n<p>Por \u00faltimo, y tras afirmar que &#8220;ning\u00fan funcionario se hace responsable&#8221; de la situaci\u00f3n, Ar\u00e9valo advirti\u00f3 que el Gobierno &#8220;est\u00e1 importando gasoil, fuel oil y petr\u00f3leo, y hay empresas chicas que no pueden meter su petr\u00f3leo en el mercado interno&#8221;.<\/p>\n","protected":false},"excerpt":{"rendered":"<p>Gremialistas del sector petrolero advierten sobre la brutal reducci\u00f3n de las inversiones, lo que llevar\u00e1 a miles de despidos, y piden &#8220;controlar a YPF&#8221; &nbsp; &nbsp; &nbsp; &nbsp; Como se sabe, la compa\u00f1\u00eda YPF decidi\u00f3 dar de baja operativa a 33 equipos de perforaci\u00f3n y de mantenimiento en yacimientos en la cuenca de la provincia de Neuqu\u00e9n, lo que afectar\u00eda a m\u00e1s de dos mil puestos de trabajo. &nbsp; Por esa raz\u00f3n, Sindicato de Personal Jer\u00e1rquico y Profesional del Petr\u00f3leo y el Gas Privado de Neuqu\u00e9n, R\u00edo Negro y La&#8230;<\/p>\n","protected":false},"author":3,"featured_media":5316,"comment_status":"closed","ping_status":"closed","sticky":false,"template":"","format":"standard","meta":[],"categories":[9],"tags":[],"_links":{"self":[{"href":"https:\/\/www.actualidadadiario.com\/index.php\/wp-json\/wp\/v2\/posts\/5315"}],"collection":[{"href":"https:\/\/www.actualidadadiario.com\/index.php\/wp-json\/wp\/v2\/posts"}],"about":[{"href":"https:\/\/www.actualidadadiario.com\/index.php\/wp-json\/wp\/v2\/types\/post"}],"author":[{"embeddable":true,"href":"https:\/\/www.actualidadadiario.com\/index.php\/wp-json\/wp\/v2\/users\/3"}],"replies":[{"embeddable":true,"href":"https:\/\/www.actualidadadiario.com\/index.php\/wp-json\/wp\/v2\/comments?post=5315"}],"version-history":[{"count":1,"href":"https:\/\/www.actualidadadiario.com\/index.php\/wp-json\/wp\/v2\/posts\/5315\/revisions"}],"predecessor-version":[{"id":5317,"href":"https:\/\/www.actualidadadiario.com\/index.php\/wp-json\/wp\/v2\/posts\/5315\/revisions\/5317"}],"wp:featuredmedia":[{"embeddable":true,"href":"https:\/\/www.actualidadadiario.com\/index.php\/wp-json\/wp\/v2\/media\/5316"}],"wp:attachment":[{"href":"https:\/\/www.actualidadadiario.com\/index.php\/wp-json\/wp\/v2\/media?parent=5315"}],"wp:term":[{"taxonomy":"category","embeddable":true,"href":"https:\/\/www.actualidadadiario.com\/index.php\/wp-json\/wp\/v2\/categories?post=5315"},{"taxonomy":"post_tag","embeddable":true,"href":"https:\/\/www.actualidadadiario.com\/index.php\/wp-json\/wp\/v2\/tags?post=5315"}],"curies":[{"name":"wp","href":"https:\/\/api.w.org\/{rel}","templated":true}]}}