{"id":53131,"date":"2019-10-28T12:25:18","date_gmt":"2019-10-28T15:25:18","guid":{"rendered":"https:\/\/www.actualidadadiario.com\/?p=53131"},"modified":"2019-10-28T12:25:18","modified_gmt":"2019-10-28T15:25:18","slug":"mandatarios-y-dirigentes-de-la-region-felicitaron-a-alberto-fernandez-y-cristina-kirchner","status":"publish","type":"post","link":"https:\/\/www.actualidadadiario.com\/index.php\/2019\/10\/28\/mandatarios-y-dirigentes-de-la-region-felicitaron-a-alberto-fernandez-y-cristina-kirchner\/","title":{"rendered":"Mandatarios y dirigentes de la regi\u00f3n felicitaron a Alberto Fern\u00e1ndez y Cristina Kirchner"},"content":{"rendered":"<p style=\"text-align: center;\"><em><strong>Presidentes y dirigentes de distintos pa\u00edses saludaron a Alberto Fern\u00e1ndez y Cristina Kirchner, tras el triunfo de ayer en las elecciones que desbancaron en primera vuelta al presidente neoliberal Mauricio Macri<\/strong><\/em><\/p>\n<p>&nbsp;<\/p>\n<p>&nbsp;<\/p>\n<p>Adem\u00e1s de enviar \u201cfelicitaciones y un abrazo revolucionario\u201d a la f\u00f3rmula ganadora, el presidente de Bolivia, Evo Morales, agradeci\u00f3 tambi\u00e9n la menci\u00f3n que CFK hizo de \u00e9l en su discurso de ayer, cuando se refiri\u00f3 a su reelecci\u00f3n.<\/p>\n<p>El ex mandatario de Brasil Luis In\u00e1cio Lula Da Silva tambi\u00e9n se hizo eco del triunfo del Frente de Todos y en su cuenta de Twitter subi\u00f3 un tramo del discurso de anoche en el que Alberto Fern\u00e1ndez asegur\u00f3 que seguir\u00e1 \u201cpidiendo por su libertad\u201d y frente a la multitud exclam\u00f3 \u201cLula libre\u201d.<\/p>\n<p>\u201cEn hora buena, Alberto\u201d, tuite\u00f3 el presidente del gobierno de Espa\u00f1a, Pedro S\u00e1nchez, a trav\u00e9s de un mensaje en el que le manifest\u00f3 su \u201capoyo\u201d.<\/p>\n<p>\u201cNos une nuestro idioma, la Comunidad Iberoamericana y fuertes lazos que seguiremos estrechando\u201d, dijo.<\/p>\n<p>A trav\u00e9s de su Secretar\u00eda de Relaciones Exteriores, el Gobierno de M\u00e9xico tambi\u00e9n salud\u00f3 a alferdez&#8221;&gt;@alferdez por su triunfo y ratific\u00f3 su \u201cplena disposici\u00f3n para renovar los lazos de amistad y cooperaci\u00f3n que hist\u00f3ricamente nos unen\u201d a ambos pa\u00edses.<\/p>\n<p>Lo mismo hizo Maximiliano Reyes Zu\u00f1iga, el secretario para Am\u00e9rica Latina del gobierno de Andr\u00e9s Manuel L\u00f3pez Obrador. \u201cTrabajaremos con el Presidente electo desde el primer d\u00eda a favor de la unidad latinoamericana y en beneficio de nuestros pueblos hermanos\u201d, prometi\u00f3.<\/p>\n<p>Por su parte, el ex presidente de Ecuador Rafael Correa no solo retuite\u00f3 desde ayer cada novedad sobre la victoria del Frente de Todos sino que adem\u00e1s rescat\u00f3 la figura de N\u00e9stor Kirchner: \u201cEra el noveno aniversario del \u2018Hasta pronto\u2019 de N\u00e9stor. Eran los 74 a\u00f1os de Lula. Entonces&#8230; \u00a1Era imposible perder! \u00a1Gracias Argentina! \u00a1Hasta la victoria siempre!\u201d<\/p>\n<p>Desde Rusia, donde realiza una visita protocolar, el presidente de Cuba, Miguel D\u00edaz Canel celebr\u00f3 que el triunfo de la f\u00f3rmula Fern\u00e1ndez-Fern\u00e1ndez \u201cpropicia una derrota al neoliberalismo\u201d. \u201cLa Patria Grande est\u00e1 de celebraci\u00f3n\u201d, remarc\u00f3<\/p>\n<p>Sebasti\u00e1n Pi\u00f1era, el presidente chileno jaqueado por las masivas protestas sociales y pol\u00edticas que exigen su dimisi\u00f3n al cargo, felicit\u00f3 a Alberto Fern\u00e1ndez y se manifest\u00f3 \u201cseguro (de) que trabajaremos con voluntad, fuerza y visi\u00f3n de futuro en favor del bienestar de nuestros pueblos y la integraci\u00f3n sudamericana\u201d.<\/p>\n<p>\u201cEn un ejercicio hist\u00f3rico democr\u00e1tico, han derrotado al neoliberalismo del FMI\u201d, escribi\u00f3 el mandatario venezolano, Nicol\u00e1s Maduro, que calific\u00f3 de \u201cheroico\u201d al pueblo argentino y sostuvo que las elecciones de ayer abrieron un \u201chorizonte de esperanza hacia un futuro mejor para la Argentina\u201d.<\/p>\n","protected":false},"excerpt":{"rendered":"<p>Presidentes y dirigentes de distintos pa\u00edses saludaron a Alberto Fern\u00e1ndez y Cristina Kirchner, tras el triunfo de ayer en las elecciones que desbancaron en primera vuelta al presidente neoliberal Mauricio Macri &nbsp; &nbsp; Adem\u00e1s de enviar \u201cfelicitaciones y un abrazo revolucionario\u201d a la f\u00f3rmula ganadora, el presidente de Bolivia, Evo Morales, agradeci\u00f3 tambi\u00e9n la menci\u00f3n que CFK hizo de \u00e9l en su discurso de ayer, cuando se refiri\u00f3 a su reelecci\u00f3n. El ex mandatario de Brasil Luis In\u00e1cio Lula Da Silva tambi\u00e9n se hizo eco del triunfo del Frente de&#8230;<\/p>\n","protected":false},"author":3,"featured_media":53132,"comment_status":"closed","ping_status":"closed","sticky":false,"template":"","format":"standard","meta":[],"categories":[4],"tags":[],"_links":{"self":[{"href":"https:\/\/www.actualidadadiario.com\/index.php\/wp-json\/wp\/v2\/posts\/53131"}],"collection":[{"href":"https:\/\/www.actualidadadiario.com\/index.php\/wp-json\/wp\/v2\/posts"}],"about":[{"href":"https:\/\/www.actualidadadiario.com\/index.php\/wp-json\/wp\/v2\/types\/post"}],"author":[{"embeddable":true,"href":"https:\/\/www.actualidadadiario.com\/index.php\/wp-json\/wp\/v2\/users\/3"}],"replies":[{"embeddable":true,"href":"https:\/\/www.actualidadadiario.com\/index.php\/wp-json\/wp\/v2\/comments?post=53131"}],"version-history":[{"count":1,"href":"https:\/\/www.actualidadadiario.com\/index.php\/wp-json\/wp\/v2\/posts\/53131\/revisions"}],"predecessor-version":[{"id":53133,"href":"https:\/\/www.actualidadadiario.com\/index.php\/wp-json\/wp\/v2\/posts\/53131\/revisions\/53133"}],"wp:featuredmedia":[{"embeddable":true,"href":"https:\/\/www.actualidadadiario.com\/index.php\/wp-json\/wp\/v2\/media\/53132"}],"wp:attachment":[{"href":"https:\/\/www.actualidadadiario.com\/index.php\/wp-json\/wp\/v2\/media?parent=53131"}],"wp:term":[{"taxonomy":"category","embeddable":true,"href":"https:\/\/www.actualidadadiario.com\/index.php\/wp-json\/wp\/v2\/categories?post=53131"},{"taxonomy":"post_tag","embeddable":true,"href":"https:\/\/www.actualidadadiario.com\/index.php\/wp-json\/wp\/v2\/tags?post=53131"}],"curies":[{"name":"wp","href":"https:\/\/api.w.org\/{rel}","templated":true}]}}