{"id":5311,"date":"2016-11-30T10:37:20","date_gmt":"2016-11-30T13:37:20","guid":{"rendered":"http:\/\/actualidadadiario.com\/site\/?p=5311"},"modified":"2016-11-30T10:37:20","modified_gmt":"2016-11-30T13:37:20","slug":"la-provincia-actualizo-los-valores-para-las-prestaciones-brindadas-en-efectores-publicos","status":"publish","type":"post","link":"https:\/\/www.actualidadadiario.com\/index.php\/2016\/11\/30\/la-provincia-actualizo-los-valores-para-las-prestaciones-brindadas-en-efectores-publicos\/","title":{"rendered":"La Provincia actualiz\u00f3 los valores para las prestaciones brindadas en efectores p\u00fablicos"},"content":{"rendered":"<p><em><strong>El Ministerio de Salud rubric\u00f3 un acta acuerdo con el Instituto de Obra Social de la Provincia de Entre R\u00edos (Iosper) que modifica el nomenclador hospitalario, homolog\u00e1ndolo al utilizado por los prestadores privados para las prestaciones del primer y segundo nivel. Las modificaciones establecidas y las readecuaciones de montos entrar\u00e1n en vigencia a partir de este jueves<\/strong><\/em><\/p>\n<p>&nbsp;<\/p>\n<p>&nbsp;<\/p>\n<p>&nbsp;<\/p>\n<p>&nbsp;<\/p>\n<p>&nbsp;<\/p>\n<p>El ministro de Salud, Ariel de la Rosa, y el presidente del Iosper, Fernando Ca\u00f1ete, firmaron el acta acuerdo en un acto realizado en el despacho ministerial de Casa de Gobierno.<\/p>\n<p>&nbsp;<\/p>\n<p>En ese marco, estuvieron presentes el secretario de Salud, Mario Imaz; el secretario de Gesti\u00f3n Sanitaria, Sergio Schmunck; el director de Atenci\u00f3n M\u00e9dica, Mario Tizzoni; la directora general del Primer Nivel de Atenci\u00f3n, Flavia Maidana; la directora de Contrataciones de la cartera sanitaria, Luisa Berruezo; y por Iosper, los directores Marcelo Pagani; Adri\u00e1n Eduardo G\u00f3mez; Ricardo Jos\u00e9 Bertonchini y Felipe Fabi\u00e1n Monz\u00f3n.<\/p>\n<p>&nbsp;<\/p>\n<p>\u201cReeditamos el convenio prestacional, se han puesto al d\u00eda los valores, con un esfuerzo de la obra social que valoramos much\u00edsimo, y manteniendo esta relaci\u00f3n estrecha que tenemos con el directorio en la comunicaci\u00f3n y el trabajo en conjunto\u201d, manifest\u00f3 el ministro De la Rosa, durante el acontecimiento.<\/p>\n<p>&nbsp;<\/p>\n<p>Por su parte, el presidente del Iosper, Fernando Ca\u00f1ete, resalt\u00f3: &#8220;Desde 2013 que los valores que pagaba la obra social al Ministerio de Salud por los afiliados que se tratan en los hospitales p\u00fablicos eran muy bajos, irrisorios\u201d. En ese sentido, indic\u00f3 que el acta acuerdo comprende \u201cprestaciones ambulatorias y gastos sanatoriales del segundo nivel\u201d.<\/p>\n<p>&nbsp;<\/p>\n<p>Para ello se modificaron no s\u00f3lo los valores, sino que previamente se estableci\u00f3 un cambio por el cual se transform\u00f3 a las unidades hospitalarias en unidades sanatoriales, equipar\u00e1ndolas con el efector privado, para de all\u00ed en m\u00e1s establecer los aumentos que les permitan a los hospitales percibir ingresos acordes al servicio que prestan.<\/p>\n<p>&nbsp;<\/p>\n<p>&#8220;De ahora en m\u00e1s nuestros afiliados van a poder ir tranquilos a los hospitales p\u00fablicos, y los hospitales p\u00fablicos van a poder brindar un servicio sabiendo que va a estar autorizado en su arancel y que la obra social les paga&#8221;, declar\u00f3 Ca\u00f1ete.<\/p>\n<p>&nbsp;<\/p>\n<p>En tanto, el titular de la cartera sanitaria destac\u00f3 que a trav\u00e9s de los a\u00f1os la obra social ha mantenido un perfil solidario, con una cobertura amplia; y subray\u00f3: \u201cM\u00e1s que la firma de un convenio esto es un acto de justicia, por la postergaci\u00f3n de tantos a\u00f1os que sufr\u00eda el efector p\u00fablico, que en muchos lugares de nuestra provincia es el \u00fanico efector, desde donde brindamos atenci\u00f3n y contenci\u00f3n a toda la poblaci\u00f3n\u201d.<\/p>\n","protected":false},"excerpt":{"rendered":"<p>El Ministerio de Salud rubric\u00f3 un acta acuerdo con el Instituto de Obra Social de la Provincia de Entre R\u00edos (Iosper) que modifica el nomenclador hospitalario, homolog\u00e1ndolo al utilizado por los prestadores privados para las prestaciones del primer y segundo nivel. Las modificaciones establecidas y las readecuaciones de montos entrar\u00e1n en vigencia a partir de este jueves &nbsp; &nbsp; &nbsp; &nbsp; &nbsp; El ministro de Salud, Ariel de la Rosa, y el presidente del Iosper, Fernando Ca\u00f1ete, firmaron el acta acuerdo en un acto realizado en el despacho ministerial de&#8230;<\/p>\n","protected":false},"author":3,"featured_media":5312,"comment_status":"closed","ping_status":"closed","sticky":false,"template":"","format":"standard","meta":[],"categories":[15],"tags":[],"_links":{"self":[{"href":"https:\/\/www.actualidadadiario.com\/index.php\/wp-json\/wp\/v2\/posts\/5311"}],"collection":[{"href":"https:\/\/www.actualidadadiario.com\/index.php\/wp-json\/wp\/v2\/posts"}],"about":[{"href":"https:\/\/www.actualidadadiario.com\/index.php\/wp-json\/wp\/v2\/types\/post"}],"author":[{"embeddable":true,"href":"https:\/\/www.actualidadadiario.com\/index.php\/wp-json\/wp\/v2\/users\/3"}],"replies":[{"embeddable":true,"href":"https:\/\/www.actualidadadiario.com\/index.php\/wp-json\/wp\/v2\/comments?post=5311"}],"version-history":[{"count":1,"href":"https:\/\/www.actualidadadiario.com\/index.php\/wp-json\/wp\/v2\/posts\/5311\/revisions"}],"predecessor-version":[{"id":5313,"href":"https:\/\/www.actualidadadiario.com\/index.php\/wp-json\/wp\/v2\/posts\/5311\/revisions\/5313"}],"wp:featuredmedia":[{"embeddable":true,"href":"https:\/\/www.actualidadadiario.com\/index.php\/wp-json\/wp\/v2\/media\/5312"}],"wp:attachment":[{"href":"https:\/\/www.actualidadadiario.com\/index.php\/wp-json\/wp\/v2\/media?parent=5311"}],"wp:term":[{"taxonomy":"category","embeddable":true,"href":"https:\/\/www.actualidadadiario.com\/index.php\/wp-json\/wp\/v2\/categories?post=5311"},{"taxonomy":"post_tag","embeddable":true,"href":"https:\/\/www.actualidadadiario.com\/index.php\/wp-json\/wp\/v2\/tags?post=5311"}],"curies":[{"name":"wp","href":"https:\/\/api.w.org\/{rel}","templated":true}]}}