{"id":5301,"date":"2016-11-30T10:08:52","date_gmt":"2016-11-30T13:08:52","guid":{"rendered":"http:\/\/actualidadadiario.com\/site\/?p=5301"},"modified":"2016-11-30T10:08:52","modified_gmt":"2016-11-30T13:08:52","slug":"el-presupuesto-ingresa-al-senado-y-se-aprobara-a-mediados-de-diciembre","status":"publish","type":"post","link":"https:\/\/www.actualidadadiario.com\/index.php\/2016\/11\/30\/el-presupuesto-ingresa-al-senado-y-se-aprobara-a-mediados-de-diciembre\/","title":{"rendered":"El Presupuesto ingresa al Senado y se aprobar\u00e1 a mediados de diciembre"},"content":{"rendered":"<p><em><strong>La C\u00e1mara de Senadores dar\u00e1 ingreso hoy al proyecto de ley de presupuesto que tiene media sanci\u00f3n de Diputados, con la idea de aprobarlo en un par de semanas<\/strong><\/em><\/p>\n<p>&nbsp;<\/p>\n<p>&nbsp;<\/p>\n<p>&nbsp;<\/p>\n<p>&nbsp;<\/p>\n<p>&nbsp;<\/p>\n<p>La C\u00e1mara de Senadores sesionar\u00e1 hoy a las 11, luego de que fueran postergadas las convocatorias de la semana pasada debido al fallecimiento del legislador del departamento Feliciano, Osvaldo Viano. A partir de esta sesi\u00f3n esa banca ser\u00e1 ocupada por la senadora Miriam Espinoza que tras prestar juramento se sumar\u00e1 al bloque oficialista.<\/p>\n<p>&nbsp;<\/p>\n<p>El proyecto de presupuesto remitido oportunamente por el Ejecutivo fue analizado en distintas reuniones de comisi\u00f3n en Diputados, con la presencia incluso del propio Ministro de Econom\u00eda, y la participaci\u00f3n de senadores. Esas instancias, sirvieron entre otras cuestiones, para que se atendiera en algunos casos, la inclusi\u00f3n de obras en los departamentos. En consecuencia, estar\u00eda acordado con Cambiemos la sanci\u00f3n definitiva en la pr\u00f3xima sesi\u00f3n que ocurrir\u00eda entre el 13 y 14 de diciembre, cuando finalizar\u00eda el per\u00edodo de sesiones ordinarias que hasta el momento no prev\u00e9 pr\u00f3rroga.<\/p>\n<p>&nbsp;<\/p>\n<p>Tendr\u00eda un tratamiento similar al que se dio en Diputados, de modo que en general ser\u00eda aprobado por ambas bancadas. En tanto, alguna incertidumbre podr\u00eda plantear la necesidad de mayor\u00eda especial al momento del tratamiento en particular. En lo que respecta a cambios, habr\u00eda acuerdo para que no se intentaran nuevas modificaciones.<\/p>\n<p>&nbsp;<\/p>\n<p>Hoy, tambi\u00e9n se prestar\u00e1 acuerdo a pliegos para la designaci\u00f3n de jueces en todos aquellos casos que ya hayan cumplimentado el proceso que la legislaci\u00f3n establece.<\/p>\n<p>&nbsp;<\/p>\n<p>&nbsp;<\/p>\n<p>&nbsp;<\/p>\n<p>&nbsp;<\/p>\n<p>&nbsp;<\/p>\n<p><strong>Ley de madera<\/strong><\/p>\n<p>Distinta es la suerte que correr\u00e1 el proyecto de ley enviado por el Ejecutivo por el que se propicia el desarrollo de un plan foresto industrial y se deroga la denominada ley de la madera, actualmente vigente en Entre R\u00edos.<\/p>\n<p>&nbsp;<\/p>\n<p>El presidente de la bancada oficialista, Juan \u00c1ngel Giano, inform\u00f3 a El Diario que &#8220;si se receptan modificaciones y se logra consenso va a ser resuelto, pero no este a\u00f1o&#8221;.<\/p>\n<p>&nbsp;<\/p>\n<p>De modo que por ahora, en la Comisi\u00f3n de Producci\u00f3n que preside Mario Torres, seguir\u00e1n las reuniones con representantes de entidades vinculadas a este sector de la econom\u00eda entrerriana que quieren dar a conocer su opini\u00f3n sobre la iniciativa. Ya han tenido lugar dos extensas reuniones en las que han participado entre otros representantes del INTA, los industriales madereros, productores forestales, ambientalistas, y esta semana tendr\u00e1 lugar otra que tambi\u00e9n debi\u00f3 postergarse la semana pasada.<\/p>\n<p>&nbsp;<\/p>\n<p>&#8220;Todos coinciden en que Entre R\u00edos necesita un plan de desarrollo maderero, todos los eslabones de esta cadena productiva marcan la necesidad de un proceso planificado de desarrollo con la intervenci\u00f3n de todos los sectores, la diferencia se plantea en lo que hoy se mal llama ley de la madera&#8221;, sintetiz\u00f3 Giano. El senador de Concordia explic\u00f3 que respecto de la ley debe definirse &#8220;si tiene o no valor, para algunos tiene un valor jur\u00eddico y para otros, solo simb\u00f3lico&#8221;.<\/p>\n<p>&nbsp;<\/p>\n<p>&nbsp;<\/p>\n<p>&nbsp;<\/p>\n<p>&nbsp;<\/p>\n<p>&nbsp;<\/p>\n<p>F<strong>undamentos<\/strong><\/p>\n<p>&#8220;No vamos a resolver sin fundamentos, hemos escuchado al INTA, a ambientalistas, asociaci\u00f3n de forestadores argentinos, de la industria maderera. Tenemos que escuchar a la Uni\u00f3n Industrial, al Consejo Empresario, en la comisi\u00f3n que preside Mario Torres. Despu\u00e9s se har\u00e1 analizar por asesores&#8221; y se resolver\u00e1.<\/p>\n<p>&nbsp;<\/p>\n<p>El jefe de la bancada oficialista apunt\u00f3 en base a su formaci\u00f3n profesional, que &#8220;desde el punto de vista jur\u00eddico lo m\u00e1s dif\u00edcil es defender la constitucionalidad de la ley actual&#8221;, destacando que se trata de una norma provincial que impide vender al exterior y a otras provincias. &#8220;Cuando se va a la aduana por los pasos fronterizos no piden el cumplimiento de una ley provincial, se controla el cumplimiento del C\u00f3digo aduanero y leyes nacionales&#8221;, dijo sin dejar de marcar que &#8220;entendemos que para Gualeguaych\u00fa, para el proceso de hace 10 a\u00f1os, (esa norma) fue una conquista&#8221;.<\/p>\n<p>&nbsp;<\/p>\n<p>Giano entiende que &#8220;hay que buscar el equilibro y analizar lo que le conviene a la provincia de Entre R\u00edos. Tampoco una buena ley garantiza que se cumpla, debe salir con consenso, el Ejecutivo reglamentarla, controlar&#8221;, razones por las cuales destac\u00f3 que hayan tomado participaci\u00f3n tambi\u00e9n la Secretaria de Ambiente y el Ministerio de la Producci\u00f3n.<\/p>\n<p>&nbsp;<\/p>\n<p>Consultado sobre los tiempos del Ejecutivo para contar con esta norma, el senador concordiense respondi\u00f3: &#8220;El Gobernador pidi\u00f3 una ley consensuada, con el mayor respaldo de los legisladores, tanto diputados como senadores&#8221;.<\/p>\n","protected":false},"excerpt":{"rendered":"<p>La C\u00e1mara de Senadores dar\u00e1 ingreso hoy al proyecto de ley de presupuesto que tiene media sanci\u00f3n de Diputados, con la idea de aprobarlo en un par de semanas &nbsp; &nbsp; &nbsp; &nbsp; &nbsp; La C\u00e1mara de Senadores sesionar\u00e1 hoy a las 11, luego de que fueran postergadas las convocatorias de la semana pasada debido al fallecimiento del legislador del departamento Feliciano, Osvaldo Viano. A partir de esta sesi\u00f3n esa banca ser\u00e1 ocupada por la senadora Miriam Espinoza que tras prestar juramento se sumar\u00e1 al bloque oficialista. &nbsp; El proyecto&#8230;<\/p>\n","protected":false},"author":3,"featured_media":4905,"comment_status":"closed","ping_status":"closed","sticky":false,"template":"","format":"standard","meta":[],"categories":[15],"tags":[],"_links":{"self":[{"href":"https:\/\/www.actualidadadiario.com\/index.php\/wp-json\/wp\/v2\/posts\/5301"}],"collection":[{"href":"https:\/\/www.actualidadadiario.com\/index.php\/wp-json\/wp\/v2\/posts"}],"about":[{"href":"https:\/\/www.actualidadadiario.com\/index.php\/wp-json\/wp\/v2\/types\/post"}],"author":[{"embeddable":true,"href":"https:\/\/www.actualidadadiario.com\/index.php\/wp-json\/wp\/v2\/users\/3"}],"replies":[{"embeddable":true,"href":"https:\/\/www.actualidadadiario.com\/index.php\/wp-json\/wp\/v2\/comments?post=5301"}],"version-history":[{"count":1,"href":"https:\/\/www.actualidadadiario.com\/index.php\/wp-json\/wp\/v2\/posts\/5301\/revisions"}],"predecessor-version":[{"id":5302,"href":"https:\/\/www.actualidadadiario.com\/index.php\/wp-json\/wp\/v2\/posts\/5301\/revisions\/5302"}],"wp:featuredmedia":[{"embeddable":true,"href":"https:\/\/www.actualidadadiario.com\/index.php\/wp-json\/wp\/v2\/media\/4905"}],"wp:attachment":[{"href":"https:\/\/www.actualidadadiario.com\/index.php\/wp-json\/wp\/v2\/media?parent=5301"}],"wp:term":[{"taxonomy":"category","embeddable":true,"href":"https:\/\/www.actualidadadiario.com\/index.php\/wp-json\/wp\/v2\/categories?post=5301"},{"taxonomy":"post_tag","embeddable":true,"href":"https:\/\/www.actualidadadiario.com\/index.php\/wp-json\/wp\/v2\/tags?post=5301"}],"curies":[{"name":"wp","href":"https:\/\/api.w.org\/{rel}","templated":true}]}}