{"id":5298,"date":"2016-11-30T10:05:43","date_gmt":"2016-11-30T13:05:43","guid":{"rendered":"http:\/\/actualidadadiario.com\/site\/?p=5298"},"modified":"2016-11-30T10:05:43","modified_gmt":"2016-11-30T13:05:43","slug":"finaliza-hoy-el-dictado-de-clases-en-entre-rios","status":"publish","type":"post","link":"https:\/\/www.actualidadadiario.com\/index.php\/2016\/11\/30\/finaliza-hoy-el-dictado-de-clases-en-entre-rios\/","title":{"rendered":"Finaliza hoy el dictado de clases en Entre R\u00edos"},"content":{"rendered":"<p><strong><em>Concluye hoy el dictado de clases en las escuelas entrerrianas que funcionan en la \u00f3rbita del Consejo General de Educaci\u00f3n (CGE), en tanto que la culminaci\u00f3n del ciclo escolar ser\u00e1 el 16 de diciembre<\/em><\/strong><\/p>\n<p>&nbsp;<\/p>\n<p>&nbsp;<\/p>\n<p>&nbsp;<\/p>\n<p>&nbsp;<\/p>\n<p>&nbsp;<\/p>\n<p>Las fechas para el cierre del periodo 2016, quedaron establecidas de la siguiente manera: El 30 de noviembre finalizar\u00e1n lo alumnos que completen satisfactoriamente su trayectoria; del 1 al 7 de diciembre se realizar\u00e1 el per\u00edodo de profundizaci\u00f3n de la instancia de integraci\u00f3n, revisi\u00f3n, evaluaci\u00f3n y acreditaci\u00f3n de saberes; mientras que del 12 al 16 de ese mes tendr\u00e1 lugar la evaluaci\u00f3n de alumnos con espacios curriculares pendientes de aprobaci\u00f3n en condici\u00f3n de regular, con materias previas, libre y equivalencias.<\/p>\n<p>&nbsp;<\/p>\n<p>La circular establece, adem\u00e1s, el 7 de diciembre como fecha l\u00edmite para la designaci\u00f3n de personal docente suplente de todos los niveles y modalidades. Quedan exceptuados de esta fecha los establecimientos educativos de Nivel Inicial que funcionan sin suspensi\u00f3n de actividades durante el receso de verano y los de Nivel Primario de personal \u00fanico; los de 4\u00b0 categor\u00eda cuando el directivo posea grado a cargo; centros de Educaci\u00f3n F\u00edsica adscriptos a convenios municipales y personal docente de las escuelas secundarias incluidas en la resoluci\u00f3n 4.300\/14 CGE.<\/p>\n","protected":false},"excerpt":{"rendered":"<p>Concluye hoy el dictado de clases en las escuelas entrerrianas que funcionan en la \u00f3rbita del Consejo General de Educaci\u00f3n (CGE), en tanto que la culminaci\u00f3n del ciclo escolar ser\u00e1 el 16 de diciembre &nbsp; &nbsp; &nbsp; &nbsp; &nbsp; Las fechas para el cierre del periodo 2016, quedaron establecidas de la siguiente manera: El 30 de noviembre finalizar\u00e1n lo alumnos que completen satisfactoriamente su trayectoria; del 1 al 7 de diciembre se realizar\u00e1 el per\u00edodo de profundizaci\u00f3n de la instancia de integraci\u00f3n, revisi\u00f3n, evaluaci\u00f3n y acreditaci\u00f3n de saberes; mientras que&#8230;<\/p>\n","protected":false},"author":3,"featured_media":5299,"comment_status":"closed","ping_status":"closed","sticky":false,"template":"","format":"standard","meta":[],"categories":[9],"tags":[],"_links":{"self":[{"href":"https:\/\/www.actualidadadiario.com\/index.php\/wp-json\/wp\/v2\/posts\/5298"}],"collection":[{"href":"https:\/\/www.actualidadadiario.com\/index.php\/wp-json\/wp\/v2\/posts"}],"about":[{"href":"https:\/\/www.actualidadadiario.com\/index.php\/wp-json\/wp\/v2\/types\/post"}],"author":[{"embeddable":true,"href":"https:\/\/www.actualidadadiario.com\/index.php\/wp-json\/wp\/v2\/users\/3"}],"replies":[{"embeddable":true,"href":"https:\/\/www.actualidadadiario.com\/index.php\/wp-json\/wp\/v2\/comments?post=5298"}],"version-history":[{"count":1,"href":"https:\/\/www.actualidadadiario.com\/index.php\/wp-json\/wp\/v2\/posts\/5298\/revisions"}],"predecessor-version":[{"id":5300,"href":"https:\/\/www.actualidadadiario.com\/index.php\/wp-json\/wp\/v2\/posts\/5298\/revisions\/5300"}],"wp:featuredmedia":[{"embeddable":true,"href":"https:\/\/www.actualidadadiario.com\/index.php\/wp-json\/wp\/v2\/media\/5299"}],"wp:attachment":[{"href":"https:\/\/www.actualidadadiario.com\/index.php\/wp-json\/wp\/v2\/media?parent=5298"}],"wp:term":[{"taxonomy":"category","embeddable":true,"href":"https:\/\/www.actualidadadiario.com\/index.php\/wp-json\/wp\/v2\/categories?post=5298"},{"taxonomy":"post_tag","embeddable":true,"href":"https:\/\/www.actualidadadiario.com\/index.php\/wp-json\/wp\/v2\/tags?post=5298"}],"curies":[{"name":"wp","href":"https:\/\/api.w.org\/{rel}","templated":true}]}}