{"id":5295,"date":"2016-11-30T10:04:50","date_gmt":"2016-11-30T13:04:50","guid":{"rendered":"http:\/\/actualidadadiario.com\/site\/?p=5295"},"modified":"2016-11-30T10:04:50","modified_gmt":"2016-11-30T13:04:50","slug":"se-entregaron-mas-de-3-millones-de-pesos-en-aportes-a-citricultores","status":"publish","type":"post","link":"https:\/\/www.actualidadadiario.com\/index.php\/2016\/11\/30\/se-entregaron-mas-de-3-millones-de-pesos-en-aportes-a-citricultores\/","title":{"rendered":"Se entregaron m\u00e1s de 3 millones de pesos en aportes a citricultores"},"content":{"rendered":"<p><em><strong>El gobierno provincial, a trav\u00e9s del Ministerio de Producci\u00f3n, entreg\u00f3 Aportes No Reintegrables por una suma de 3,3 millones de pesos a citricultores, en el marco del Programa de Desarrollo Rural y Agricultura Familiar (Prodaf)<\/strong><\/em><\/p>\n<p>&nbsp;<\/p>\n<p>&nbsp;<\/p>\n<p>&nbsp;<\/p>\n<p>&nbsp;<\/p>\n<p>&nbsp;<\/p>\n<p>&nbsp;<\/p>\n<p>En un acto realizado en Villa del Rosario que fue presidido por el secretario de Producci\u00f3n Primaria, Mart\u00edn Barbieri, se realiz\u00f3 la entrega de estos aportes a 21 planes de negocios de productores citr\u00edcolas del departamento Federaci\u00f3n. Los mismos son gestionados por la Direcci\u00f3n de Agricultura de Entre R\u00edos y la Unidad para el Cambio Rural (UCAR).<\/p>\n<p>&nbsp;<\/p>\n<p>En la oportunidad, el secretario de Producci\u00f3n Primaria expres\u00f3 que \u201cel Ministerio, en estos tiempos de muchas dificultades en los mercados, redobla los esfuerzos para acompa\u00f1ar a los productores y ese acompa\u00f1amiento se concreta en asesoramiento, elaboraci\u00f3n de proyectos, asistencia financiera y capacitaci\u00f3n en comercializaci\u00f3n. As\u00ed conseguimos mayor tecnificaci\u00f3n y mejoramiento de los procesos productivos\u201d.<\/p>\n<p>&nbsp;<\/p>\n<p>Por su parte, el director de Agricultura, Lucio Amavet, manifest\u00f3 su satisfacci\u00f3n por la importancia de estos aportes \u201cya que buscamos que los productores mejoren su competitividad en funci\u00f3n de poder producir m\u00e1s y mejor. As\u00ed entendemos que es el camino para revitalizar nuestra econom\u00eda.\u201d<\/p>\n<p>&nbsp;<\/p>\n<p>Tambi\u00e9n participaron del acto que tuvo lugar en el Centro Cultural de Villa del Rosario, el senador provincial, Miguel Piana; la diputada, Gabriela Lena; el intendente de Villa del Rosario, Claudio Baldezari y los presidentes de las Asociaciones de Citricultores de Villa del Rosario y Chajar\u00ed, entre otros.<\/p>\n","protected":false},"excerpt":{"rendered":"<p>El gobierno provincial, a trav\u00e9s del Ministerio de Producci\u00f3n, entreg\u00f3 Aportes No Reintegrables por una suma de 3,3 millones de pesos a citricultores, en el marco del Programa de Desarrollo Rural y Agricultura Familiar (Prodaf) &nbsp; &nbsp; &nbsp; &nbsp; &nbsp; &nbsp; En un acto realizado en Villa del Rosario que fue presidido por el secretario de Producci\u00f3n Primaria, Mart\u00edn Barbieri, se realiz\u00f3 la entrega de estos aportes a 21 planes de negocios de productores citr\u00edcolas del departamento Federaci\u00f3n. Los mismos son gestionados por la Direcci\u00f3n de Agricultura de Entre R\u00edos&#8230;<\/p>\n","protected":false},"author":3,"featured_media":5296,"comment_status":"closed","ping_status":"closed","sticky":false,"template":"","format":"standard","meta":[],"categories":[15],"tags":[],"_links":{"self":[{"href":"https:\/\/www.actualidadadiario.com\/index.php\/wp-json\/wp\/v2\/posts\/5295"}],"collection":[{"href":"https:\/\/www.actualidadadiario.com\/index.php\/wp-json\/wp\/v2\/posts"}],"about":[{"href":"https:\/\/www.actualidadadiario.com\/index.php\/wp-json\/wp\/v2\/types\/post"}],"author":[{"embeddable":true,"href":"https:\/\/www.actualidadadiario.com\/index.php\/wp-json\/wp\/v2\/users\/3"}],"replies":[{"embeddable":true,"href":"https:\/\/www.actualidadadiario.com\/index.php\/wp-json\/wp\/v2\/comments?post=5295"}],"version-history":[{"count":1,"href":"https:\/\/www.actualidadadiario.com\/index.php\/wp-json\/wp\/v2\/posts\/5295\/revisions"}],"predecessor-version":[{"id":5297,"href":"https:\/\/www.actualidadadiario.com\/index.php\/wp-json\/wp\/v2\/posts\/5295\/revisions\/5297"}],"wp:featuredmedia":[{"embeddable":true,"href":"https:\/\/www.actualidadadiario.com\/index.php\/wp-json\/wp\/v2\/media\/5296"}],"wp:attachment":[{"href":"https:\/\/www.actualidadadiario.com\/index.php\/wp-json\/wp\/v2\/media?parent=5295"}],"wp:term":[{"taxonomy":"category","embeddable":true,"href":"https:\/\/www.actualidadadiario.com\/index.php\/wp-json\/wp\/v2\/categories?post=5295"},{"taxonomy":"post_tag","embeddable":true,"href":"https:\/\/www.actualidadadiario.com\/index.php\/wp-json\/wp\/v2\/tags?post=5295"}],"curies":[{"name":"wp","href":"https:\/\/api.w.org\/{rel}","templated":true}]}}