{"id":5292,"date":"2016-11-30T10:03:20","date_gmt":"2016-11-30T13:03:20","guid":{"rendered":"http:\/\/actualidadadiario.com\/site\/?p=5292"},"modified":"2016-11-30T10:20:42","modified_gmt":"2016-11-30T13:20:42","slug":"comenzo-la-semana-de-concientizacion-sobre-el-vihsida-en-entre-rios","status":"publish","type":"post","link":"https:\/\/www.actualidadadiario.com\/index.php\/2016\/11\/30\/comenzo-la-semana-de-concientizacion-sobre-el-vihsida-en-entre-rios\/","title":{"rendered":"Comenz\u00f3 la Semana de concientizaci\u00f3n sobre el VIH\/SIDA en Entre R\u00edos"},"content":{"rendered":"<p><em><strong>Desde este martes y hasta el s\u00e1bado se desarrolla en Entre R\u00edos, la Semana de concientizaci\u00f3n sobre VIH\/SIDA que prev\u00e9 numerosas acciones de sensibilizaci\u00f3n y prevenci\u00f3n, como la iluminaci\u00f3n de la Casa de Gobierno, un foro de abordaje de la tem\u00e1tica, una intervenci\u00f3n cultural y la presentaci\u00f3n del coro Kennedy en Plaza Mansilla como cierre<\/strong><\/em><\/p>\n<p>&nbsp;<\/p>\n<p>&nbsp;<\/p>\n<p>&nbsp;<\/p>\n<p>&nbsp;<\/p>\n<p>&nbsp;<\/p>\n<p>&nbsp;<\/p>\n<p>\u201cHemos tomado la decisi\u00f3n de efectuar una semana de acciones de promoci\u00f3n y prevenci\u00f3n habida cuenta de un incremento en la cantidad de nuevos casos en el pa\u00eds, con lo cual pretendemos no s\u00f3lo concientizar sino adem\u00e1s reforzar la importancia del diagn\u00f3stico y tratamiento oportuno\u201d, manifest\u00f3 el ministro de Salud de la provincia, Ariel de la Rosa, al dar cuenta de esa iniciativa en una conferencia de prensa, donde tambi\u00e9n particip\u00f3 la esposa del gobernador Gustavo Bordet, Mariel \u00c1vila.<\/p>\n<p>&nbsp;<\/p>\n<p>Adem\u00e1s, sostuvo el funcionario que \u201csi bien hoy el VIH ha pasado a ser una enfermedad cr\u00f3nica, tenemos que redoblar el esfuerzo para poder cumplir con la meta que impone la Organizaci\u00f3n Mundial de la Salud (OMS) de que para el 2030 erradiquemos totalmente el VIH dentro de las enfermedades emergentes en nuestro planeta\u201d. A ello agreg\u00f3 que a nivel provincial \u201chemos tomado diferentes determinaciones para facilitar el acceso a los m\u00e9todos de diagn\u00f3stico, entonces es esencial concientizar, sobre todo a los j\u00f3venes, de que en materia de estas enfermedades el viejo adagio de que prevenir es mejor que curar se ajusta en todos sus aspectos a la realidad\u201d.<\/p>\n<p>&nbsp;<\/p>\n<p>&nbsp;<\/p>\n<p>&nbsp;<\/p>\n<p>&nbsp;<\/p>\n<p>&nbsp;<\/p>\n<p>&nbsp;<\/p>\n<p><strong>Actividades <\/strong><\/p>\n<p>VIH\/Sida: una semana para generar conciencia<\/p>\n<p>-Del 29 de noviembre al 3 de diciembre de 9 a 13 en la Plaza Mansilla, frente a Casa de Gobierno, se difundir\u00e1n las actividades de toda la semana y desde el Programa Provincial VIH\/SIDA e ITS y Agentes Sanitarios entregar\u00e1n lazos rojos y folleter\u00eda.<\/p>\n<p>&nbsp;<\/p>\n<p>-Los d\u00edas 29 y 30 de noviembre en la zona c\u00e9ntrica de la capital entrerriana se promocionar\u00e1n las acciones del 1 de diciembre en la Plaza Mansilla de Casa de Gobierno para que principalmente adolescentes y j\u00f3venes, concurran a efectuarse el testeo r\u00e1pido que se realizar\u00e1 ese d\u00eda en el cami\u00f3n sanitario.<\/p>\n<p>&nbsp;<\/p>\n<p>-El 30 de noviembre de 10 a 12 en el sal\u00f3n auditorio del Consejo General de Educaci\u00f3n se desarrollar\u00e1 el foro \u201cVIH-Sida: Abordaje en los equipos de salud y educaci\u00f3n\u201d. Disertar\u00e1 el titular de la cartera sanitaria, Ariel de la Rosa; la directora del Programa Provincial VIH\/Sida e ITS Mar\u00eda Laura D\u00edaz Petrussi; el jefe del Laboratorio Epidemiol\u00f3gico, Miguel Demonte; la jefa del servicio de Infectolog\u00eda del Hospital San Mart\u00edn, Adriana Bevacqua; la psic\u00f3loga del servicio de Infectolog\u00eda del Hospital San Mart\u00edn, Paula Toledo, y la enfermera profesional, Silvina Garc\u00eda.<\/p>\n<p>&nbsp;<\/p>\n<p>-El 1 de diciembre, en el D\u00eda Mundial del Sida, habr\u00e1 una actividad cultural en la Plaza Mansilla, donde se presentar\u00e1 desde las 9.30 la Banda de la Polic\u00eda de Entre R\u00edos, habr\u00e1 una radio abierta de la Escuela Neuqu\u00e9n y actuar\u00e1n las Bastoneras de la Guardia del Paran\u00e1.<\/p>\n<p>&nbsp;<\/p>\n<p>Adem\u00e1s se desarrollar\u00e1n acciones de promoci\u00f3n y prevenci\u00f3n de 9 a 13 en la Plaza Mansilla de Casa de Gobierno junto a asociaciones civiles. Habr\u00e1 consejer\u00eda y testeo r\u00e1pido con la intervenci\u00f3n del cami\u00f3n municipal conjuntamente con el Laboratorio Epidemiol\u00f3gico, vacunaci\u00f3n contra la hepatitis y entrega de lazos rojos, preservativos y folleter\u00eda. Se sumar\u00e1n a las acciones, personal del programa VIH\/Sida e ITS, Agentes Sanitarios, Copnaf y el servicio de Infectolog\u00eda del Hospital San Mart\u00edn.<\/p>\n<p>&nbsp;<\/p>\n<p>-El 2 de diciembre desde las 21 se entregar\u00e1n folletos y lazos rojos en el marco de la Noche de los Museos.<\/p>\n<p>&nbsp;<\/p>\n<p>-El 3 de diciembre, de 19 a 22, en la Plaza Mansilla de Casa de Gobierno se clausurar\u00e1 la semana de concientizaci\u00f3n con una intervenci\u00f3n cultural del Coro Kennedy.<\/p>\n","protected":false},"excerpt":{"rendered":"<p>Desde este martes y hasta el s\u00e1bado se desarrolla en Entre R\u00edos, la Semana de concientizaci\u00f3n sobre VIH\/SIDA que prev\u00e9 numerosas acciones de sensibilizaci\u00f3n y prevenci\u00f3n, como la iluminaci\u00f3n de la Casa de Gobierno, un foro de abordaje de la tem\u00e1tica, una intervenci\u00f3n cultural y la presentaci\u00f3n del coro Kennedy en Plaza Mansilla como cierre &nbsp; &nbsp; &nbsp; &nbsp; &nbsp; &nbsp; \u201cHemos tomado la decisi\u00f3n de efectuar una semana de acciones de promoci\u00f3n y prevenci\u00f3n habida cuenta de un incremento en la cantidad de nuevos casos en el pa\u00eds, con&#8230;<\/p>\n","protected":false},"author":3,"featured_media":5310,"comment_status":"closed","ping_status":"closed","sticky":false,"template":"","format":"standard","meta":[],"categories":[15],"tags":[],"_links":{"self":[{"href":"https:\/\/www.actualidadadiario.com\/index.php\/wp-json\/wp\/v2\/posts\/5292"}],"collection":[{"href":"https:\/\/www.actualidadadiario.com\/index.php\/wp-json\/wp\/v2\/posts"}],"about":[{"href":"https:\/\/www.actualidadadiario.com\/index.php\/wp-json\/wp\/v2\/types\/post"}],"author":[{"embeddable":true,"href":"https:\/\/www.actualidadadiario.com\/index.php\/wp-json\/wp\/v2\/users\/3"}],"replies":[{"embeddable":true,"href":"https:\/\/www.actualidadadiario.com\/index.php\/wp-json\/wp\/v2\/comments?post=5292"}],"version-history":[{"count":1,"href":"https:\/\/www.actualidadadiario.com\/index.php\/wp-json\/wp\/v2\/posts\/5292\/revisions"}],"predecessor-version":[{"id":5294,"href":"https:\/\/www.actualidadadiario.com\/index.php\/wp-json\/wp\/v2\/posts\/5292\/revisions\/5294"}],"wp:featuredmedia":[{"embeddable":true,"href":"https:\/\/www.actualidadadiario.com\/index.php\/wp-json\/wp\/v2\/media\/5310"}],"wp:attachment":[{"href":"https:\/\/www.actualidadadiario.com\/index.php\/wp-json\/wp\/v2\/media?parent=5292"}],"wp:term":[{"taxonomy":"category","embeddable":true,"href":"https:\/\/www.actualidadadiario.com\/index.php\/wp-json\/wp\/v2\/categories?post=5292"},{"taxonomy":"post_tag","embeddable":true,"href":"https:\/\/www.actualidadadiario.com\/index.php\/wp-json\/wp\/v2\/tags?post=5292"}],"curies":[{"name":"wp","href":"https:\/\/api.w.org\/{rel}","templated":true}]}}