{"id":5289,"date":"2016-11-30T10:02:38","date_gmt":"2016-11-30T13:02:38","guid":{"rendered":"http:\/\/actualidadadiario.com\/site\/?p=5289"},"modified":"2016-11-30T10:02:38","modified_gmt":"2016-11-30T13:02:38","slug":"cumplimos-con-nuestras-obligaciones-en-tiempo-y-forma","status":"publish","type":"post","link":"https:\/\/www.actualidadadiario.com\/index.php\/2016\/11\/30\/cumplimos-con-nuestras-obligaciones-en-tiempo-y-forma\/","title":{"rendered":"\u201cCumplimos con nuestras obligaciones en tiempo y forma\u201d"},"content":{"rendered":"<p><em><strong>\u201cQuiero dejar la tranquilidad de que se cumplir\u00e1 con todas las obligaciones en tiempo y forma. Pensando siempre en el ordenamiento y el equilibrio que nos permitan planificar para atender socialmente a la poblaci\u00f3n, la salud, la educaci\u00f3n, y hacer obra p\u00fablica\u201d, dijo el gobernador Gustavo Bordet este martes al abrir los sobres de la licitaci\u00f3n de la planta de agua potable de Col\u00f3n y firmar el llamado a licitaci\u00f3n para obras complementarias de gas natural en Gilbert. Ambas obras superan los 34 millones de pesos<\/strong><\/em><\/p>\n<p>&nbsp;<\/p>\n<p>&nbsp;<\/p>\n<p>&nbsp;<\/p>\n<p>&nbsp;<\/p>\n<p>&nbsp;<\/p>\n<p>&nbsp;<\/p>\n<p>&nbsp;<\/p>\n<p>\u201cVenimos tratando de cerrar el d\u00e9ficit fiscal y presupuestario. Se trabaja fuertemente en ordenar las cuentas p\u00fablicas, habida cuenta de que hubo una ca\u00edda general de los ingresos coparticipables de Naci\u00f3n. Pero tenemos garantizado el pago de sueldos y aguinaldo\u201d, dijo el mandatario al desarrollar este martes una intensa agenda institucional en los departamentos Col\u00f3n y Gualeguaych\u00fa.<\/p>\n<p>&nbsp;<\/p>\n<p>Bordet puso de relieve que actualmente varias ciudades de la costa del Uruguay no tienen planta de tratamiento, lo que genera contaminaci\u00f3n y no permite hacer sustentables las playas. \u201cPor eso estamos trabajando en proyectos para poder presentar ante el gobierno nacional y gestionar financiamiento de la Corporaci\u00f3n Andina de Fomento, para poder concretar un viejo anhelo que es contar con plantas de tratamiento de los efluentes&#8221;.<\/p>\n<p>&nbsp;<\/p>\n<p>Ratific\u00f3 el compromiso de trabajo articulado entre Naci\u00f3n, provincia y municipio, poniendo cada uno la parte que le corresponde porque &#8220;de esa manera tendremos una ciudad de Col\u00f3n mejor, una provincia mejor y, por supuesto una Naci\u00f3n como todos nos merecemos&#8221;.<\/p>\n<p>&nbsp;<\/p>\n<p>El gobernador dijo adem\u00e1s que &#8220;para esta temporada trabajaremos fuertemente en promociones tur\u00edsticas porque entendemos que es una gran oportunidad para todas nuestras ciudades. Podemos tener una excelente temporada estival con generaci\u00f3n de ingresos y fuentes de trabajo a trav\u00e9s del turismo. La convocatoria es seguir trabajando de esta manera articulada porque ah\u00ed est\u00e1 la clave del desarrollo de esta regi\u00f3n&#8221;.<\/p>\n<p>&nbsp;<\/p>\n<p>Bordet, junto al intendente de Col\u00f3n, Mariano Rebord, encabez\u00f3 el acto de apertura de sobres de la obra de optimizaci\u00f3n de provisi\u00f3n de agua potable de esa ciudad. La obra es financiada con recursos del gobierno provincial y demandar\u00e1 una inversi\u00f3n de m\u00e1s de 16 millones de pesos. Tambi\u00e9n se entregaron aportes a instituciones del departamento y se destac\u00f3 el trabajo articulado entre la provincia y los municipios en materia de saneamiento.<\/p>\n<p>&nbsp;<\/p>\n<p>El gobernador record\u00f3 que el problema del agua potable en Col\u00f3n, que data de varios a\u00f1os, \u201ces un problema que sufre una ciudad que duplica su poblaci\u00f3n en verano y necesita una infraestructura de esta naturaleza\u201d, indic\u00f3 y apunt\u00f3 que por eso se empez\u00f3 a trabajar desde el comienzo de gesti\u00f3n \u201cpara ver c\u00f3mo pod\u00edamos llevar adelante una obra de estas caracter\u00edsticas&#8221;.<\/p>\n<p>&nbsp;<\/p>\n<p>Destac\u00f3 el trabajo realizado por el Ministerio de Planeamiento &#8220;para llegar hoy a este momento en que estamos abriendo los sobres para la planta de agua, y poni\u00e9ndonos de acuerdo en otras obras que tienen que ver con esto, como son el traslado de las lagunas de tratamiento y pensando que todas las ciudades de la costa del Uruguay necesitan tener una planta de tratamiento de efluentes\u201d.<\/p>\n<p>&nbsp;<\/p>\n<p>En el acto, que tuvo lugar en la sede municipal de Col\u00f3n, tambi\u00e9n estuvieron el senador provincial, Pablo Canali; la diputada provincial, Miriam Lambert; el intendente de Ubajay, Marcelo Gim\u00e9nez; la intendenta de San Jos\u00e9, Irma Monjo; el ministro de Planeamiento, Infraestructura y Servicios, Luis Benedetto, funcionarios provinciales, autoridades municipales y de juntas de gobierno, entre otras autoridades.<\/p>\n<p>&nbsp;<\/p>\n<p>La obra de optimizaci\u00f3n de la provisi\u00f3n de agua potable en la localidad de Col\u00f3n aumentar\u00e1 la producci\u00f3n de agua potable para la localidad, mediante la construcci\u00f3n de una nueva toma de agua cruda del r\u00edo Uruguay y la instalaci\u00f3n de dos m\u00f3dulos de planta compacta para tratar un total de 120m3\/hs. Con un presupuesto oficial de 16.656.595,38 pesos, el plazo de ejecuci\u00f3n de obra previsto es de 240 d\u00edas corridos.<\/p>\n<p>&nbsp;<\/p>\n<p>El gobernador finalmente entreg\u00f3 aportes para instituciones del departamento. El Club Social y Deportivo Ubajay, y el Centro Saboyano de San Jos\u00e9, recibieron 300.000 pesos destinados a realizar obras en sus respectivos predios. Seguidamente, se procedi\u00f3 a entregar un aporte de 200.000 para la Fiesta de la Colonizaci\u00f3n de San Jos\u00e9.<\/p>\n<p>&nbsp;<\/p>\n<p>&nbsp;<\/p>\n<p>&nbsp;<\/p>\n<p>&nbsp;<\/p>\n<p>&nbsp;<\/p>\n<p>&nbsp;<\/p>\n<p><strong>Gas natural para Gilbert <\/strong><\/p>\n<p>El mandatario se traslad\u00f3 luego a Gilbert, en el departamento Gualeguaych\u00fa; donde le entreg\u00f3 al intendente, Jos\u00e9 Abelardo Aizaga, el decreto de llamado a licitaci\u00f3n para construir una planta reguladora de gas cuyo presupuesto supera los 18 millones de pesos.<\/p>\n<p>&nbsp;<\/p>\n<p>En ese marco, Bordet record\u00f3 que durante la campa\u00f1a \u201chab\u00edamos hablado de tener la posibilidad de venir con el gas natural a la localidad\u201d, y explic\u00f3 que \u201cnos pusimos a trabajar en eso durante todo este tiempo, haciendo el proyecto, trabajando con la secretar\u00eda de Energ\u00eda, y una vez que lo terminamos lo ponemos hoy en condiciones licitables\u201d.<\/p>\n<p>&nbsp;<\/p>\n<p>En ese sentido, el mandatario destac\u00f3 que la planta reductora se trata de \u201cuna obra de m\u00e1s de 17 millones de pesos\u201d y se comprometi\u00f3 p\u00fablicamente a que \u201cni bien termine la obra de la planta, autom\u00e1ticamente vamos a licitar la red que va a estar distribuida para luego hacer las conexiones domiciliarias. Es decir que no vamos a detenernos, para poder, estimo que en el segundo semestre del a\u00f1o que viene, estar con la red trabajando\u201d.<\/p>\n<p>&nbsp;<\/p>\n<p>Por \u00faltimo, Bordet record\u00f3 que \u201cel gas natural mejora sensiblemente la calidad de vida de todos los vecinos, adem\u00e1s de abaratar los costos\u201d, y en esa l\u00ednea anunci\u00f3 que la semana que viene se licitar\u00e1n 10 viviendas en Gilbert, \u201ca trav\u00e9s de IAPV en conjunto con la secretar\u00eda de Viviendas de Naci\u00f3n\u201d.<\/p>\n<p>&nbsp;<\/p>\n<p>La interconexi\u00f3n, regulaci\u00f3n y obras complementarias de gas natural para Gilbert comprende una estaci\u00f3n de regulaci\u00f3n primaria, una estaci\u00f3n de regulaci\u00f3n secundaria en el mismo predio y la conexi\u00f3n a v\u00e1lvula existente sobre el gasoducto de aproximaci\u00f3n a la localidad. En otra licitaci\u00f3n se har\u00e1 lo que respecta a la ca\u00f1er\u00eda.<\/p>\n<p>&nbsp;<\/p>\n<p>El presupuesto oficial es de 18.067.166 pesos y el plazo para la ejecuci\u00f3n de los trabajos es de 210 d\u00edas corridos.<\/p>\n<p>&nbsp;<\/p>\n<p>Durante el acto, en el que adem\u00e1s estuvieron presentes los legisladores, Leticia Angerosa, Juan Jos\u00e9 Bahillo, Sergio Kneeteman y Daniel Koch, el intendente de Gilbert, Jos\u00e9 Aizaga, entre otros intendentes y autoridades, el gobernador entreg\u00f3 aportes al municipio y una camioneta cero kil\u00f3metro para la zona de Gualeguaych\u00fa de la Polic\u00eda de Entre R\u00edos.<\/p>\n","protected":false},"excerpt":{"rendered":"<p>\u201cQuiero dejar la tranquilidad de que se cumplir\u00e1 con todas las obligaciones en tiempo y forma. Pensando siempre en el ordenamiento y el equilibrio que nos permitan planificar para atender socialmente a la poblaci\u00f3n, la salud, la educaci\u00f3n, y hacer obra p\u00fablica\u201d, dijo el gobernador Gustavo Bordet este martes al abrir los sobres de la licitaci\u00f3n de la planta de agua potable de Col\u00f3n y firmar el llamado a licitaci\u00f3n para obras complementarias de gas natural en Gilbert. Ambas obras superan los 34 millones de pesos &nbsp; &nbsp; &nbsp; &nbsp;&#8230;<\/p>\n","protected":false},"author":3,"featured_media":5290,"comment_status":"closed","ping_status":"closed","sticky":false,"template":"","format":"standard","meta":[],"categories":[9],"tags":[],"_links":{"self":[{"href":"https:\/\/www.actualidadadiario.com\/index.php\/wp-json\/wp\/v2\/posts\/5289"}],"collection":[{"href":"https:\/\/www.actualidadadiario.com\/index.php\/wp-json\/wp\/v2\/posts"}],"about":[{"href":"https:\/\/www.actualidadadiario.com\/index.php\/wp-json\/wp\/v2\/types\/post"}],"author":[{"embeddable":true,"href":"https:\/\/www.actualidadadiario.com\/index.php\/wp-json\/wp\/v2\/users\/3"}],"replies":[{"embeddable":true,"href":"https:\/\/www.actualidadadiario.com\/index.php\/wp-json\/wp\/v2\/comments?post=5289"}],"version-history":[{"count":1,"href":"https:\/\/www.actualidadadiario.com\/index.php\/wp-json\/wp\/v2\/posts\/5289\/revisions"}],"predecessor-version":[{"id":5291,"href":"https:\/\/www.actualidadadiario.com\/index.php\/wp-json\/wp\/v2\/posts\/5289\/revisions\/5291"}],"wp:featuredmedia":[{"embeddable":true,"href":"https:\/\/www.actualidadadiario.com\/index.php\/wp-json\/wp\/v2\/media\/5290"}],"wp:attachment":[{"href":"https:\/\/www.actualidadadiario.com\/index.php\/wp-json\/wp\/v2\/media?parent=5289"}],"wp:term":[{"taxonomy":"category","embeddable":true,"href":"https:\/\/www.actualidadadiario.com\/index.php\/wp-json\/wp\/v2\/categories?post=5289"},{"taxonomy":"post_tag","embeddable":true,"href":"https:\/\/www.actualidadadiario.com\/index.php\/wp-json\/wp\/v2\/tags?post=5289"}],"curies":[{"name":"wp","href":"https:\/\/api.w.org\/{rel}","templated":true}]}}