{"id":5168,"date":"2016-11-29T09:56:03","date_gmt":"2016-11-29T12:56:03","guid":{"rendered":"http:\/\/actualidadadiario.com\/site\/?p=5168"},"modified":"2016-11-29T09:56:03","modified_gmt":"2016-11-29T12:56:03","slug":"el-gobierno-busca-cerrar-paritarias-a-la-baja","status":"publish","type":"post","link":"https:\/\/www.actualidadadiario.com\/index.php\/2016\/11\/29\/el-gobierno-busca-cerrar-paritarias-a-la-baja\/","title":{"rendered":"El Gobierno busca cerrar paritarias a la baja"},"content":{"rendered":"<p><em><strong>Con la llegada de diciembre y ante la baja del poder adquisitivo, el macrismo ya busca c\u00f3mo bajar las negociaciones salariales<\/strong><\/em><\/p>\n<p>&nbsp;<\/p>\n<p>&nbsp;<\/p>\n<p>&nbsp;<\/p>\n<p>&nbsp;<\/p>\n<p>&nbsp;<\/p>\n<p>El ministro de Trabajo, Jorge Triaca, ratific\u00f3 que las negociaciones paritarias del a\u00f1o pr\u00f3ximo se realizar\u00e1n a partir de la inflaci\u00f3n &#8220;efectiva&#8221; que se registre en 2017, la que, resalt\u00f3, est\u00e1 en &#8220;un sendero claramente hacia la baja&#8221;.<\/p>\n<p>&nbsp;<\/p>\n<p>En ese sentido, afirm\u00f3 que con el bono de fin de a\u00f1o se dio &#8220;la oportunidad de recomposici\u00f3n&#8221; salarial para aquellos sectores que perdieron poder adquisitivo.<\/p>\n<p>&nbsp;<\/p>\n<p>&#8220;La inflaci\u00f3n que hay que registrar en las paritarias del a\u00f1o entrante es la efectiva de 2017. Ah\u00ed va a estar el verdadero debate. Hay un sendero claramente hacia la baja en la inflaci\u00f3n&#8221;, se\u00f1al\u00f3 Triaca durante una entrevista publicada hoy por el diario La Naci\u00f3n.<\/p>\n<p>&nbsp;<\/p>\n<p>Consultado sobre cu\u00e1ntos trabajadores recibir\u00e1n el bono de fin de a\u00f1o, el ministro analiz\u00f3 que &#8220;de los 6,2 millones de trabajadores del sector privado, s\u00f3lo en la paritaria que se firm\u00f3 para los sectores de construcci\u00f3n y de comercio ya hay 1,6 millones de trabajadores&#8221;.<\/p>\n<p>&nbsp;<\/p>\n<p>&#8220;Cada sector va avanzando sobre la realizaci\u00f3n de los bonos, sobre todo en los que tienen la oportunidad de hacerlo. Las Pymes tienen m\u00e1s dificultades y por eso ofrecimos asistencia ah\u00ed. Pero te puedo decir que es un n\u00famero significativo&#8221;, asever\u00f3.<\/p>\n<p>&nbsp;<\/p>\n<p>Por \u00faltimo, Triaca resalt\u00f3 el informe que el viernes public\u00f3 el Indec sobre un crecimiento en el empleo formal, y si bien afirm\u00f3 que &#8220;empieza a mostrar que vamos por el sendero correcto&#8221;, admiti\u00f3 que &#8220;todav\u00eda hay mucha tarea por hacer&#8221;.<\/p>\n","protected":false},"excerpt":{"rendered":"<p>Con la llegada de diciembre y ante la baja del poder adquisitivo, el macrismo ya busca c\u00f3mo bajar las negociaciones salariales &nbsp; &nbsp; &nbsp; &nbsp; &nbsp; El ministro de Trabajo, Jorge Triaca, ratific\u00f3 que las negociaciones paritarias del a\u00f1o pr\u00f3ximo se realizar\u00e1n a partir de la inflaci\u00f3n &#8220;efectiva&#8221; que se registre en 2017, la que, resalt\u00f3, est\u00e1 en &#8220;un sendero claramente hacia la baja&#8221;. &nbsp; En ese sentido, afirm\u00f3 que con el bono de fin de a\u00f1o se dio &#8220;la oportunidad de recomposici\u00f3n&#8221; salarial para aquellos sectores que perdieron poder&#8230;<\/p>\n","protected":false},"author":3,"featured_media":5169,"comment_status":"closed","ping_status":"closed","sticky":false,"template":"","format":"standard","meta":[],"categories":[18],"tags":[],"_links":{"self":[{"href":"https:\/\/www.actualidadadiario.com\/index.php\/wp-json\/wp\/v2\/posts\/5168"}],"collection":[{"href":"https:\/\/www.actualidadadiario.com\/index.php\/wp-json\/wp\/v2\/posts"}],"about":[{"href":"https:\/\/www.actualidadadiario.com\/index.php\/wp-json\/wp\/v2\/types\/post"}],"author":[{"embeddable":true,"href":"https:\/\/www.actualidadadiario.com\/index.php\/wp-json\/wp\/v2\/users\/3"}],"replies":[{"embeddable":true,"href":"https:\/\/www.actualidadadiario.com\/index.php\/wp-json\/wp\/v2\/comments?post=5168"}],"version-history":[{"count":1,"href":"https:\/\/www.actualidadadiario.com\/index.php\/wp-json\/wp\/v2\/posts\/5168\/revisions"}],"predecessor-version":[{"id":5170,"href":"https:\/\/www.actualidadadiario.com\/index.php\/wp-json\/wp\/v2\/posts\/5168\/revisions\/5170"}],"wp:featuredmedia":[{"embeddable":true,"href":"https:\/\/www.actualidadadiario.com\/index.php\/wp-json\/wp\/v2\/media\/5169"}],"wp:attachment":[{"href":"https:\/\/www.actualidadadiario.com\/index.php\/wp-json\/wp\/v2\/media?parent=5168"}],"wp:term":[{"taxonomy":"category","embeddable":true,"href":"https:\/\/www.actualidadadiario.com\/index.php\/wp-json\/wp\/v2\/categories?post=5168"},{"taxonomy":"post_tag","embeddable":true,"href":"https:\/\/www.actualidadadiario.com\/index.php\/wp-json\/wp\/v2\/tags?post=5168"}],"curies":[{"name":"wp","href":"https:\/\/api.w.org\/{rel}","templated":true}]}}