{"id":5165,"date":"2016-11-29T09:55:16","date_gmt":"2016-11-29T12:55:16","guid":{"rendered":"http:\/\/actualidadadiario.com\/site\/?p=5165"},"modified":"2016-11-29T09:55:16","modified_gmt":"2016-11-29T12:55:16","slug":"brasil-ingreso-a-diputados-el-primer-pedido-de-juicio-politico-contra-temer","status":"publish","type":"post","link":"https:\/\/www.actualidadadiario.com\/index.php\/2016\/11\/29\/brasil-ingreso-a-diputados-el-primer-pedido-de-juicio-politico-contra-temer\/","title":{"rendered":"Brasil: ingres\u00f3 a Diputados el primer pedido de juicio pol\u00edtico contra Temer"},"content":{"rendered":"<p><em><strong>El Partido Socialismo y Libertad (PSOL) present\u00f3 este lunes en la C\u00e1mara de Diputados un pedido formal de juicio pol\u00edtico por tr\u00e1fico de influencias contra el presidente de Brasil, Michel Temer, en el marco de un esc\u00e1ndalo que caus\u00f3 la renuncia de dos ministros en los \u00faltimos diez d\u00edas<\/strong><\/em><\/p>\n<p>&nbsp;<\/p>\n<p>&nbsp;<\/p>\n<p>&nbsp;<\/p>\n<p>&nbsp;<\/p>\n<p>&nbsp;<\/p>\n<p>&nbsp;<\/p>\n<p>&nbsp;<\/p>\n<p>Vale recordar que la semana pasada, el ex ministro de Cultura brasile\u00f1o Marcelo Calero denunci\u00f3 ante la polic\u00eda federal que el mandatario lo presion\u00f3 para que permitiera negocios particulares de Vieira Lima, uno de los m\u00e1s importantes hombres del Poder Ejecutivo.<\/p>\n<p>&nbsp;<\/p>\n<p>Pero la situaci\u00f3n de Temer frente al caso tiene un condimento extra: el ex ministro Calero lo grab\u00f3 durante la conversaci\u00f3n que mantuvieron en el Palacio del Planalto.<\/p>\n<p>&nbsp;<\/p>\n<p>Vieira Lima es el sexto ministro en renunciar desde que Temer asumi\u00f3 en forma interina en mayo y luego fue confirmado el 31 de agosto, tras la destituci\u00f3n de la presidenta Dilma Rousseff en un juicio pol\u00edtico.<\/p>\n","protected":false},"excerpt":{"rendered":"<p>El Partido Socialismo y Libertad (PSOL) present\u00f3 este lunes en la C\u00e1mara de Diputados un pedido formal de juicio pol\u00edtico por tr\u00e1fico de influencias contra el presidente de Brasil, Michel Temer, en el marco de un esc\u00e1ndalo que caus\u00f3 la renuncia de dos ministros en los \u00faltimos diez d\u00edas &nbsp; &nbsp; &nbsp; &nbsp; &nbsp; &nbsp; &nbsp; Vale recordar que la semana pasada, el ex ministro de Cultura brasile\u00f1o Marcelo Calero denunci\u00f3 ante la polic\u00eda federal que el mandatario lo presion\u00f3 para que permitiera negocios particulares de Vieira Lima, uno de&#8230;<\/p>\n","protected":false},"author":3,"featured_media":5166,"comment_status":"closed","ping_status":"closed","sticky":false,"template":"","format":"standard","meta":[],"categories":[4],"tags":[],"_links":{"self":[{"href":"https:\/\/www.actualidadadiario.com\/index.php\/wp-json\/wp\/v2\/posts\/5165"}],"collection":[{"href":"https:\/\/www.actualidadadiario.com\/index.php\/wp-json\/wp\/v2\/posts"}],"about":[{"href":"https:\/\/www.actualidadadiario.com\/index.php\/wp-json\/wp\/v2\/types\/post"}],"author":[{"embeddable":true,"href":"https:\/\/www.actualidadadiario.com\/index.php\/wp-json\/wp\/v2\/users\/3"}],"replies":[{"embeddable":true,"href":"https:\/\/www.actualidadadiario.com\/index.php\/wp-json\/wp\/v2\/comments?post=5165"}],"version-history":[{"count":1,"href":"https:\/\/www.actualidadadiario.com\/index.php\/wp-json\/wp\/v2\/posts\/5165\/revisions"}],"predecessor-version":[{"id":5167,"href":"https:\/\/www.actualidadadiario.com\/index.php\/wp-json\/wp\/v2\/posts\/5165\/revisions\/5167"}],"wp:featuredmedia":[{"embeddable":true,"href":"https:\/\/www.actualidadadiario.com\/index.php\/wp-json\/wp\/v2\/media\/5166"}],"wp:attachment":[{"href":"https:\/\/www.actualidadadiario.com\/index.php\/wp-json\/wp\/v2\/media?parent=5165"}],"wp:term":[{"taxonomy":"category","embeddable":true,"href":"https:\/\/www.actualidadadiario.com\/index.php\/wp-json\/wp\/v2\/categories?post=5165"},{"taxonomy":"post_tag","embeddable":true,"href":"https:\/\/www.actualidadadiario.com\/index.php\/wp-json\/wp\/v2\/tags?post=5165"}],"curies":[{"name":"wp","href":"https:\/\/api.w.org\/{rel}","templated":true}]}}