{"id":5150,"date":"2016-11-29T09:50:27","date_gmt":"2016-11-29T12:50:27","guid":{"rendered":"http:\/\/actualidadadiario.com\/site\/?p=5150"},"modified":"2016-11-29T09:50:27","modified_gmt":"2016-11-29T12:50:27","slug":"cristina-paso-por-tribunales-e-ira-a-la-embajada-de-cuba-a-dar-pesame-por-fidel","status":"publish","type":"post","link":"https:\/\/www.actualidadadiario.com\/index.php\/2016\/11\/29\/cristina-paso-por-tribunales-e-ira-a-la-embajada-de-cuba-a-dar-pesame-por-fidel\/","title":{"rendered":"Cristina pas\u00f3 por Tribunales e ir\u00e1 a la embajada de Cuba a dar p\u00e9same por Fidel"},"content":{"rendered":"<p><em><strong>La ex presidente Cristina de Kirchner estuvo esta ma\u00f1ana en los tribunales de Comodoro Py, para dejar sus huellas digitales en el marco de la causa por maniobras por d\u00f3lar a futuro<\/strong><\/em><\/p>\n<p>&nbsp;<\/p>\n<p>&nbsp;<\/p>\n<p>&nbsp;<\/p>\n<p>&nbsp;<\/p>\n<p>&nbsp;<\/p>\n<p>La ex mandataria arrib\u00f3 alrededor de las 7.50 en medio de una fuerte custodia policial, aunque sin militantes, a quienes les pidi\u00f3 que no concurrieran.<\/p>\n<p>&nbsp;<\/p>\n<p>Se espera que Cristina concurra a la embajada de Cuba, donde dar\u00e1 el p\u00e9same por la muerte del l\u00edder de la Revoluci\u00f3n cubana Fidel Castro, quien falleci\u00f3 el viernes, a los 90 a\u00f1os, en La Habana.<\/p>\n<p>&nbsp;<\/p>\n<p>Ante la advertencia del juez federal Claudio Bonadio de hacerla llevar por la fuerza p\u00fablica, la ex presidente decidi\u00f3 adelantar su regreso a Buenos Aires para presentarse este martes.<\/p>\n<p>&nbsp;<\/p>\n<p>La exjefa de Estado hab\u00eda dicho en su cuenta de la red social Telegram que abordar\u00eda el vuelo 1893 procedente de El Calafate, con horario estimado de llegada al Aeroparque Metropolitano Jorge Newbery a las 21:45.<\/p>\n<p>&nbsp;<\/p>\n<p>Este martes a las 13 se cumpl\u00eda el plazo m\u00e1ximo que fij\u00f3 el juez para que deje sus huellas digitales y se someta a un estudio socioambiental.<\/p>\n<p>&nbsp;<\/p>\n<p>Luego de que se ausentara en la cita del pasado viernes y se presentara, en cambio, en el Juzgado Federal de R\u00edo Gallegos para &#8220;ponerse a derecho&#8221;, Bonadio hab\u00eda fijado la nueva cita para este martes.<\/p>\n<p>&nbsp;<\/p>\n<p>Frente a la nueva citaci\u00f3n, Cristina solicit\u00f3 al juez una pr\u00f3rroga de 72 horas h\u00e1biles para realizar el tr\u00e1mite el pr\u00f3ximo jueves en la Ciudad de Buenos Aires, o bien realizarlo en R\u00edo Gallegos, donde reside, pero la petici\u00f3n le fue negada.<\/p>\n<p>&nbsp;<\/p>\n<p>&nbsp;<\/p>\n<p>M\u00e1ximo Kirchner anticip\u00f3 el pasado viernes que ese d\u00eda la ex presidenta no se iba a presentar en el juzgado N\u00b0 7 de Bonadio. &#8220;Hasta donde s\u00e9 est\u00e1 en R\u00edo Gallegos El juez puede tomar las acciones que tiene para tomar por el poder que detenta, que lo hace con mucho gusto&#8221;, afirm\u00f3 M\u00e1ximo en di\u00e1logo con &#8220;Ma\u00f1ana Sylvestre&#8221;, programa que se trasmite por Radio 10.<\/p>\n<p>&nbsp;<\/p>\n<p>Bonadio redobl\u00f3 la apuesta al enviarle un oficio a N\u00e9stor Roncaglia, jefe de la Polic\u00eda Federal, para que a trav\u00e9s de la custodia de Cristina Kirchner -que est\u00e1 a cargo de la misma fuerza de seguridad- se la notifique sobre la obligaci\u00f3n de tener que presentarse en la Ciudad de Buenos Aires.<\/p>\n<p>&nbsp;<\/p>\n<p>En este contexto, Cristina calific\u00f3 su citaci\u00f3n como una &#8220;provocaci\u00f3n&#8221; y &#8220;un cap\u00edtulo m\u00e1s de la distracci\u00f3n permanente&#8221; que a su entender llevan adelante las autoridades nacionales &#8220;para tapar lo horrible que son gobernando&#8221;.<\/p>\n<p>&nbsp;<\/p>\n<p>&#8220;Como siempre con el auspicio de Clar\u00edn, medios afines y la inestimable colaboraci\u00f3n del poder judicial, el Gobierno prepara un cap\u00edtulo m\u00e1s de la distracci\u00f3n permanente como \u00fanico m\u00e9todo de gesti\u00f3n&#8221;, dispar\u00f3 Cristina en su cuenta de Telegram y Twitter.<\/p>\n<p>&nbsp;<\/p>\n<p>Record\u00f3 que en su \u00faltima presentaci\u00f3n en Comodoro Py, ocurrida el 31 de octubre pasado, el Gobierno hab\u00eda montado un operativo con &#8220;carros de asalto, escuadrones enteros de gendarmer\u00eda, camiones hidrantes, perros, infanter\u00eda de PFA&#8221;, y que si la situaci\u00f3n no se desmadr\u00f3 fue por &#8220;decisi\u00f3n&#8221; propia de calmar los \u00e1nimos.<\/p>\n<p>&nbsp;<\/p>\n<p>&#8220;Fue nuestra decisi\u00f3n la que impidi\u00f3 escenario de violencia y represi\u00f3n tan deseado y buscado para tapar lo horrible que son gobernando&#8221;, sostuvo.<\/p>\n<p>&nbsp;<\/p>\n<p>En este marco, pidi\u00f3 a la militancia que &#8220;por favor&#8221; no vaya a acompa\u00f1arla durante su presentaci\u00f3n, a fin de prevenir cualquier tipo de incidente que pudiera producirse con las fuerzas de seguridad.<\/p>\n<p>&nbsp;<\/p>\n<p>&#8220;A esta altura del desastre econ\u00f3mico y enchastre pol\u00edtico que esta gente (l\u00e9ase Gobierno) ha causado, lo \u00fanico que les queda es la provocaci\u00f3n. Por eso ma\u00f1ana les pido que por favor no vayan a Comodoro Py&#8221;, arremeti\u00f3.<\/p>\n<p>&nbsp;<\/p>\n<p>&#8220;Por favor, dej\u00e9moslos solos para que puedan exhibir, una vez, su ineficiencia y mediocridad. Quien les dice que por ah\u00ed se dan cuenta y deciden destinar esos efectivos donde el pueblo los est\u00e1 necesitando, lamentablemente, cada vez m\u00e1s&#8221;, agreg\u00f3.<\/p>\n<p>&nbsp;<\/p>\n<p>Cristina Kirchner est\u00e1 procesada por administraci\u00f3n infiel de fondos p\u00fablicos al igual que su ex ministro de Econom\u00eda Axel Kicillof, por presunta defraudaci\u00f3n en la venta bajo la modalidad d\u00f3lar futuro.<\/p>\n<p>&nbsp;<\/p>\n<p>La denuncia la hab\u00edan presentado integrantes del ahora frente oficialista Cambiemos, los diputados Federico Pinedo (PRO) y Mario Negri (UCR), por las operaciones de venta de d\u00f3lares en el mercado de futuros a un precio &#8220;muy inferior al del mercado&#8221; y que estaba incluso por debajo del d\u00f3lar ahorro: se denunci\u00f3 que un d\u00f3lar que era vendido a 10,65 cuando pod\u00eda serlo a 14 o 15 pesos.<\/p>\n","protected":false},"excerpt":{"rendered":"<p>La ex presidente Cristina de Kirchner estuvo esta ma\u00f1ana en los tribunales de Comodoro Py, para dejar sus huellas digitales en el marco de la causa por maniobras por d\u00f3lar a futuro &nbsp; &nbsp; &nbsp; &nbsp; &nbsp; La ex mandataria arrib\u00f3 alrededor de las 7.50 en medio de una fuerte custodia policial, aunque sin militantes, a quienes les pidi\u00f3 que no concurrieran. &nbsp; Se espera que Cristina concurra a la embajada de Cuba, donde dar\u00e1 el p\u00e9same por la muerte del l\u00edder de la Revoluci\u00f3n cubana Fidel Castro, quien falleci\u00f3&#8230;<\/p>\n","protected":false},"author":3,"featured_media":5151,"comment_status":"closed","ping_status":"closed","sticky":false,"template":"","format":"standard","meta":[],"categories":[18],"tags":[],"_links":{"self":[{"href":"https:\/\/www.actualidadadiario.com\/index.php\/wp-json\/wp\/v2\/posts\/5150"}],"collection":[{"href":"https:\/\/www.actualidadadiario.com\/index.php\/wp-json\/wp\/v2\/posts"}],"about":[{"href":"https:\/\/www.actualidadadiario.com\/index.php\/wp-json\/wp\/v2\/types\/post"}],"author":[{"embeddable":true,"href":"https:\/\/www.actualidadadiario.com\/index.php\/wp-json\/wp\/v2\/users\/3"}],"replies":[{"embeddable":true,"href":"https:\/\/www.actualidadadiario.com\/index.php\/wp-json\/wp\/v2\/comments?post=5150"}],"version-history":[{"count":1,"href":"https:\/\/www.actualidadadiario.com\/index.php\/wp-json\/wp\/v2\/posts\/5150\/revisions"}],"predecessor-version":[{"id":5152,"href":"https:\/\/www.actualidadadiario.com\/index.php\/wp-json\/wp\/v2\/posts\/5150\/revisions\/5152"}],"wp:featuredmedia":[{"embeddable":true,"href":"https:\/\/www.actualidadadiario.com\/index.php\/wp-json\/wp\/v2\/media\/5151"}],"wp:attachment":[{"href":"https:\/\/www.actualidadadiario.com\/index.php\/wp-json\/wp\/v2\/media?parent=5150"}],"wp:term":[{"taxonomy":"category","embeddable":true,"href":"https:\/\/www.actualidadadiario.com\/index.php\/wp-json\/wp\/v2\/categories?post=5150"},{"taxonomy":"post_tag","embeddable":true,"href":"https:\/\/www.actualidadadiario.com\/index.php\/wp-json\/wp\/v2\/tags?post=5150"}],"curies":[{"name":"wp","href":"https:\/\/api.w.org\/{rel}","templated":true}]}}