{"id":5147,"date":"2016-11-29T09:48:42","date_gmt":"2016-11-29T12:48:42","guid":{"rendered":"http:\/\/actualidadadiario.com\/site\/?p=5147"},"modified":"2016-11-29T09:48:42","modified_gmt":"2016-11-29T12:48:42","slug":"crecen-las-suspensiones-la-empresa-ferrum-cesanteo-a-unos-500-empleados","status":"publish","type":"post","link":"https:\/\/www.actualidadadiario.com\/index.php\/2016\/11\/29\/crecen-las-suspensiones-la-empresa-ferrum-cesanteo-a-unos-500-empleados\/","title":{"rendered":"Crecen las suspensiones: la empresa Ferrum cesante\u00f3 a unos 500 empleados"},"content":{"rendered":"<p><em><strong>El impacto negativo en los empleos cada vez se hace m\u00e1s evidente. Es que los despidos y suspensiones se adelantan cada vez m\u00e1s y ya ni esperan al a\u00f1o pr\u00f3ximo para que la tan prometida lluvia de inversiones se vuelva realidad. Ahora la empresa Ferrum cesante\u00f3 a unos 500 empleados<\/strong><\/em><\/p>\n<p>&nbsp;<\/p>\n<p>&nbsp;<\/p>\n<p>&nbsp;<\/p>\n<p>&nbsp;<\/p>\n<p>&nbsp;<\/p>\n<p>&nbsp;<\/p>\n<p>Los trabajadores de la empresa que est\u00e1 asentada en Villa Rosa denunciaron que en las \u00faltimas horas fueron comunicados que desde el 19 de diciembre iban a quedar suspendidos. La decisi\u00f3n no tiene una fecha l\u00edmite sino que ser\u00e1 hasta nuevo aviso.<\/p>\n<p>&nbsp;<\/p>\n<p>El dirigente peronista, Iv\u00e1n Giordano, afirm\u00f3 al portal Resumen que \u201cesto genera una gran preocupaci\u00f3n porque la empresa ya hab\u00eda echado a un turno entero de trabajadores durante el primer semestre, a casi 180 personas\u201d.<\/p>\n<p>&nbsp;<\/p>\n<p>Y agrego que \u201cen ese momento hab\u00edan apagado un horno; todo esto es resultado de la pol\u00edtica econ\u00f3mica del gobierno nacional de Mauricio Macri\u201d.<\/p>\n<p>&nbsp;<\/p>\n<p>Estas 500 suspensiones se suman a otros 200 despidos que ya se hab\u00edan producido en la planta ante el derrumbe de la producci\u00f3n.<\/p>\n","protected":false},"excerpt":{"rendered":"<p>El impacto negativo en los empleos cada vez se hace m\u00e1s evidente. Es que los despidos y suspensiones se adelantan cada vez m\u00e1s y ya ni esperan al a\u00f1o pr\u00f3ximo para que la tan prometida lluvia de inversiones se vuelva realidad. Ahora la empresa Ferrum cesante\u00f3 a unos 500 empleados &nbsp; &nbsp; &nbsp; &nbsp; &nbsp; &nbsp; Los trabajadores de la empresa que est\u00e1 asentada en Villa Rosa denunciaron que en las \u00faltimas horas fueron comunicados que desde el 19 de diciembre iban a quedar suspendidos. La decisi\u00f3n no tiene una&#8230;<\/p>\n","protected":false},"author":3,"featured_media":5148,"comment_status":"closed","ping_status":"closed","sticky":false,"template":"","format":"standard","meta":[],"categories":[2],"tags":[],"_links":{"self":[{"href":"https:\/\/www.actualidadadiario.com\/index.php\/wp-json\/wp\/v2\/posts\/5147"}],"collection":[{"href":"https:\/\/www.actualidadadiario.com\/index.php\/wp-json\/wp\/v2\/posts"}],"about":[{"href":"https:\/\/www.actualidadadiario.com\/index.php\/wp-json\/wp\/v2\/types\/post"}],"author":[{"embeddable":true,"href":"https:\/\/www.actualidadadiario.com\/index.php\/wp-json\/wp\/v2\/users\/3"}],"replies":[{"embeddable":true,"href":"https:\/\/www.actualidadadiario.com\/index.php\/wp-json\/wp\/v2\/comments?post=5147"}],"version-history":[{"count":1,"href":"https:\/\/www.actualidadadiario.com\/index.php\/wp-json\/wp\/v2\/posts\/5147\/revisions"}],"predecessor-version":[{"id":5149,"href":"https:\/\/www.actualidadadiario.com\/index.php\/wp-json\/wp\/v2\/posts\/5147\/revisions\/5149"}],"wp:featuredmedia":[{"embeddable":true,"href":"https:\/\/www.actualidadadiario.com\/index.php\/wp-json\/wp\/v2\/media\/5148"}],"wp:attachment":[{"href":"https:\/\/www.actualidadadiario.com\/index.php\/wp-json\/wp\/v2\/media?parent=5147"}],"wp:term":[{"taxonomy":"category","embeddable":true,"href":"https:\/\/www.actualidadadiario.com\/index.php\/wp-json\/wp\/v2\/categories?post=5147"},{"taxonomy":"post_tag","embeddable":true,"href":"https:\/\/www.actualidadadiario.com\/index.php\/wp-json\/wp\/v2\/tags?post=5147"}],"curies":[{"name":"wp","href":"https:\/\/api.w.org\/{rel}","templated":true}]}}