{"id":5144,"date":"2016-11-29T09:47:46","date_gmt":"2016-11-29T12:47:46","guid":{"rendered":"http:\/\/actualidadadiario.com\/site\/?p=5144"},"modified":"2016-11-29T09:47:46","modified_gmt":"2016-11-29T12:47:46","slug":"se-estrello-el-avion-que-llevaba-al-equipo-del-club-chapecoense-de-brasil-hay-al-menos-75-muertos","status":"publish","type":"post","link":"https:\/\/www.actualidadadiario.com\/index.php\/2016\/11\/29\/se-estrello-el-avion-que-llevaba-al-equipo-del-club-chapecoense-de-brasil-hay-al-menos-75-muertos\/","title":{"rendered":"Se estrell\u00f3 el avi\u00f3n que llevaba al equipo del club Chapecoense de Brasil: hay al menos 75 muertos"},"content":{"rendered":"<p><em><strong>Un total de 75 personas murieron y seis fueron rescatadas con vida tras estrellarse cerca de Medell\u00edn la noche del lunes el avi\u00f3n que trasladaba al equipo brasile\u00f1o del Chapecoense, que ten\u00eda que disputar el mi\u00e9rcoles la final de la Copa Sudamericana ante el colombiano Atl\u00e9tico Nacional<\/strong><\/em><\/p>\n<p>&nbsp;<\/p>\n<p>&nbsp;<\/p>\n<p>&nbsp;<\/p>\n<p>&nbsp;<\/p>\n<p>&nbsp;<\/p>\n<p>&nbsp;<\/p>\n<p>&#8220;Se pudieron rescatar seis personas con vida pero una de ellas falleci\u00f3 en el traslado al hospital. El resto lamentablemente muri\u00f3&#8221;, dijo a los periodistas el Comandante de la Polic\u00eda Metropolitana del Valle de Aburr\u00e1, Jos\u00e9 Gerardo Acevedo. En un principio se hab\u00edan contabilizado seis sobrevivientes pero uno de ellos muri\u00f3 durante el traslado al centro m\u00e9dico.<\/p>\n<p>&nbsp;<\/p>\n<p>Los supervivientes son los jugadores del Chapecoense Alan Ruschel, Marcos Danilo Padilha y Jacson Ragnar Follmann, as\u00ed como una azafata y un periodista.<\/p>\n<p>&nbsp;<\/p>\n<p>El modesto Chapecoense hab\u00eda sorprendido al f\u00fatbol regional al llegar a la final de la Sudamericana por primera vez en su historia tras eliminar en semifinales al poderoso San Lorenzo de Argentina.<\/p>\n<p>&nbsp;<\/p>\n<p>La aeronave ch\u00e1rter transportaba a nueve tripulantes y 72 pasajeros, entre ellos los futbolistas del club brasile\u00f1o, directivos del equipo y periodistas. Ven\u00eda proveniente de Santa Cruz de la Sierra (Bolivia), donde hizo escala tras partir de Brasil.<\/p>\n<p>&nbsp;<\/p>\n<p>El avi\u00f3n de matr\u00edcula boliviana CP2933 de la empresa Lamia se declar\u00f3 en emergencia &#8220;por fallas el\u00e9ctricas&#8221; a las 22H00 locales (03H00 GMT) a unos 50 kil\u00f3metros de Medell\u00edn.<\/p>\n<p>&nbsp;<\/p>\n<p>Las labores de rescate se suspendieron la madrugada del martes debido a las condiciones climatol\u00f3gicas &#8220;en una zona monta\u00f1osa de muy dif\u00edcil acceso&#8221;, a 3.300 metros sobre el nivel del mar, y se retomar\u00e1n a partir de las 06H00 locales (11H00 GMT).<\/p>\n<p>&nbsp;<\/p>\n<p>Para llegar a esa colina, los rescatistas deben recorrer m\u00e1s de media hora a pie con las camillas.<\/p>\n<p>&nbsp;<\/p>\n<p>El siniestro ocurri\u00f3 en Cerro Gordo, entre los municipios de La Ceja y La Uni\u00f3n, en el departamento de Antioquia (noroeste), inform\u00f3 el aeropuerto Jos\u00e9 Mar\u00eda C\u00f3rdova de Rionegro, que sirve a Medell\u00edn, en un comunicado.<\/p>\n<p>&nbsp;<\/p>\n<p>La Unidad Nacional para la Gesti\u00f3n del Riesgo de Desastres (UNGRD) moviliz\u00f3 a alrededor de 150 operativos de los equipos de socorro y activ\u00f3 su red hospitalaria.<\/p>\n<p>&nbsp;<\/p>\n<p>Primero hubo una declaraci\u00f3n de emergencia y unos minutos m\u00e1s tarde se registr\u00f3 el accidente, dijo a la AFP un portavoz de la Aeron\u00e1utica Civil.<\/p>\n<p>&nbsp;<\/p>\n<p>Nueve futbolistas del Chapecoense no viajaron a Colombia por decisi\u00f3n t\u00e9cnica y se quedaron en Brasil: Rafael Lima, Nenem, Demerson, Marcelo Boeck, Andrei, Hyoran, Alejandro Martinuccio (argentino), Mois\u00e9s y Nivaldo.<\/p>\n<p>&nbsp;<\/p>\n<p>Hace dos semanas, en ese mismo avi\u00f3n hab\u00eda viajado la selecci\u00f3n argentina con Lionel Messi a bordo desde Buenos Aires hasta San Juan (oeste) para jugar el partido contra Colombia por la clasificatoria sudamericana a Rusia-2018.<\/p>\n<p>&nbsp;<\/p>\n<p>&nbsp;<\/p>\n<p>&nbsp;<\/p>\n<p>&nbsp;<\/p>\n<p>&nbsp;<\/p>\n<p><strong>Milagro sudamericano<\/strong><\/p>\n<p>La Conmebol anunci\u00f3 que debido al accidente se suspendi\u00f3 oficialmente la final de la Copa Sudamericana y adem\u00e1s el Congreso del organismo del f\u00fatbol sudamericano que deb\u00eda sesionar este mi\u00e9rcoles en Montevideo.<\/p>\n<p>&nbsp;<\/p>\n<p>El presidente de la Conmebol, Alejandro Dom\u00ednguez, viaj\u00f3 de inmediato a Medell\u00edn, a\u00f1adi\u00f3 el comunicado.<\/p>\n<p>&nbsp;<\/p>\n<p>Por su parte, Atl\u00e9tico Nacional se solidariz\u00f3 con el cuadro rival. &#8220;Nacional lamenta profundamente y se solidariza con @chapecoensereal por el accidente ocurrido y espera informaci\u00f3n de las autoridades&#8221;, escribi\u00f3 en su cuenta en Twitter.<\/p>\n<p>&nbsp;<\/p>\n<p>&#8220;Estamos en el lugar, respetando la operaci\u00f3n de los organismos de rescate y tratando de enterarnos para saber con qu\u00e9 podemos ayudar&#8221;, afirm\u00f3 el presidente del club, Juan Carlos de la Cuesta, a Blu Radio.<\/p>\n<p>&nbsp;<\/p>\n<p>La clasificaci\u00f3n a la final la semana pasada revolucion\u00f3 a esa peque\u00f1a ciudad de unos 200.000 habitantes, ubicada en el estado de Santa Catarina.<\/p>\n<p>&nbsp;<\/p>\n<p>Chapecoense lleg\u00f3 a esa instancia tras eliminar por penales al argentino Independiente. Antes hab\u00eda dejado atr\u00e1s al Junior de Barranquilla.<\/p>\n<p>&nbsp;<\/p>\n<p>El Verdao del oeste estuvo a punto de desaparecer hace una d\u00e9cada. Al borde de la bancarrota, la existencia del club de Chapec\u00f3, en el lejano interior de la sure\u00f1a Santa Catarina, parec\u00eda inviable.<\/p>\n<p>&nbsp;<\/p>\n<p>Pero este club con 43 a\u00f1os, vio la luz en 2009, cuando consigui\u00f3 clasificarse para la cuarta divisi\u00f3n y ah\u00ed comenz\u00f3 un despegue que, siete a\u00f1os despu\u00e9s, lo hab\u00eda convertido en la revelaci\u00f3n sudamericana.<\/p>\n","protected":false},"excerpt":{"rendered":"<p>Un total de 75 personas murieron y seis fueron rescatadas con vida tras estrellarse cerca de Medell\u00edn la noche del lunes el avi\u00f3n que trasladaba al equipo brasile\u00f1o del Chapecoense, que ten\u00eda que disputar el mi\u00e9rcoles la final de la Copa Sudamericana ante el colombiano Atl\u00e9tico Nacional &nbsp; &nbsp; &nbsp; &nbsp; &nbsp; &nbsp; &#8220;Se pudieron rescatar seis personas con vida pero una de ellas falleci\u00f3 en el traslado al hospital. El resto lamentablemente muri\u00f3&#8221;, dijo a los periodistas el Comandante de la Polic\u00eda Metropolitana del Valle de Aburr\u00e1, Jos\u00e9 Gerardo&#8230;<\/p>\n","protected":false},"author":3,"featured_media":5145,"comment_status":"closed","ping_status":"closed","sticky":false,"template":"","format":"standard","meta":[],"categories":[9],"tags":[],"_links":{"self":[{"href":"https:\/\/www.actualidadadiario.com\/index.php\/wp-json\/wp\/v2\/posts\/5144"}],"collection":[{"href":"https:\/\/www.actualidadadiario.com\/index.php\/wp-json\/wp\/v2\/posts"}],"about":[{"href":"https:\/\/www.actualidadadiario.com\/index.php\/wp-json\/wp\/v2\/types\/post"}],"author":[{"embeddable":true,"href":"https:\/\/www.actualidadadiario.com\/index.php\/wp-json\/wp\/v2\/users\/3"}],"replies":[{"embeddable":true,"href":"https:\/\/www.actualidadadiario.com\/index.php\/wp-json\/wp\/v2\/comments?post=5144"}],"version-history":[{"count":1,"href":"https:\/\/www.actualidadadiario.com\/index.php\/wp-json\/wp\/v2\/posts\/5144\/revisions"}],"predecessor-version":[{"id":5146,"href":"https:\/\/www.actualidadadiario.com\/index.php\/wp-json\/wp\/v2\/posts\/5144\/revisions\/5146"}],"wp:featuredmedia":[{"embeddable":true,"href":"https:\/\/www.actualidadadiario.com\/index.php\/wp-json\/wp\/v2\/media\/5145"}],"wp:attachment":[{"href":"https:\/\/www.actualidadadiario.com\/index.php\/wp-json\/wp\/v2\/media?parent=5144"}],"wp:term":[{"taxonomy":"category","embeddable":true,"href":"https:\/\/www.actualidadadiario.com\/index.php\/wp-json\/wp\/v2\/categories?post=5144"},{"taxonomy":"post_tag","embeddable":true,"href":"https:\/\/www.actualidadadiario.com\/index.php\/wp-json\/wp\/v2\/tags?post=5144"}],"curies":[{"name":"wp","href":"https:\/\/api.w.org\/{rel}","templated":true}]}}