{"id":5139,"date":"2016-11-25T10:51:22","date_gmt":"2016-11-25T13:51:22","guid":{"rendered":"http:\/\/actualidadadiario.com\/site\/?p=5139"},"modified":"2016-11-25T10:51:22","modified_gmt":"2016-11-25T13:51:22","slug":"la-nacion-vuelve-a-pedir-que-se-expulsen-a-los-inmigrantes","status":"publish","type":"post","link":"https:\/\/www.actualidadadiario.com\/index.php\/2016\/11\/25\/la-nacion-vuelve-a-pedir-que-se-expulsen-a-los-inmigrantes\/","title":{"rendered":"La Naci\u00f3n vuelve a pedir que se expulsen a los inmigrantes"},"content":{"rendered":"<p><em><strong>El famoso diario ultra conservador edita una nueva columna de opini\u00f3n donde responsabiliza y estigmatiza a los migrantes de la delincuencia. A la vez que se queja por la utilizaci\u00f3n de los hospitales p\u00fablicos y la educaci\u00f3n. En sinton\u00eda con los discursos racistas del momento, La Naci\u00f3n aporta su grano de arena<\/strong><\/em><\/p>\n<p>&nbsp;<\/p>\n<p>&nbsp;<\/p>\n<p>&nbsp;<\/p>\n<p>&nbsp;<\/p>\n<p>Como no pod\u00eda ser de otra manera, La Naci\u00f3n no se queda atr\u00e1s en la estigmatizaci\u00f3n y los discursos racistas que atraviesa el espacio p\u00fablico.<\/p>\n<p>&nbsp;<\/p>\n<p>Tanto es as\u00ed que le dedica toda su editorial a criminalizar a la migraci\u00f3n. \u201cEl jefe del bloque de senadores nacionales del justicialismo, Miguel Pichetto, dijo lo que est\u00e1 en la boca de crecientes sectores de la sociedad argentina y que pocos se atreven a manifestar: \u2018Aqu\u00ed no se expulsa a nadie\u2019\u201d, arranca.<\/p>\n<p>&nbsp;<\/p>\n<p>Acto seguido afirma sin ning\u00fan tipo de rigurosidad o sustento que \u201cel tema de la inmigraci\u00f3n sin debida fiscalizaci\u00f3n se activa frente a la alarma social por los grav\u00edsimos \u00edndices de inseguridad que azotan a nuestra sociedad\u201d.<\/p>\n<p>&nbsp;<\/p>\n<p>Para el diario conservador hay un \u201celevado n\u00famero de extranjeros, en particular latinoamericanos, en asociaciones criminales\u201d donde hace \u00e9nfasis en el narcotr\u00e1fico. Pero sin ning\u00fan sustento de alg\u00fan dato o estudio que pueda sostener tama\u00f1a afirmaci\u00f3n. En verdad lo que busca el matutino es proseguir con la escalada racista.<\/p>\n<p>&nbsp;<\/p>\n<p>Al tiempo que tambi\u00e9n se queja por los supuestos \u201clos costos de la atenci\u00f3n sanitaria de los inmigrantes\u201d. En el mismo sentido, llama a tener alg\u00fan tipo de arancel o \u201caporte\u201d por venir a estudiar a nuestro pa\u00eds.<\/p>\n<p>&nbsp;<\/p>\n<p>Por \u00faltimo, llama a \u201cevitar la presencia t\u00f3xica de quienes pretenden prolongar aqu\u00ed la trayectoria delictiva en sus pa\u00edses de origen ayudar\u00e1 a la sociedad a rehabilitarse de sus angustias diarias ante un estado de inseguridad que no ha conseguido mejorar el cambio de gobierno\u201d.<\/p>\n","protected":false},"excerpt":{"rendered":"<p>El famoso diario ultra conservador edita una nueva columna de opini\u00f3n donde responsabiliza y estigmatiza a los migrantes de la delincuencia. A la vez que se queja por la utilizaci\u00f3n de los hospitales p\u00fablicos y la educaci\u00f3n. En sinton\u00eda con los discursos racistas del momento, La Naci\u00f3n aporta su grano de arena &nbsp; &nbsp; &nbsp; &nbsp; Como no pod\u00eda ser de otra manera, La Naci\u00f3n no se queda atr\u00e1s en la estigmatizaci\u00f3n y los discursos racistas que atraviesa el espacio p\u00fablico. &nbsp; Tanto es as\u00ed que le dedica toda su&#8230;<\/p>\n","protected":false},"author":3,"featured_media":5140,"comment_status":"closed","ping_status":"closed","sticky":false,"template":"","format":"standard","meta":[],"categories":[18],"tags":[],"_links":{"self":[{"href":"https:\/\/www.actualidadadiario.com\/index.php\/wp-json\/wp\/v2\/posts\/5139"}],"collection":[{"href":"https:\/\/www.actualidadadiario.com\/index.php\/wp-json\/wp\/v2\/posts"}],"about":[{"href":"https:\/\/www.actualidadadiario.com\/index.php\/wp-json\/wp\/v2\/types\/post"}],"author":[{"embeddable":true,"href":"https:\/\/www.actualidadadiario.com\/index.php\/wp-json\/wp\/v2\/users\/3"}],"replies":[{"embeddable":true,"href":"https:\/\/www.actualidadadiario.com\/index.php\/wp-json\/wp\/v2\/comments?post=5139"}],"version-history":[{"count":1,"href":"https:\/\/www.actualidadadiario.com\/index.php\/wp-json\/wp\/v2\/posts\/5139\/revisions"}],"predecessor-version":[{"id":5141,"href":"https:\/\/www.actualidadadiario.com\/index.php\/wp-json\/wp\/v2\/posts\/5139\/revisions\/5141"}],"wp:featuredmedia":[{"embeddable":true,"href":"https:\/\/www.actualidadadiario.com\/index.php\/wp-json\/wp\/v2\/media\/5140"}],"wp:attachment":[{"href":"https:\/\/www.actualidadadiario.com\/index.php\/wp-json\/wp\/v2\/media?parent=5139"}],"wp:term":[{"taxonomy":"category","embeddable":true,"href":"https:\/\/www.actualidadadiario.com\/index.php\/wp-json\/wp\/v2\/categories?post=5139"},{"taxonomy":"post_tag","embeddable":true,"href":"https:\/\/www.actualidadadiario.com\/index.php\/wp-json\/wp\/v2\/tags?post=5139"}],"curies":[{"name":"wp","href":"https:\/\/api.w.org\/{rel}","templated":true}]}}