{"id":5133,"date":"2016-11-25T10:45:07","date_gmt":"2016-11-25T13:45:07","guid":{"rendered":"http:\/\/actualidadadiario.com\/site\/?p=5133"},"modified":"2016-11-25T10:45:07","modified_gmt":"2016-11-25T13:45:07","slug":"fuerte-caida-de-reservas-en-la-costa-atlantica-y-sube-interes-por-punta-del-este","status":"publish","type":"post","link":"https:\/\/www.actualidadadiario.com\/index.php\/2016\/11\/25\/fuerte-caida-de-reservas-en-la-costa-atlantica-y-sube-interes-por-punta-del-este\/","title":{"rendered":"Fuerte ca\u00edda de reservas en la Costa Atl\u00e1ntica y sube inter\u00e9s por Punta del Este"},"content":{"rendered":"<p><em><strong>Cayeron 15% los pedidos de alquileres y estad\u00edas en el pa\u00eds mientras que en Uruguay ya se super\u00f3 al a\u00f1o pasado<\/strong><\/em><\/p>\n<p>&nbsp;<\/p>\n<p>&nbsp;<\/p>\n<p>&nbsp;<\/p>\n<p>&nbsp;<\/p>\n<p>De cara al segundo verano desde la asunci\u00f3n de Mauricio Macri y ya con su modelo funcionando y la crisis econ\u00f3mica, ya empiezan a conocerse datos preocupantes sobre las vacaciones de los argentinos.<\/p>\n<p>&nbsp;<\/p>\n<p>Hay preocupaci\u00f3n en los sectores tur\u00edsticos por la ca\u00edda de reservas en la costa atl\u00e1ntica argentina. Desde las c\u00e1maras aseguran que cayeron un 15% las reservas comparado al a\u00f1o pasado y tambi\u00e9n hubo una ca\u00edda de la cantidad de consultas.<\/p>\n<p>&nbsp;<\/p>\n<p>En concordancia con el fuerte crecimiento de las subas de las ventas de los productos caros que compran las clases altas, subi\u00f3 el inter\u00e9s por Punta del Este de los argentinos, con respecto al a\u00f1o pasado.<\/p>\n<p>&nbsp;<\/p>\n<p>El volumen global de contratos cerrados es s\u00f3lo de un 15% por debajo del que se alcanz\u00f3 en la misma \u00e9poca el a\u00f1o pasado, seg\u00fan revela el sitio Pol\u00edtica Argentina.<\/p>\n","protected":false},"excerpt":{"rendered":"<p>Cayeron 15% los pedidos de alquileres y estad\u00edas en el pa\u00eds mientras que en Uruguay ya se super\u00f3 al a\u00f1o pasado &nbsp; &nbsp; &nbsp; &nbsp; De cara al segundo verano desde la asunci\u00f3n de Mauricio Macri y ya con su modelo funcionando y la crisis econ\u00f3mica, ya empiezan a conocerse datos preocupantes sobre las vacaciones de los argentinos. &nbsp; Hay preocupaci\u00f3n en los sectores tur\u00edsticos por la ca\u00edda de reservas en la costa atl\u00e1ntica argentina. Desde las c\u00e1maras aseguran que cayeron un 15% las reservas comparado al a\u00f1o pasado y&#8230;<\/p>\n","protected":false},"author":3,"featured_media":5134,"comment_status":"closed","ping_status":"closed","sticky":false,"template":"","format":"standard","meta":[],"categories":[2],"tags":[],"_links":{"self":[{"href":"https:\/\/www.actualidadadiario.com\/index.php\/wp-json\/wp\/v2\/posts\/5133"}],"collection":[{"href":"https:\/\/www.actualidadadiario.com\/index.php\/wp-json\/wp\/v2\/posts"}],"about":[{"href":"https:\/\/www.actualidadadiario.com\/index.php\/wp-json\/wp\/v2\/types\/post"}],"author":[{"embeddable":true,"href":"https:\/\/www.actualidadadiario.com\/index.php\/wp-json\/wp\/v2\/users\/3"}],"replies":[{"embeddable":true,"href":"https:\/\/www.actualidadadiario.com\/index.php\/wp-json\/wp\/v2\/comments?post=5133"}],"version-history":[{"count":1,"href":"https:\/\/www.actualidadadiario.com\/index.php\/wp-json\/wp\/v2\/posts\/5133\/revisions"}],"predecessor-version":[{"id":5135,"href":"https:\/\/www.actualidadadiario.com\/index.php\/wp-json\/wp\/v2\/posts\/5133\/revisions\/5135"}],"wp:featuredmedia":[{"embeddable":true,"href":"https:\/\/www.actualidadadiario.com\/index.php\/wp-json\/wp\/v2\/media\/5134"}],"wp:attachment":[{"href":"https:\/\/www.actualidadadiario.com\/index.php\/wp-json\/wp\/v2\/media?parent=5133"}],"wp:term":[{"taxonomy":"category","embeddable":true,"href":"https:\/\/www.actualidadadiario.com\/index.php\/wp-json\/wp\/v2\/categories?post=5133"},{"taxonomy":"post_tag","embeddable":true,"href":"https:\/\/www.actualidadadiario.com\/index.php\/wp-json\/wp\/v2\/tags?post=5133"}],"curies":[{"name":"wp","href":"https:\/\/api.w.org\/{rel}","templated":true}]}}