{"id":5130,"date":"2016-11-25T10:42:50","date_gmt":"2016-11-25T13:42:50","guid":{"rendered":"http:\/\/actualidadadiario.com\/site\/?p=5130"},"modified":"2016-11-25T10:42:50","modified_gmt":"2016-11-25T13:42:50","slug":"maximo-kirchner-encabezara-un-acto-en-parana","status":"publish","type":"post","link":"https:\/\/www.actualidadadiario.com\/index.php\/2016\/11\/25\/maximo-kirchner-encabezara-un-acto-en-parana\/","title":{"rendered":"M\u00e1ximo Kirchner encabezar\u00e1 un acto en Paran\u00e1"},"content":{"rendered":"<p><em><strong>Ser\u00e1 el 2 de diciembre, con una convocatoria provincial que exhibir\u00e1 qu\u00e9 tiene hoy el kirchnerismo en Entre R\u00edos<\/strong><\/em><\/p>\n<p>&nbsp;<\/p>\n<p>&nbsp;<\/p>\n<p>&nbsp;<\/p>\n<p>&nbsp;<\/p>\n<p>El diputado M\u00e1ximo Kirchner encabezar\u00e1 un acto en Paran\u00e1, el viernes 2 de diciembre, a las 20, en la plaza del Bombero y reunir\u00e1 a todos los referentes del kirchnerismo de Entre R\u00edos, por primera vez en esta etapa de reposicionamientos dentro del peronismo.<\/p>\n<p>&nbsp;<\/p>\n<p>Hasta ahora, el kirchnerismo ven\u00eda realizando reuniones en algunas ciudades, que contaban con la participaci\u00f3n de referentes de otros distritos, como el 17 de octubre del intendente Mart\u00edn Piaggio en Gualeguaych\u00fa; el descubrimiento de la placa de N\u00e9stor Kirchner en el PJ de Paran\u00e1 para el aniversario de su muerte; y el acto del kirchnerismo de Concordia.<\/p>\n<p>&nbsp;<\/p>\n<p>Esta vez, con la primera visita pol\u00edtica del hijo de los ex presidentes N\u00e9stor y Cristina Kirchner a Paran\u00e1, la reuni\u00f3n tendr\u00e1 car\u00e1cter provincial, seg\u00fan confirmaron a P\u00e1gina Pol\u00edtica un par de dirigentes del sector, que pidieron no efectuar declaraciones hasta tanto no se publique un documento pol\u00edtico convocando al acto.<\/p>\n<p>&nbsp;<\/p>\n<p>La novedad surgi\u00f3 este jueves por la tarde, durante una reuni\u00f3n que se desarroll\u00f3 en el local de la agrupaci\u00f3n Arturo Jaureche, que conduce el diputado nacional Julio Solanas y de la que participaron la ex intendenta Blanca Osuna, el diputado provincial Pedro B\u00e1ez, el diputado nacional Juan Manuel Huss, el diputado provincial Gustavo Guzm\u00e1n, el senador por Concordia \u00c1ngel Giano, el secretario de deportes de la municipalidad de Concordia, Marcelo Cresto, el ex vicegobernador Hern\u00e1n Orduna, el presidente del PJ de Gualeguay, Carlos G\u00e1lligo, entre otros dirigentes.<\/p>\n","protected":false},"excerpt":{"rendered":"<p>Ser\u00e1 el 2 de diciembre, con una convocatoria provincial que exhibir\u00e1 qu\u00e9 tiene hoy el kirchnerismo en Entre R\u00edos &nbsp; &nbsp; &nbsp; &nbsp; El diputado M\u00e1ximo Kirchner encabezar\u00e1 un acto en Paran\u00e1, el viernes 2 de diciembre, a las 20, en la plaza del Bombero y reunir\u00e1 a todos los referentes del kirchnerismo de Entre R\u00edos, por primera vez en esta etapa de reposicionamientos dentro del peronismo. &nbsp; Hasta ahora, el kirchnerismo ven\u00eda realizando reuniones en algunas ciudades, que contaban con la participaci\u00f3n de referentes de otros distritos, como el&#8230;<\/p>\n","protected":false},"author":3,"featured_media":5131,"comment_status":"closed","ping_status":"closed","sticky":false,"template":"","format":"standard","meta":[],"categories":[18],"tags":[],"_links":{"self":[{"href":"https:\/\/www.actualidadadiario.com\/index.php\/wp-json\/wp\/v2\/posts\/5130"}],"collection":[{"href":"https:\/\/www.actualidadadiario.com\/index.php\/wp-json\/wp\/v2\/posts"}],"about":[{"href":"https:\/\/www.actualidadadiario.com\/index.php\/wp-json\/wp\/v2\/types\/post"}],"author":[{"embeddable":true,"href":"https:\/\/www.actualidadadiario.com\/index.php\/wp-json\/wp\/v2\/users\/3"}],"replies":[{"embeddable":true,"href":"https:\/\/www.actualidadadiario.com\/index.php\/wp-json\/wp\/v2\/comments?post=5130"}],"version-history":[{"count":1,"href":"https:\/\/www.actualidadadiario.com\/index.php\/wp-json\/wp\/v2\/posts\/5130\/revisions"}],"predecessor-version":[{"id":5132,"href":"https:\/\/www.actualidadadiario.com\/index.php\/wp-json\/wp\/v2\/posts\/5130\/revisions\/5132"}],"wp:featuredmedia":[{"embeddable":true,"href":"https:\/\/www.actualidadadiario.com\/index.php\/wp-json\/wp\/v2\/media\/5131"}],"wp:attachment":[{"href":"https:\/\/www.actualidadadiario.com\/index.php\/wp-json\/wp\/v2\/media?parent=5130"}],"wp:term":[{"taxonomy":"category","embeddable":true,"href":"https:\/\/www.actualidadadiario.com\/index.php\/wp-json\/wp\/v2\/categories?post=5130"},{"taxonomy":"post_tag","embeddable":true,"href":"https:\/\/www.actualidadadiario.com\/index.php\/wp-json\/wp\/v2\/tags?post=5130"}],"curies":[{"name":"wp","href":"https:\/\/api.w.org\/{rel}","templated":true}]}}