{"id":5127,"date":"2016-11-25T10:41:55","date_gmt":"2016-11-25T13:41:55","guid":{"rendered":"http:\/\/actualidadadiario.com\/site\/?p=5127"},"modified":"2016-11-25T10:41:55","modified_gmt":"2016-11-25T13:41:55","slug":"habra-hoy-una-nueva-marcha-en-parana-contra-la-violencia-de-genero","status":"publish","type":"post","link":"https:\/\/www.actualidadadiario.com\/index.php\/2016\/11\/25\/habra-hoy-una-nueva-marcha-en-parana-contra-la-violencia-de-genero\/","title":{"rendered":"Habr\u00e1 hoy una nueva marcha en Paran\u00e1 contra la violencia de g\u00e9nero"},"content":{"rendered":"<p><em><strong>Las organizaciones que integran el espacio \u201cMemoria Colectiva\u201d marchar\u00e1n en Paran\u00e1 este 25 de noviembre, D\u00eda Internacional de No Violencia contra las Mujeres, bajo la consigna \u201cNi una menos\u201d, y exigiendo el fin de los feminicidios y la declaraci\u00f3n de la emergencia en esta materia en el territorio provincial<\/strong><\/em><\/p>\n<p>&nbsp;<\/p>\n<p>&nbsp;<\/p>\n<p>&nbsp;<\/p>\n<p>&nbsp;<\/p>\n<p>En la capital provincial la concentraci\u00f3n ser\u00e1 a las 17.30 frente a Tribunales y se marchar\u00e1 hacia el mural de calle Belgrano que recuerda a las v\u00edctimas de la violencia machista en nuestra provincia. Se partir\u00e1 de Laprida hasta Buenos Aires, calle que se recorrer\u00e1 hasta Urquiza doblando a la izquierda hasta Belgrano en donde se emplaza el mural, se inform\u00f3 desde Memoria Colectiva.<\/p>\n<p>&nbsp;<\/p>\n<p>En el acto har\u00e1n uso de la palabra familiares de v\u00edctimas de feminicidios y se dar\u00e1 lectura de un documento. Acto seguido se colocar\u00e1 una placa conmemorativa y se pintar\u00e1n los nombres de las recientes v\u00edctimas fatales en el mural.<\/p>\n<p>&nbsp;<\/p>\n<p>Finalmente, se realizar\u00e1 un cierre con expresiones culturales alusivas a la tem\u00e1tica que tendr\u00e1, entre otras, la presencia de Mauri Scharovsky (Bordolino Argentino) y la murga \u201cLa de Bolsillo\u201d.<\/p>\n<p>&nbsp;<\/p>\n<p>Las organizaciones que integran Memoria Colectiva son: Red de Alerta de Entre R\u00edos, Fundaci\u00f3n Mujeres Tramando, Asociaci\u00f3n Civil Barriletes, MUPEA, Cladem, Sindicato Empleadas en Casas de Familia de Entre R\u00edos, Conders, Red Par por una comunicaci\u00f3n no sexista, Red Internacional de Periodistas con Visi\u00f3n de G\u00e9nero en Argentina, CTA Paran\u00e1 Aut\u00f3noma, CTA Entre R\u00edos Aut\u00f3noma, Asociaci\u00f3n Mujer, Trabajo y Ciudadan\u00eda de Entre R\u00edos, Asociaci\u00f3n La Casita, Foro Infancia Robada, Red Nacional Antimafia, La Jauretche, Campa\u00f1a Nacional Abolicionista, Campa\u00f1a Nacional Aborto Seguro, Legal y Gratuito, Familiares y Amigos de V\u00edctimas, Universidad Aut\u00f3noma de Entre R\u00edos (UADER), Instituto Nacional contra Discriminaci\u00f3n, la Xenofobia y el Racismo \u2013Inadi\u2013 de Entre R\u00edos, Instituto de Derechos de la Mujer Colegio de Abogados de Entre R\u00edos, AGMER Mar\u00eda Grande, Agrupaci\u00f3n Docente Tizas Obreras Panzas Verdes, Colectivo de G\u00e9neros de Concordia, G\u00e9nero CTA de los Trabajadores de Entre R\u00edos, Agrupaci\u00f3n Docente Paulo Freire, Asociaci\u00f3n Judicial de Entre R\u00edos, Asociaci\u00f3n Personal Industria del Gas y Afines, Uni\u00f3n Obrera Ladrillera de la Rep\u00fablica Argentina, Cooperativa de Trabajo Sercon, Centro de Jubilados Nacionales, Provinciales y Municipales de la CTA, Juventud CTA Paran\u00e1, La 17 de Octubre, Movimiento Evita, Las Capitanas Paran\u00e1, Descamisados, Partido Socialista, Bien Com\u00fan, Mujeres en el Frente Renovador entrerriano, Juventud Radical Independiente, Casa Solidaria, entre otras.<\/p>\n","protected":false},"excerpt":{"rendered":"<p>Las organizaciones que integran el espacio \u201cMemoria Colectiva\u201d marchar\u00e1n en Paran\u00e1 este 25 de noviembre, D\u00eda Internacional de No Violencia contra las Mujeres, bajo la consigna \u201cNi una menos\u201d, y exigiendo el fin de los feminicidios y la declaraci\u00f3n de la emergencia en esta materia en el territorio provincial &nbsp; &nbsp; &nbsp; &nbsp; En la capital provincial la concentraci\u00f3n ser\u00e1 a las 17.30 frente a Tribunales y se marchar\u00e1 hacia el mural de calle Belgrano que recuerda a las v\u00edctimas de la violencia machista en nuestra provincia. Se partir\u00e1 de&#8230;<\/p>\n","protected":false},"author":3,"featured_media":5128,"comment_status":"closed","ping_status":"closed","sticky":false,"template":"","format":"standard","meta":[],"categories":[15],"tags":[],"_links":{"self":[{"href":"https:\/\/www.actualidadadiario.com\/index.php\/wp-json\/wp\/v2\/posts\/5127"}],"collection":[{"href":"https:\/\/www.actualidadadiario.com\/index.php\/wp-json\/wp\/v2\/posts"}],"about":[{"href":"https:\/\/www.actualidadadiario.com\/index.php\/wp-json\/wp\/v2\/types\/post"}],"author":[{"embeddable":true,"href":"https:\/\/www.actualidadadiario.com\/index.php\/wp-json\/wp\/v2\/users\/3"}],"replies":[{"embeddable":true,"href":"https:\/\/www.actualidadadiario.com\/index.php\/wp-json\/wp\/v2\/comments?post=5127"}],"version-history":[{"count":1,"href":"https:\/\/www.actualidadadiario.com\/index.php\/wp-json\/wp\/v2\/posts\/5127\/revisions"}],"predecessor-version":[{"id":5129,"href":"https:\/\/www.actualidadadiario.com\/index.php\/wp-json\/wp\/v2\/posts\/5127\/revisions\/5129"}],"wp:featuredmedia":[{"embeddable":true,"href":"https:\/\/www.actualidadadiario.com\/index.php\/wp-json\/wp\/v2\/media\/5128"}],"wp:attachment":[{"href":"https:\/\/www.actualidadadiario.com\/index.php\/wp-json\/wp\/v2\/media?parent=5127"}],"wp:term":[{"taxonomy":"category","embeddable":true,"href":"https:\/\/www.actualidadadiario.com\/index.php\/wp-json\/wp\/v2\/categories?post=5127"},{"taxonomy":"post_tag","embeddable":true,"href":"https:\/\/www.actualidadadiario.com\/index.php\/wp-json\/wp\/v2\/tags?post=5127"}],"curies":[{"name":"wp","href":"https:\/\/api.w.org\/{rel}","templated":true}]}}