{"id":5124,"date":"2016-11-25T10:41:06","date_gmt":"2016-11-25T13:41:06","guid":{"rendered":"http:\/\/actualidadadiario.com\/site\/?p=5124"},"modified":"2016-11-25T10:41:06","modified_gmt":"2016-11-25T13:41:06","slug":"la-uader-desarrollo-banos-quimicos-accesibles","status":"publish","type":"post","link":"https:\/\/www.actualidadadiario.com\/index.php\/2016\/11\/25\/la-uader-desarrollo-banos-quimicos-accesibles\/","title":{"rendered":"La Uader desarroll\u00f3 ba\u00f1os qu\u00edmicos accesibles"},"content":{"rendered":"<p><em><strong>El Instituto Provincial de Discapacidad (Iprodi) recibi\u00f3 este mi\u00e9rcoles por parte de la Universidad Aut\u00f3noma de Entre R\u00edos (Uader) dos ba\u00f1os qu\u00edmicos accesibles dise\u00f1ados y ejecutados por un equipo de la Facultad de Ciencias de la Vida y la Salud. La novedosa iniciativa surgi\u00f3 tras la firma de un convenio marco llevado adelante por ambas instituciones en 2013, impulsado por Flavia Mena y Mar\u00eda Candela Llanos Clari\u00e1, a quienes se les rindi\u00f3 un sentido homenaje durante el acto de entrega<\/strong><\/em><\/p>\n<p>&nbsp;<\/p>\n<p>&nbsp;<\/p>\n<p>&nbsp;<\/p>\n<p>&nbsp;<\/p>\n<p>&nbsp;<\/p>\n<p>Estuvieron presentes el rector de la Uader, An\u00edbal Sattler, la decana de la Facultad de Ciencias de la Vida y la Salud, Estela Gross, la secretaria de Extensi\u00f3n Universitaria, Adelina Ale, la directora t\u00e9cnica del proyecto, Beatriz Bot e integrantes del Centro de Investigaci\u00f3n de la unidad acad\u00e9mica. Por parte del Iprodi asistieron el Coordinador de Gesti\u00f3n del Iprodi, Mart\u00edn Neme, y Cecilia Bonino, integrante de la Junta Categorizadora de Servicio del Iprodi.<\/p>\n<p>&nbsp;<\/p>\n<p>A partir del convenio entre el Iprodi y la Uader se gestaron diversas l\u00edneas de trabajo en pos de mejorar la calidad de vida de las personas con discapacidad. En ese marco se elabor\u00f3 un proyecto que fue aprobado ante el Procodas (Programa Consejo de la Demanda de Actores Sociales) para el dise\u00f1o y desarrollo de ba\u00f1os port\u00e1tiles para ser empleados en eventos p\u00fablicos a cielo abierto. Las unidades cuentan con una rampa de acceso, inodoro qu\u00edmico, asiento y tapa, taza autolimpiante con bomba de recirculaci\u00f3n manual, barrales dispuestos lateralmente al inodoro, grifer\u00eda para personas con discapacidad, portarrollo de papel higi\u00e9nico, dispenser para jab\u00f3n l\u00edquido, luz interior autom\u00e1tica, puerta de cierre autom\u00e1tico y capacidad de estanque de 100 litros.<\/p>\n<p>&nbsp;<\/p>\n<p>Dentro del ba\u00f1o pueden estar simult\u00e1neamente una persona en silla de ruedas y un acompa\u00f1ante. Las unidades fueron dise\u00f1adas y fabricadas por la Unidad Ejecutora dependiente de la Facultad de Ciencias de la Vida y la Salud de la Universidad Aut\u00f3noma de Entre R\u00edos en su Centro de Investigaciones. Se acord\u00f3 que una vez probados y considerados aptos para el uso, se donar\u00edan al Instituto Provincial de Discapacidad para que \u00e9ste disponga de ellos.<\/p>\n<p>&nbsp;<\/p>\n<p>Un objetivo general del proyecto fue desarrollar a muy bajo costo y con materiales nacionales, ba\u00f1os qu\u00edmicos port\u00e1tiles para ser utilizados en eventos p\u00fablicos a cielo abierto en pos de fomentar la inclusi\u00f3n social de personas con discapacidad.<\/p>\n<p>&nbsp;<\/p>\n<p>La ejecuci\u00f3n de la iniciativa beneficiar\u00e1 a la sociedad entrerriana y a los visitantes de nuestra provincia, ya que se prestar\u00e1 un servicio b\u00e1sico que posibilitar\u00e1 la asistencia de personas con discapacidad a eventos p\u00fablicos a cielo abierto.<\/p>\n","protected":false},"excerpt":{"rendered":"<p>El Instituto Provincial de Discapacidad (Iprodi) recibi\u00f3 este mi\u00e9rcoles por parte de la Universidad Aut\u00f3noma de Entre R\u00edos (Uader) dos ba\u00f1os qu\u00edmicos accesibles dise\u00f1ados y ejecutados por un equipo de la Facultad de Ciencias de la Vida y la Salud. La novedosa iniciativa surgi\u00f3 tras la firma de un convenio marco llevado adelante por ambas instituciones en 2013, impulsado por Flavia Mena y Mar\u00eda Candela Llanos Clari\u00e1, a quienes se les rindi\u00f3 un sentido homenaje durante el acto de entrega &nbsp; &nbsp; &nbsp; &nbsp; &nbsp; Estuvieron presentes el rector de&#8230;<\/p>\n","protected":false},"author":3,"featured_media":5125,"comment_status":"closed","ping_status":"closed","sticky":false,"template":"","format":"standard","meta":[],"categories":[15],"tags":[],"_links":{"self":[{"href":"https:\/\/www.actualidadadiario.com\/index.php\/wp-json\/wp\/v2\/posts\/5124"}],"collection":[{"href":"https:\/\/www.actualidadadiario.com\/index.php\/wp-json\/wp\/v2\/posts"}],"about":[{"href":"https:\/\/www.actualidadadiario.com\/index.php\/wp-json\/wp\/v2\/types\/post"}],"author":[{"embeddable":true,"href":"https:\/\/www.actualidadadiario.com\/index.php\/wp-json\/wp\/v2\/users\/3"}],"replies":[{"embeddable":true,"href":"https:\/\/www.actualidadadiario.com\/index.php\/wp-json\/wp\/v2\/comments?post=5124"}],"version-history":[{"count":1,"href":"https:\/\/www.actualidadadiario.com\/index.php\/wp-json\/wp\/v2\/posts\/5124\/revisions"}],"predecessor-version":[{"id":5126,"href":"https:\/\/www.actualidadadiario.com\/index.php\/wp-json\/wp\/v2\/posts\/5124\/revisions\/5126"}],"wp:featuredmedia":[{"embeddable":true,"href":"https:\/\/www.actualidadadiario.com\/index.php\/wp-json\/wp\/v2\/media\/5125"}],"wp:attachment":[{"href":"https:\/\/www.actualidadadiario.com\/index.php\/wp-json\/wp\/v2\/media?parent=5124"}],"wp:term":[{"taxonomy":"category","embeddable":true,"href":"https:\/\/www.actualidadadiario.com\/index.php\/wp-json\/wp\/v2\/categories?post=5124"},{"taxonomy":"post_tag","embeddable":true,"href":"https:\/\/www.actualidadadiario.com\/index.php\/wp-json\/wp\/v2\/tags?post=5124"}],"curies":[{"name":"wp","href":"https:\/\/api.w.org\/{rel}","templated":true}]}}