{"id":5121,"date":"2016-11-25T10:40:11","date_gmt":"2016-11-25T13:40:11","guid":{"rendered":"http:\/\/actualidadadiario.com\/site\/?p=5121"},"modified":"2016-11-25T10:40:11","modified_gmt":"2016-11-25T13:40:11","slug":"presentaron-la-semana-de-concientizacion-sobre-el-vih","status":"publish","type":"post","link":"https:\/\/www.actualidadadiario.com\/index.php\/2016\/11\/25\/presentaron-la-semana-de-concientizacion-sobre-el-vih\/","title":{"rendered":"Presentaron la Semana de concientizaci\u00f3n sobre el VIH"},"content":{"rendered":"<p><em><strong>Con la iluminaci\u00f3n de rojo de la Casa de Gobierno a partir de este lunes dar\u00e1n inicio las actividades programadas por la provincia para la Semana de concientizaci\u00f3n sobre el VIH\/SIDA, que prev\u00e9 acciones de sensibilizaci\u00f3n y promoci\u00f3n, la realizaci\u00f3n de un foro de abordaje de la tem\u00e1tica, una intervenci\u00f3n cultural y el cierre con la presentaci\u00f3n del coro Kennedy en la Plaza Mansilla<\/strong><\/em><\/p>\n<p>&nbsp;<\/p>\n<p>&nbsp;<\/p>\n<p>&nbsp;<\/p>\n<p>&nbsp;<\/p>\n<p>&nbsp;<\/p>\n<p>Con una conferencia de prensa encabezada por el ministro de Salud, Ariel de la Rosa, junto a la responsable del Programa Provincial de VIH\/ETS, Laura D\u00edaz Petrussi, y la esposa del gobernador Gustavo Bordet, Mariel \u00c1vila, se presentaron las actividades de la Semana de concientizaci\u00f3n sobre el VIH\/SIDA que se concretar\u00e1n desde el 29 de noviembre al 3 de diciembre. Tambi\u00e9n estuvo presente el director de Epidemiolog\u00eda de la provincia, Diego Garcilazo.<\/p>\n<p>&nbsp;<\/p>\n<p>\u201cHemos tomado la decisi\u00f3n de efectuar una semana de acciones de promoci\u00f3n y prevenci\u00f3n habida cuenta de un incremento en la cantidad de nuevos casos en el pa\u00eds, con lo cual pretendemos no s\u00f3lo concientizar sino adem\u00e1s reforzar la importancia del diagn\u00f3stico y tratamiento oportuno\u201d, manifest\u00f3 el ministro de Salud, Ariel de la Rosa, al abrir la conferencia de prensa.<\/p>\n<p>&nbsp;<\/p>\n<p>\u201cSi bien hoy el VIH ha pasado a ser una enfermedad cr\u00f3nica, tenemos que redoblar el esfuerzo para poder cumplir con la meta que impone la Organizaci\u00f3n Mundial de la Salud de que para el 2030 erradiquemos totalmente el VIH dentro de las enfermedades emergentes en nuestro planeta\u201d, remarc\u00f3 el titular de la cartera sanitaria. Y advirti\u00f3: \u201cEn nuestro sistema de salud provincial hemos tomado las diferentes determinaciones para facilitar el acceso a los m\u00e9todos de diagn\u00f3stico, entonces es esencial concientizar, sobre todo a los j\u00f3venes, de que en materia de estas enfermedades el viejo adagio de que prevenir es mejor que curar se ajusta en todos sus aspectos a la realidad\u201d.<\/p>\n<p>&nbsp;<\/p>\n<p>La semana prev\u00e9 diferentes actividades para concientizar sobre el VIH\/SIDA, que cerrar\u00e1n el s\u00e1bado con la presentaci\u00f3n gratuita del coro Kennedy en la Plaza Mansilla en Paran\u00e1. \u201cQueremos convocarlos a la presentaci\u00f3n del Coro Keneddy que nos permitir\u00e1 coronar esta semana de promoci\u00f3n y prevenci\u00f3n de esta enfermedad en nuestra provincia Este coro es reconocido en el pa\u00eds y en el mundo ya que pone en escena a 100 personas\u201d, afirm\u00f3 Mariel \u00c1vila.<\/p>\n<p>&nbsp;<\/p>\n<p>\u201cUna de las consignas del gobernador es que se ensamblen las \u00e1reas, en este caso Salud y Cultura, porque no hay s\u00f3lo que cuidar el cuerpo sino adem\u00e1s alimentar el esp\u00edritu; m\u00e1s si tenemos en cuenta que en salud es fundamental prevenir\u201d, apunt\u00f3 \u00c1vila, quien redonde\u00f3: \u201cEsperamos que, en un futuro, el Sida no exista m\u00e1s. Hay un largo camino, pero se han hecho bien las cosas porque hoy estamos hablando del VIH como una enfermedad cr\u00f3nica\u201d.<\/p>\n<p>&nbsp;<\/p>\n<p>&nbsp;<\/p>\n<p>&nbsp;<\/p>\n<p>&nbsp;<\/p>\n<p>&nbsp;<\/p>\n<p><strong>Acciones del programa <\/strong><\/p>\n<p>La responsable del Programa Provincial VIH\/Sida e Infecciones de Transmisi\u00f3n Sexual que depende de la Direcci\u00f3n de Epidemiolog\u00eda del Ministerio de Salud, Laura D\u00edaz Petrussi, destac\u00f3 el trabajo de generar herramientas para \u201ccontener, tratar y generar conductas de prevenci\u00f3n\u201d de la enfermedad.<\/p>\n<p>D\u00edaz Petrussi manifest\u00f3 el valor de las acciones de prevenci\u00f3n y ense\u00f1anza en el trabajo de generar conciencia y promoci\u00f3n del testeo. \u201cEl programa est\u00e1 abocado a ense\u00f1ar conductas de prevenci\u00f3n, la m\u00e1s conocida es que las relaciones sexuales tienen que ser protegidas siempre para no llegar a tener Sida y otras de transmisi\u00f3n sexual\u201d, indic\u00f3.<\/p>\n<p>&nbsp;<\/p>\n<p>Uno de los objetivos del programa consiste en ense\u00f1ar que el VIH es una enfermedad cr\u00f3nica y que no presenta s\u00edntomas en su etapa inicial. \u201cLas personas con VIH pueden tener una buena calidad de vida y seguir trabajando. No van a poder donar sangre ni amamantar y la sobrevida es similar a una persona que no tiene esta patolog\u00eda\u201d, concluy\u00f3 la funcionaria.<\/p>\n<p>&nbsp;<\/p>\n<p>&nbsp;<\/p>\n<p>&nbsp;<\/p>\n<p>&nbsp;<\/p>\n<p>&nbsp;<\/p>\n<p><strong>VIH\/Sida: una semana para generar conciencia <\/strong><\/p>\n<p>-Del 29 de noviembre al 3 de diciembre de 9 a 13 en la Plaza Mansilla, frente a Casa de Gobierno, se difundir\u00e1n las actividades de toda la semana y desde el Programa Provincial VIH\/Sida e ITS y Agentes Sanitarios entregar\u00e1n lazos rojos y folleter\u00eda.<\/p>\n<p>&nbsp;<\/p>\n<p>-Los d\u00edas 29 y 30 de noviembre en la zona c\u00e9ntrica de la capital entrerriana se promocionar\u00e1n las acciones del 1 de diciembre en la Plaza Mansilla de Casa de Gobierno para que principalmente adolescentes y j\u00f3venes, concurran a efectuarse el testeo r\u00e1pido que se realizar\u00e1 ese d\u00eda en el cami\u00f3n sanitario.<\/p>\n<p>&nbsp;<\/p>\n<p>-El 30 de noviembre de 10 a 12 en el sal\u00f3n auditorio del Consejo General de Educaci\u00f3n se desarrollar\u00e1 el foro \u201cVIH-Sida: Abordaje en los equipos de salud y educaci\u00f3n\u201d. Disertar\u00e1 el titular de la cartera sanitaria, Ariel de la Rosa; la directora del Programa Provincial VIH\/Sida e ITS Mar\u00eda Laura D\u00edaz Petrussi; el jefe del Laboratorio Epidemiol\u00f3gico, Miguel Demonte; la jefa del servicio de Infectolog\u00eda del Hospital San Mart\u00edn, Adriana Bevacqua; la psic\u00f3loga del servicio de Infectolog\u00eda del Hospital San Mart\u00edn, Paula Toledo, y la enfermera profesional, Silvina Garc\u00eda.<\/p>\n<p>&nbsp;<\/p>\n<p>-El 1 de diciembre, en el D\u00eda Mundial del Sida, habr\u00e1 una actividad cultural en la Plaza Mansilla, donde se presentar\u00e1 desde las 9:30 la Banda de la Polic\u00eda de Entre R\u00edos, habr\u00e1 una radio abierta de la Escuela Neuqu\u00e9n, y actuar\u00e1n las Bastoneras de la Guardia del Paran\u00e1.<\/p>\n<p>&nbsp;<\/p>\n<p>Adem\u00e1s se desarrollar\u00e1n acciones de promoci\u00f3n y prevenci\u00f3n de 9 a 13 en la Plaza Mansilla de Casa de Gobierno junto a asociaciones civiles. Habr\u00e1 consejer\u00eda y testeo r\u00e1pido con la intervenci\u00f3n del cami\u00f3n municipal conjuntamente con el Laboratorio Epidemiol\u00f3gico, vacunaci\u00f3n contra la hepatitis y entrega de lazos rojos, preservativos y folleter\u00eda. Se sumar\u00e1n a las acciones, personal del programa VIH\/Sida e ITS, Agentes Sanitarios, Copnaf y el servicio de Infectolog\u00eda del Hospital San Mart\u00edn.<\/p>\n<p>&nbsp;<\/p>\n<p>-El 2 de diciembre desde las 21 se entregar\u00e1n folletos y lazos rojos en el marco de la Noche de los Museos.<\/p>\n<p>&nbsp;<\/p>\n<p>-El 3 de diciembre, de 19 a 22, en la Plaza Mansilla de Casa de Gobierno se clausurar\u00e1 la semana de concientizaci\u00f3n con una intervenci\u00f3n cultural del Coro Kennedy.<\/p>\n","protected":false},"excerpt":{"rendered":"<p>Con la iluminaci\u00f3n de rojo de la Casa de Gobierno a partir de este lunes dar\u00e1n inicio las actividades programadas por la provincia para la Semana de concientizaci\u00f3n sobre el VIH\/SIDA, que prev\u00e9 acciones de sensibilizaci\u00f3n y promoci\u00f3n, la realizaci\u00f3n de un foro de abordaje de la tem\u00e1tica, una intervenci\u00f3n cultural y el cierre con la presentaci\u00f3n del coro Kennedy en la Plaza Mansilla &nbsp; &nbsp; &nbsp; &nbsp; &nbsp; Con una conferencia de prensa encabezada por el ministro de Salud, Ariel de la Rosa, junto a la responsable del Programa&#8230;<\/p>\n","protected":false},"author":3,"featured_media":5122,"comment_status":"closed","ping_status":"closed","sticky":false,"template":"","format":"standard","meta":[],"categories":[9],"tags":[],"_links":{"self":[{"href":"https:\/\/www.actualidadadiario.com\/index.php\/wp-json\/wp\/v2\/posts\/5121"}],"collection":[{"href":"https:\/\/www.actualidadadiario.com\/index.php\/wp-json\/wp\/v2\/posts"}],"about":[{"href":"https:\/\/www.actualidadadiario.com\/index.php\/wp-json\/wp\/v2\/types\/post"}],"author":[{"embeddable":true,"href":"https:\/\/www.actualidadadiario.com\/index.php\/wp-json\/wp\/v2\/users\/3"}],"replies":[{"embeddable":true,"href":"https:\/\/www.actualidadadiario.com\/index.php\/wp-json\/wp\/v2\/comments?post=5121"}],"version-history":[{"count":1,"href":"https:\/\/www.actualidadadiario.com\/index.php\/wp-json\/wp\/v2\/posts\/5121\/revisions"}],"predecessor-version":[{"id":5123,"href":"https:\/\/www.actualidadadiario.com\/index.php\/wp-json\/wp\/v2\/posts\/5121\/revisions\/5123"}],"wp:featuredmedia":[{"embeddable":true,"href":"https:\/\/www.actualidadadiario.com\/index.php\/wp-json\/wp\/v2\/media\/5122"}],"wp:attachment":[{"href":"https:\/\/www.actualidadadiario.com\/index.php\/wp-json\/wp\/v2\/media?parent=5121"}],"wp:term":[{"taxonomy":"category","embeddable":true,"href":"https:\/\/www.actualidadadiario.com\/index.php\/wp-json\/wp\/v2\/categories?post=5121"},{"taxonomy":"post_tag","embeddable":true,"href":"https:\/\/www.actualidadadiario.com\/index.php\/wp-json\/wp\/v2\/tags?post=5121"}],"curies":[{"name":"wp","href":"https:\/\/api.w.org\/{rel}","templated":true}]}}