{"id":5118,"date":"2016-11-25T10:39:14","date_gmt":"2016-11-25T13:39:14","guid":{"rendered":"http:\/\/actualidadadiario.com\/site\/?p=5118"},"modified":"2016-11-25T10:39:14","modified_gmt":"2016-11-25T13:39:14","slug":"areas-gubernamentales-dedicaran-tiempo-a-la-reflexion-sobre-la-igualdad-de-genero","status":"publish","type":"post","link":"https:\/\/www.actualidadadiario.com\/index.php\/2016\/11\/25\/areas-gubernamentales-dedicaran-tiempo-a-la-reflexion-sobre-la-igualdad-de-genero\/","title":{"rendered":"\u00c1reas gubernamentales dedicar\u00e1n tiempo a la reflexi\u00f3n sobre la igualdad de g\u00e9nero"},"content":{"rendered":"<p><em><strong>En el marco del D\u00eda Internacional de la Eliminaci\u00f3n de la Violencia contra la Mujer, y por disposici\u00f3n del gobernador Gustavo Bordet, las \u00e1reas gubernamentales de la provincia de Entre R\u00edos deber\u00e1n dedicar este viernes al menos una hora de reflexi\u00f3n y debate sobre las distintas formas de la violencia de g\u00e9nero hacia las mujeres. La medida se inscribe en las pol\u00edticas que la provincia viene implementando en materia de prevenci\u00f3n<\/strong><\/em><\/p>\n<p>&nbsp;<\/p>\n<p>&nbsp;<\/p>\n<p>&nbsp;<\/p>\n<p>\u201cLa violencia de g\u00e9nero es tambi\u00e9n una problem\u00e1tica profundamente cultural que, como tal, puede ser transformada. Para eso tenemos que trabajar todos y todas, articuladamente en cada espacio de trabajo, ya sea p\u00fablico como privado, pero tambi\u00e9n en las escuelas, en los medios de comunicaci\u00f3n, y fundamentalmente en nuestras casas\u201d, afirm\u00f3 el mandatario.<\/p>\n<p>&nbsp;<\/p>\n<p>En ese sentido, \u201ctodos y todas debemos sentirnos interpelados. Para eso decidimos profundizar las acciones que ayuden a visibilizar la violencia, la discriminaci\u00f3n hacia las mujeres y preguntarnos qu\u00e9 podemos hacer para transformar esa situaci\u00f3n. Es parte del compromiso que debemos asumir como Estado y como sociedad, para que las mujeres puedan ejercer su derecho a una vida libre de violencia\u201d, expres\u00f3 Bordet.<\/p>\n<p>&nbsp;<\/p>\n<p>A partir de la Asamblea General de la Naciones Unidas de diciembre de 1999, cada 25 de noviembre se conmemora el D\u00eda Internacional de la Eliminaci\u00f3n de la Violencia contra las Mujeres. En esa resoluci\u00f3n, la ONU remarca que la violencia contra las mujeres se presenta en diferentes modos: f\u00edsica, sexual, psicol\u00f3gica y econ\u00f3mica, donde todas se interrelacionan y las afectan en distintos niveles.<\/p>\n<p>&nbsp;<\/p>\n<p>En esa l\u00ednea, el gobernador Gustavo Bordet, instruy\u00f3 a que todas las \u00e1reas de la administraci\u00f3n p\u00fablica lleven adelante este viernes al menos una hora de reflexi\u00f3n sobre las distintas formas de la violencia de g\u00e9nero hacia las mujeres.<\/p>\n<p>&nbsp;<\/p>\n<p>En ese marco, y mediante resoluci\u00f3n, se propusieron una serie de preguntas a modo de facilitadores para trabajar durante la jornada en cada oficina. El objetivo es contribuir a visibilizar las distintas formas de la violencia hacia las mujeres en el comportamiento cotidiano, tanto en las casas cono en el \u00e1mbito de trabajo; y contribuir a tender estrategias y l\u00edneas de acci\u00f3n tales como charlas, campa\u00f1as internas y jornadas para construir v\u00ednculos basados en el respeto, la no discriminaci\u00f3n y la igualdad de g\u00e9nero.<\/p>\n<p>&nbsp;<\/p>\n<p>&nbsp;<\/p>\n<p>&nbsp;<\/p>\n<p>&nbsp;<\/p>\n<p>&nbsp;<\/p>\n<p><strong>Formas y modalidades de la violencia <\/strong><\/p>\n<p>Entre R\u00edos se encuentra adherida mediante la ley provincial 10.058 a la ley nacional 26.485, de protecci\u00f3n integral para prevenir, sancionar y erradicar la violencia contra las mujeres en los \u00e1mbitos en que desarrollen sus relaciones interpersonales. En su art\u00edculo 4\u00ba, la norma nacional define a la violencia contra las mujeres como \u201ctoda conducta, acci\u00f3n u omisi\u00f3n, que de manera directa o indirecta, tanto en el \u00e1mbito p\u00fablico como en el privado, basada en una relaci\u00f3n desigual de poder, afecte su vida, libertad, dignidad, integridad f\u00edsica, psicol\u00f3gica, sexual, econ\u00f3mica o patrimonial, como as\u00ed tambi\u00e9n su seguridad personal. Quedan comprendidas las perpetradas desde el Estado o por sus agentes\u201d.<\/p>\n<p>&nbsp;<\/p>\n<p>Asimismo, en su art\u00edculo 5\u00ba, la ley establece los tipos de violencia contra las mujeres que \u201cquedan especialmente comprendidos\u201d. A saber: f\u00edsica, psicol\u00f3gicas, sexual, econ\u00f3mica y patrimonial, y la simb\u00f3lica.<\/p>\n<p>&nbsp;<\/p>\n<p>A su vez, en su art\u00edculo 6\u00ba, la ley establece las modalidades con las que \u201cse manifiestan los distintos tipos de violencia contra las mujeres en los diferentes \u00e1mbitos\u201d, tales como la violencia dom\u00e9stica contra las mujeres, la violencia institucional contra las mujeres, la violencia laboral contra las mujeres, la violencia contra la libertad reproductiva, la violencia obst\u00e9trica, y la violencia medi\u00e1tica contra las mujeres.<\/p>\n","protected":false},"excerpt":{"rendered":"<p>En el marco del D\u00eda Internacional de la Eliminaci\u00f3n de la Violencia contra la Mujer, y por disposici\u00f3n del gobernador Gustavo Bordet, las \u00e1reas gubernamentales de la provincia de Entre R\u00edos deber\u00e1n dedicar este viernes al menos una hora de reflexi\u00f3n y debate sobre las distintas formas de la violencia de g\u00e9nero hacia las mujeres. La medida se inscribe en las pol\u00edticas que la provincia viene implementando en materia de prevenci\u00f3n &nbsp; &nbsp; &nbsp; \u201cLa violencia de g\u00e9nero es tambi\u00e9n una problem\u00e1tica profundamente cultural que, como tal, puede ser transformada&#8230;.<\/p>\n","protected":false},"author":3,"featured_media":5119,"comment_status":"closed","ping_status":"closed","sticky":false,"template":"","format":"standard","meta":[],"categories":[15],"tags":[],"_links":{"self":[{"href":"https:\/\/www.actualidadadiario.com\/index.php\/wp-json\/wp\/v2\/posts\/5118"}],"collection":[{"href":"https:\/\/www.actualidadadiario.com\/index.php\/wp-json\/wp\/v2\/posts"}],"about":[{"href":"https:\/\/www.actualidadadiario.com\/index.php\/wp-json\/wp\/v2\/types\/post"}],"author":[{"embeddable":true,"href":"https:\/\/www.actualidadadiario.com\/index.php\/wp-json\/wp\/v2\/users\/3"}],"replies":[{"embeddable":true,"href":"https:\/\/www.actualidadadiario.com\/index.php\/wp-json\/wp\/v2\/comments?post=5118"}],"version-history":[{"count":1,"href":"https:\/\/www.actualidadadiario.com\/index.php\/wp-json\/wp\/v2\/posts\/5118\/revisions"}],"predecessor-version":[{"id":5120,"href":"https:\/\/www.actualidadadiario.com\/index.php\/wp-json\/wp\/v2\/posts\/5118\/revisions\/5120"}],"wp:featuredmedia":[{"embeddable":true,"href":"https:\/\/www.actualidadadiario.com\/index.php\/wp-json\/wp\/v2\/media\/5119"}],"wp:attachment":[{"href":"https:\/\/www.actualidadadiario.com\/index.php\/wp-json\/wp\/v2\/media?parent=5118"}],"wp:term":[{"taxonomy":"category","embeddable":true,"href":"https:\/\/www.actualidadadiario.com\/index.php\/wp-json\/wp\/v2\/categories?post=5118"},{"taxonomy":"post_tag","embeddable":true,"href":"https:\/\/www.actualidadadiario.com\/index.php\/wp-json\/wp\/v2\/tags?post=5118"}],"curies":[{"name":"wp","href":"https:\/\/api.w.org\/{rel}","templated":true}]}}