{"id":5115,"date":"2016-11-25T10:37:42","date_gmt":"2016-11-25T13:37:42","guid":{"rendered":"http:\/\/actualidadadiario.com\/site\/?p=5115"},"modified":"2016-11-25T10:37:42","modified_gmt":"2016-11-25T13:37:42","slug":"entre-rios-expuso-su-propuesta-turistica-en-la-noche-de-las-casas-de-las-provincias","status":"publish","type":"post","link":"https:\/\/www.actualidadadiario.com\/index.php\/2016\/11\/25\/entre-rios-expuso-su-propuesta-turistica-en-la-noche-de-las-casas-de-las-provincias\/","title":{"rendered":"Entre R\u00edos expuso su propuesta tur\u00edstica en la Noche de las Casas de las Provincias"},"content":{"rendered":"<p><em><strong>\u201cLa provincia se est\u00e1 preparando de muy buena manera para la temporada veraniega, vamos a tener muy buena playa y muy buen tiempo&#8221;, afirm\u00f3 el gobernador Gustavo Bordet en su visita a la Casa de Entre R\u00edos en el marco de la Noche de las Casas de las Provincias en Buenos Aires. Tambi\u00e9n anunci\u00f3 que el pr\u00f3ximo s\u00e1bado quedar\u00e1 inaugurada la temporada de verano en Entre R\u00edos<\/strong><\/em><\/p>\n<p>&nbsp;<\/p>\n<p>&nbsp;<\/p>\n<p>&nbsp;<\/p>\n<p>&nbsp;<\/p>\n<p>El mandatario recorri\u00f3 cada uno de los stands y comparti\u00f3 momentos con expositores, m\u00fasicos y referentes de diferentes localidades. En ese marco expres\u00f3 estar &#8220;muy contento\u201d de que Entre R\u00edos participe \u201cen esta noche de las provincias\u201d.<\/p>\n<p>&nbsp;<\/p>\n<p>\u201cMostramos qu\u00e9 es lo que tenemos, lo que podemos ofrecer y tambi\u00e9n desde la cultura muchas expresiones que tienen que ver con nuestra tierra, con nuestras costumbres. Poder exhibirlas en Buenos Aires es un hecho muy importante y muy bien valorado&#8221;, sostuvo.<\/p>\n<p>&nbsp;<\/p>\n<p>El gobernador afirm\u00f3 que la provincia se prepara &#8220;de muy buen manera\u201d para la temporada de verano. \u201cPor suerte este a\u00f1o nos ha dado un respiro la crecida de los r\u00edos, no hay prevista ning\u00fan evento de esta naturaleza, con lo cual vamos a tener muy buena playa y muy buen tiempo&#8221;, dijo y anunci\u00f3 que pr\u00f3ximo s\u00e1bado quedar\u00e1 inaugurada la temporada de verano en Entre R\u00edos.<\/p>\n<p>&nbsp;<\/p>\n<p>En este sentido, afirm\u00f3 que la temporada &#8220;no es s\u00f3lo playa, sino tambi\u00e9n todos los circuitos termales, lo que tiene que ver con el patrimonio arquitect\u00f3nico hist\u00f3rico de las distintas ciudades de la provincia, el turismo ecol\u00f3gico, el turismo verde, etc\u00e9tera. Siempre es una muy buena posibilidad para venir a Entre R\u00edos\u201d.<\/p>\n<p>&nbsp;<\/p>\n<p>Bordet destac\u00f3 adem\u00e1s que la provincia est\u00e1 \u201crepuesta de las contingencias que nos ocurri\u00f3 el a\u00f1o pasado a poco de asumir\u201d, y se mostr\u00f3 optimista respecto de la temporada de verano en la provincia \u201csobre todo porque habr\u00e1 muy buenos carnavales tambi\u00e9n en enero, donde todas las ciudades, desde Gualeguaych\u00fa, Concordia, Gualeguay, Victoria, Hasenkamp y muchas m\u00e1s, muestran su brillo y esplendor en una fiesta que adem\u00e1s de ser popular es para disfrutar con toda la familia&#8221;.<\/p>\n<p>&nbsp;<\/p>\n<p>Durante la jornada, en la Casa de Entre R\u00edos en Buenos Aires, estuvieron tambi\u00e9n presentes el ministro de Turismo, Adri\u00e1n Fuertes, intendentes de la provincia, funcionarios y otras autoridades.<\/p>\n<p>&nbsp;<\/p>\n<p>El evento organizado por el gobierno de Entre R\u00edos cont\u00f3 con la participaci\u00f3n de n\u00fameros art\u00edsticos y musicales de la provincia, exposiciones y stand que se mostraron sobre la calle frente la representaci\u00f3n entrerriana. En ese marco, se expusieron bailes t\u00edpicos y grupos de danza y folclore, representaciones del carnaval y n\u00fameros musicales a cargo de artistas entrerrianos. El encuentro cont\u00f3 con la presentaci\u00f3n estelar de Coti quien interpret\u00f3 sus conocidas canciones.<\/p>\n<p>&nbsp;<\/p>\n<p>La actividad para todas las representaciones fue organizada por Consejo Federal de Representaciones Oficiales (Confedro), con el apoyo del Ministerio de Cultura de la Naci\u00f3n y el Consejo Federal de Inversiones. La finalidad fue difundir en pleno centro porte\u00f1o los atractivos y potencialidades tur\u00edsticas regionales, mostrando las caracter\u00edsticas y costumbres de cada lugar, sus bondades naturales y las ofertas gastron\u00f3micas, entre otras.<\/p>\n","protected":false},"excerpt":{"rendered":"<p>\u201cLa provincia se est\u00e1 preparando de muy buena manera para la temporada veraniega, vamos a tener muy buena playa y muy buen tiempo&#8221;, afirm\u00f3 el gobernador Gustavo Bordet en su visita a la Casa de Entre R\u00edos en el marco de la Noche de las Casas de las Provincias en Buenos Aires. Tambi\u00e9n anunci\u00f3 que el pr\u00f3ximo s\u00e1bado quedar\u00e1 inaugurada la temporada de verano en Entre R\u00edos &nbsp; &nbsp; &nbsp; &nbsp; El mandatario recorri\u00f3 cada uno de los stands y comparti\u00f3 momentos con expositores, m\u00fasicos y referentes de diferentes localidades&#8230;.<\/p>\n","protected":false},"author":3,"featured_media":5116,"comment_status":"closed","ping_status":"closed","sticky":false,"template":"","format":"standard","meta":[],"categories":[15],"tags":[],"_links":{"self":[{"href":"https:\/\/www.actualidadadiario.com\/index.php\/wp-json\/wp\/v2\/posts\/5115"}],"collection":[{"href":"https:\/\/www.actualidadadiario.com\/index.php\/wp-json\/wp\/v2\/posts"}],"about":[{"href":"https:\/\/www.actualidadadiario.com\/index.php\/wp-json\/wp\/v2\/types\/post"}],"author":[{"embeddable":true,"href":"https:\/\/www.actualidadadiario.com\/index.php\/wp-json\/wp\/v2\/users\/3"}],"replies":[{"embeddable":true,"href":"https:\/\/www.actualidadadiario.com\/index.php\/wp-json\/wp\/v2\/comments?post=5115"}],"version-history":[{"count":1,"href":"https:\/\/www.actualidadadiario.com\/index.php\/wp-json\/wp\/v2\/posts\/5115\/revisions"}],"predecessor-version":[{"id":5117,"href":"https:\/\/www.actualidadadiario.com\/index.php\/wp-json\/wp\/v2\/posts\/5115\/revisions\/5117"}],"wp:featuredmedia":[{"embeddable":true,"href":"https:\/\/www.actualidadadiario.com\/index.php\/wp-json\/wp\/v2\/media\/5116"}],"wp:attachment":[{"href":"https:\/\/www.actualidadadiario.com\/index.php\/wp-json\/wp\/v2\/media?parent=5115"}],"wp:term":[{"taxonomy":"category","embeddable":true,"href":"https:\/\/www.actualidadadiario.com\/index.php\/wp-json\/wp\/v2\/categories?post=5115"},{"taxonomy":"post_tag","embeddable":true,"href":"https:\/\/www.actualidadadiario.com\/index.php\/wp-json\/wp\/v2\/tags?post=5115"}],"curies":[{"name":"wp","href":"https:\/\/api.w.org\/{rel}","templated":true}]}}