{"id":5112,"date":"2016-11-25T10:35:49","date_gmt":"2016-11-25T13:35:49","guid":{"rendered":"http:\/\/actualidadadiario.com\/site\/?p=5112"},"modified":"2016-11-25T10:35:49","modified_gmt":"2016-11-25T13:35:49","slug":"la-furia-del-gobierno-contra-los-gobernadores-del-pj-porque-frenaron-la-reforma-politica","status":"publish","type":"post","link":"https:\/\/www.actualidadadiario.com\/index.php\/2016\/11\/25\/la-furia-del-gobierno-contra-los-gobernadores-del-pj-porque-frenaron-la-reforma-politica\/","title":{"rendered":"La furia del Gobierno contra los gobernadores del PJ porque frenaron la reforma pol\u00edtica"},"content":{"rendered":"<p><em><strong>Rogelio Frigerio pidi\u00f3 a los que se oponen &#8220;que lo digan abiertamente&#8221;; mientras que Adri\u00e1n P\u00e9rez consider\u00f3 que &#8220;gan\u00f3 el miedo del sector feudal a perder territorio&#8221;<\/strong><\/em><\/p>\n<p>&nbsp;<\/p>\n<p>&nbsp;<\/p>\n<p>&nbsp;<\/p>\n<p>Bronca, enojo, frustraci\u00f3n. As\u00ed podr\u00eda definirse lo que sienten muchos funcionarios del Ejecutivo Nacional, luego de que los senadores del kirchnerismo frenaran la reforma pol\u00edtica que impulsa el macrismo, y que ya ten\u00eda media sanci\u00f3n de Diputados.<\/p>\n<p>&nbsp;<\/p>\n<p>Y lo hicieron saber p\u00fablicamente. El m\u00e1s lapidario, por el momento, fue el secretario de Asuntos Pol\u00edticos e Institucionales, Adri\u00e1n P\u00e9rez, quien asegur\u00f3 que con el rechazo de parte de la oposici\u00f3n al proyecto de Reforma Electoral, &#8220;gan\u00f3 el miedo del sector feudal a perder territorio&#8221;, aunque confi\u00f3 que, con el tiempo, &#8220;va a terminar primando&#8221; la &#8220;vocaci\u00f3n ciudadana de que las cosas funcionen mejor&#8221;.<\/p>\n<p>&nbsp;<\/p>\n<p>&#8220;Gan\u00f3 el miedo del sector feudal a perder territorio y que un sector muy conservador de la pol\u00edtica argentina dice &#8216;por ahora no vamos a discutir el robo de boletas, fraguar las actas de escrutinio o terminar con las colectoras, con las candidaturas m\u00faltiples, pasarle a la Justicia la realizaci\u00f3n del escrutinio provisorio'&#8221;, se\u00f1al\u00f3.<\/p>\n<p>&nbsp;<\/p>\n<p>En declaraciones a radio Continental, el funcionario advirti\u00f3 que la ca\u00edda del proyecto del oficialismo no es una derrota para el Gobierno sino de un reclamo de la gente.<\/p>\n<p>&nbsp;<\/p>\n<p>&#8220;Ac\u00e1 no es que se le torci\u00f3 el brazo al Gobierno y se le gana al Gobierno. En definitiva, se le est\u00e1 tratando de torcer el brazo a una vocaci\u00f3n ciudadana para que las cosas funcionen mejor, que haya m\u00e1s transparencia. Pero eso, a la larga, va a terminar primando&#8221;, confi\u00f3.<\/p>\n<p>&nbsp;<\/p>\n<p>P\u00e9rez, quien fue el encargado de elaborar la propuesta oficial que ayer fue rechazada en la C\u00e1mara de Senadores por el bloque PJ-Frente para la Victoria, explic\u00f3 que la boleta electr\u00f3nica &#8220;era solo un punto&#8221; de la iniciativa, que inclu\u00eda, entre otras cosas, &#8220;pasarle varias etapas del proceso (electoral) a la Justicia&#8221;.<\/p>\n<p>&nbsp;<\/p>\n<p>&#8220;Para ser justos, lo sorprendente es que la posici\u00f3n del sector m\u00e1s conservador de la pol\u00edtica se impuso, porque hay muchos gobernadores y dirigentes que propician esta reforma. Pero hay algunos gobernadores, con un peso territorial importante y pol\u00edtico en el bloque, que hicieron primar la posici\u00f3n de vedar la discusi\u00f3n&#8221;, resumi\u00f3 P\u00e9rez.<\/p>\n<p>&nbsp;<\/p>\n<p>Por su parte, el ministro del Interior, Rogelio Frigerio, pidi\u00f3 &#8220;discutir de cara a la sociedad&#8221; y reclam\u00f3 que &#8220;quienes se opongan&#8221; a los cambios que impulsa el Gobierno &#8220;que lo digan abiertamente, como la ex presidente&#8221; Cristina Kirchner.<\/p>\n<p>&nbsp;<\/p>\n<p>Y pese al rechazo de los senadores peronistas, para el ministro del Interior, la reforma pol\u00edtica &#8220;va a ocurrir indefectiblemente, m\u00e1s all\u00e1 de la voluntad o no de algunos dirigentes&#8221; porque &#8220;es la gente la que est\u00e1 demandando mayor agilidad y modernidad a la hora de votar&#8221;.<\/p>\n","protected":false},"excerpt":{"rendered":"<p>Rogelio Frigerio pidi\u00f3 a los que se oponen &#8220;que lo digan abiertamente&#8221;; mientras que Adri\u00e1n P\u00e9rez consider\u00f3 que &#8220;gan\u00f3 el miedo del sector feudal a perder territorio&#8221; &nbsp; &nbsp; &nbsp; Bronca, enojo, frustraci\u00f3n. As\u00ed podr\u00eda definirse lo que sienten muchos funcionarios del Ejecutivo Nacional, luego de que los senadores del kirchnerismo frenaran la reforma pol\u00edtica que impulsa el macrismo, y que ya ten\u00eda media sanci\u00f3n de Diputados. &nbsp; Y lo hicieron saber p\u00fablicamente. El m\u00e1s lapidario, por el momento, fue el secretario de Asuntos Pol\u00edticos e Institucionales, Adri\u00e1n P\u00e9rez, quien&#8230;<\/p>\n","protected":false},"author":3,"featured_media":5113,"comment_status":"closed","ping_status":"closed","sticky":false,"template":"","format":"standard","meta":[],"categories":[18],"tags":[],"_links":{"self":[{"href":"https:\/\/www.actualidadadiario.com\/index.php\/wp-json\/wp\/v2\/posts\/5112"}],"collection":[{"href":"https:\/\/www.actualidadadiario.com\/index.php\/wp-json\/wp\/v2\/posts"}],"about":[{"href":"https:\/\/www.actualidadadiario.com\/index.php\/wp-json\/wp\/v2\/types\/post"}],"author":[{"embeddable":true,"href":"https:\/\/www.actualidadadiario.com\/index.php\/wp-json\/wp\/v2\/users\/3"}],"replies":[{"embeddable":true,"href":"https:\/\/www.actualidadadiario.com\/index.php\/wp-json\/wp\/v2\/comments?post=5112"}],"version-history":[{"count":1,"href":"https:\/\/www.actualidadadiario.com\/index.php\/wp-json\/wp\/v2\/posts\/5112\/revisions"}],"predecessor-version":[{"id":5114,"href":"https:\/\/www.actualidadadiario.com\/index.php\/wp-json\/wp\/v2\/posts\/5112\/revisions\/5114"}],"wp:featuredmedia":[{"embeddable":true,"href":"https:\/\/www.actualidadadiario.com\/index.php\/wp-json\/wp\/v2\/media\/5113"}],"wp:attachment":[{"href":"https:\/\/www.actualidadadiario.com\/index.php\/wp-json\/wp\/v2\/media?parent=5112"}],"wp:term":[{"taxonomy":"category","embeddable":true,"href":"https:\/\/www.actualidadadiario.com\/index.php\/wp-json\/wp\/v2\/categories?post=5112"},{"taxonomy":"post_tag","embeddable":true,"href":"https:\/\/www.actualidadadiario.com\/index.php\/wp-json\/wp\/v2\/tags?post=5112"}],"curies":[{"name":"wp","href":"https:\/\/api.w.org\/{rel}","templated":true}]}}