{"id":5097,"date":"2016-11-25T10:09:11","date_gmt":"2016-11-25T13:09:11","guid":{"rendered":"http:\/\/actualidadadiario.com\/site\/?p=5097"},"modified":"2016-11-25T10:09:11","modified_gmt":"2016-11-25T13:09:11","slug":"colombia-firmo-acuerdo-de-paz-y-se-acerca-desmovilizacion-de-las-farc","status":"publish","type":"post","link":"https:\/\/www.actualidadadiario.com\/index.php\/2016\/11\/25\/colombia-firmo-acuerdo-de-paz-y-se-acerca-desmovilizacion-de-las-farc\/","title":{"rendered":"Colombia firm\u00f3 acuerdo de paz y se acerca desmovilizaci\u00f3n de las FARC"},"content":{"rendered":"<p><em><strong>Colombia firm\u00f3 un renegociado acuerdo de paz con la guerrilla FARC para acabar medio siglo de confrontaci\u00f3n, luego de que el original fuera rechazado en un plebiscito. El texto ser\u00e1 sometido esta vez a aprobaci\u00f3n del Congreso, pese a las cr\u00edticas de la oposici\u00f3n<\/strong><\/em><\/p>\n<p>&nbsp;<\/p>\n<p>&nbsp;<\/p>\n<p>&nbsp;<\/p>\n<p>&nbsp;<\/p>\n<p>&nbsp;<\/p>\n<p>El presidente Juan Manuel Santos y el l\u00edder de las marxistas Fuerzas Armadas Revolucionarias de Colombia (FARC), Rodrigo Londo\u00f1o (Timochenko), sellaron el revisado pacto con un bal\u00edgrafo (una bala convertida en bol\u00edgrafo) en un cl\u00e1sico teatro de Bogot\u00e1, con capacidad para 800 personas.<\/p>\n<p>&nbsp;<\/p>\n<p>La discreta ceremonia contrasta con la pompa de la firma anterior, el 26 de septiembre en la caribe\u00f1a Cartagena ante 2.500 invitados, entre ellos 15 jefes de Estado.<\/p>\n<p>&nbsp;<\/p>\n<p>El texto, alcanzado el 12 de noviembre para incluir propuestas de la oposici\u00f3n tras el rev\u00e9s electoral del 2 de octubre, busca poner fin al conflicto armado m\u00e1s antiguo del continente, en el que tambi\u00e9n han participado paramilitares y agentes estatales, con saldo de m\u00e1s de 260.000 muertos, 60.000 desaparecidos y 6,9 millones de desplazados.<\/p>\n<p>&nbsp;<\/p>\n<p>&#8220;La paz nos devolver\u00e1 la esperanza, la fe en el futuro y la posibilidad de tener un mejor vivir para nosotros y nuestros hijos&#8221;, asegur\u00f3 Santos en el acto. El presidente de Colombia dijo que el plazo de 180 d\u00edas para la desmovilizaci\u00f3n y dejaci\u00f3n de armas de las FARC comenzar\u00e1 una vez el Congreso refrende el acuerdo. &#8220;Espero que, seg\u00fan el procedimiento establecido, la refrendaci\u00f3n sea aprobada en el curso de la pr\u00f3xima semana. Ese d\u00eda ser\u00e1 el d\u00eda D&#8221;, dijo Santos en su discurso en el Teatro Col\u00f3n, donde agreg\u00f3 que &#8220;en tan s\u00f3lo 150 d\u00edas todas las armas de las FARC estar\u00e1n en manos de las Naciones Unidas&#8221;.<\/p>\n<p>&nbsp;<\/p>\n<p>Timochenko, por su parte, sostuvo que &#8220;con este acuerdo no se deponen posiciones ideol\u00f3gicas pol\u00edticas o de conciencia. Solo ponemos fin de manera definitiva a la guerra, para confrontar civilizadamente las contradicciones&#8221;.<\/p>\n<p>&nbsp;<\/p>\n<p>&#8220;El nuevo acuerdo es una oportunidad grand\u00edsima que tenemos los colombianos que apostamos a un pa\u00eds reconciliado&#8221;, afirm\u00f3 Consuelo Gonz\u00e1lez de Perdomo, ex congresista secuestrada durante siete a\u00f1os por las FARC, invitada a la ceremonia en el Teatro Col\u00f3n.<\/p>\n<p>&nbsp;<\/p>\n<p>Inmediatamente despu\u00e9s de la r\u00fabrica, el acuerdo ser\u00e1 llevado al Congreso, de mayor\u00eda oficialista y donde se espera quede refrendado la pr\u00f3xima semana y se inicie el proceso de implementaci\u00f3n. El debate, que se iniciar\u00e1 el martes en ambas c\u00e1maras, ser\u00e1 abierto y televisado, y con participaci\u00f3n no s\u00f3lo de legisladores, sino tambi\u00e9n de v\u00edctimas y opositores. &#8220;Estamos asumiendo esta responsabilidad con todo compromiso&#8221;, declar\u00f3 el presidente del Senado, Mauricio Lizcano.<\/p>\n<p>&nbsp;<\/p>\n<p>La decisi\u00f3n, sin embargo, es cuestionada por quienes se oponen al pacto, liderados por el ex presidente y actual senador de derecha \u00c1lvaro Uribe. &#8220;Esta decisi\u00f3n desconoce el triunfo del &#8216;No'&#8221; en el plebiscito del 2 de octubre, dijo el Centro Democr\u00e1tico, partido de Uribe, que considera que negar la refrendaci\u00f3n popular ha sido un &#8220;golpe a la democracia&#8221;.<\/p>\n<p>&nbsp;<\/p>\n<p>El uribismo insiste en introducir m\u00e1s cambios al pacto, como el inventario de bienes que las FARC deber\u00e1n entregar para reparar v\u00edctimas o el reporte detallado sobre su participaci\u00f3n en el narcotr\u00e1fico. La oposici\u00f3n sigue rechazando principalmente que guerrilleros culpables de delitos atroces puedan presentarse a cargos de elecci\u00f3n antes de cumplir sus penas.<\/p>\n<p>&nbsp;<\/p>\n<p>En las calles, algunos colombianos celebraban la noticia. &#8220;El pa\u00eds en su mayor\u00eda acoge este acuerdo de paz porque hemos vivido una guerra de m\u00e1s de 50 a\u00f1os, ya no queremos m\u00e1s derramamiento de sangre&#8221;, dijo Overnis D\u00edaz. Pero otros, como Dayanna Gil, lo cuestionaban. &#8220;Deber\u00eda refrendarse a trav\u00e9s de un plebiscito, finalmente es la voz del pueblo colombiano, y ser\u00eda bueno que cada uno de nosotros opin\u00e1ramos sobre nuestro voto, sobre lo que queremos hacer con nuestro pa\u00eds&#8221;.<\/p>\n<p>Aunque las partes sostienen un cese al fuego desde fines de agosto, su fragilidad ha quedado de manifiesto con la reciente muerte de dos guerrilleros en supuestos combates con el Ej\u00e9rcito y el asesinato de varios l\u00edderes sociales.<\/p>\n<p>&nbsp;<\/p>\n<p>Seg\u00fan el acuerdo, tras la firma las FARC, nacidas de una sublevaci\u00f3n campesina en 1964, deber\u00e1n comenzar a agruparse en las zonas donde dejar\u00e1n progresivamente sus armas durante los pr\u00f3ximos seis meses, bajo supervisi\u00f3n de la ONU.<\/p>\n<p>&nbsp;<\/p>\n<p>La paz, sin embargo, no estar\u00e1 completa mientras siga activo el Ej\u00e9rcito de Liberaci\u00f3n Nacional (ELN, guevarista), con el que el gobierno intenta iniciar una mesa formal de di\u00e1logo desde hace meses y que no se ha concretado porque el grupo rebelde a\u00fan no libera a un ex congresista secuestrado.<\/p>\n","protected":false},"excerpt":{"rendered":"<p>Colombia firm\u00f3 un renegociado acuerdo de paz con la guerrilla FARC para acabar medio siglo de confrontaci\u00f3n, luego de que el original fuera rechazado en un plebiscito. El texto ser\u00e1 sometido esta vez a aprobaci\u00f3n del Congreso, pese a las cr\u00edticas de la oposici\u00f3n &nbsp; &nbsp; &nbsp; &nbsp; &nbsp; El presidente Juan Manuel Santos y el l\u00edder de las marxistas Fuerzas Armadas Revolucionarias de Colombia (FARC), Rodrigo Londo\u00f1o (Timochenko), sellaron el revisado pacto con un bal\u00edgrafo (una bala convertida en bol\u00edgrafo) en un cl\u00e1sico teatro de Bogot\u00e1, con capacidad para&#8230;<\/p>\n","protected":false},"author":3,"featured_media":5098,"comment_status":"closed","ping_status":"closed","sticky":false,"template":"","format":"standard","meta":[],"categories":[4],"tags":[],"_links":{"self":[{"href":"https:\/\/www.actualidadadiario.com\/index.php\/wp-json\/wp\/v2\/posts\/5097"}],"collection":[{"href":"https:\/\/www.actualidadadiario.com\/index.php\/wp-json\/wp\/v2\/posts"}],"about":[{"href":"https:\/\/www.actualidadadiario.com\/index.php\/wp-json\/wp\/v2\/types\/post"}],"author":[{"embeddable":true,"href":"https:\/\/www.actualidadadiario.com\/index.php\/wp-json\/wp\/v2\/users\/3"}],"replies":[{"embeddable":true,"href":"https:\/\/www.actualidadadiario.com\/index.php\/wp-json\/wp\/v2\/comments?post=5097"}],"version-history":[{"count":1,"href":"https:\/\/www.actualidadadiario.com\/index.php\/wp-json\/wp\/v2\/posts\/5097\/revisions"}],"predecessor-version":[{"id":5099,"href":"https:\/\/www.actualidadadiario.com\/index.php\/wp-json\/wp\/v2\/posts\/5097\/revisions\/5099"}],"wp:featuredmedia":[{"embeddable":true,"href":"https:\/\/www.actualidadadiario.com\/index.php\/wp-json\/wp\/v2\/media\/5098"}],"wp:attachment":[{"href":"https:\/\/www.actualidadadiario.com\/index.php\/wp-json\/wp\/v2\/media?parent=5097"}],"wp:term":[{"taxonomy":"category","embeddable":true,"href":"https:\/\/www.actualidadadiario.com\/index.php\/wp-json\/wp\/v2\/categories?post=5097"},{"taxonomy":"post_tag","embeddable":true,"href":"https:\/\/www.actualidadadiario.com\/index.php\/wp-json\/wp\/v2\/tags?post=5097"}],"curies":[{"name":"wp","href":"https:\/\/api.w.org\/{rel}","templated":true}]}}