{"id":5088,"date":"2016-11-25T10:05:56","date_gmt":"2016-11-25T13:05:56","guid":{"rendered":"http:\/\/actualidadadiario.com\/site\/?p=5088"},"modified":"2016-11-25T10:05:56","modified_gmt":"2016-11-25T13:05:56","slug":"comienza-el-sueno-de-la-ensaladera-delbonis-abre-la-serie-final-ante-croacia","status":"publish","type":"post","link":"https:\/\/www.actualidadadiario.com\/index.php\/2016\/11\/25\/comienza-el-sueno-de-la-ensaladera-delbonis-abre-la-serie-final-ante-croacia\/","title":{"rendered":"Comienza el sue\u00f1o de la Ensaladera: Delbonis abre la serie final ante Croacia"},"content":{"rendered":"<p><em><strong>El tenista de Azul se enfrenta desde las 10 de la ma\u00f1ana, hora argentina, con Cilic, en el primer punto la serie que reaviva a ilusi\u00f3n de adue\u00f1arse de una buena vez de la Copa Davis. Luego ir\u00e1 Del Potro ante Karlovic<\/strong><\/em><\/p>\n<p>&nbsp;<\/p>\n<p>&nbsp;<\/p>\n<p>&nbsp;<\/p>\n<p>&nbsp;<\/p>\n<p>Luego de varios sinsabores y frustraciones, Argentina tendr\u00e1, por quinta vez, la posibilidad de quedarse con la Copa Davis 2016, y este viernes arranca el sue\u00f1o, con los primeros dos puntos de la serie final ante Croacia y en Zagreb.<\/p>\n<p>&nbsp;<\/p>\n<p>La acci\u00f3n comienza en el Arena Zagreb a las 10 de la ma\u00f1ana, hora argentina, con Federico Delbonis midi\u00e9ndose ante el \u2018top ten\u2019 Marin Cilic, el mejor de los rankeados locales y que ya venci\u00f3 al argentino en las dos veces en que se enfrentaron.<\/p>\n<p>&nbsp;<\/p>\n<p>El de Azul, 41\u00b0 del mundo, fue el elegido del capit\u00e1n Daniel Orsanic, por encima de Leo Mayer y Guido Pella, y reci\u00e9n fue anunciado este jueves, luego que se conociera el sorteo.<\/p>\n<p>&nbsp;<\/p>\n<p>Una vez finalizado el primer punto, ser\u00e1 el turno de Juan Mart\u00edn Del Potro, quien se mide ante Ivo Karlovic, n\u00famero 20 del ranking ATP. El tandilense y el croata se cruzaron cinco veces, con cuatro victorias de \u2018Delpo\u2019.<\/p>\n<p>&nbsp;<\/p>\n<p>La serie entre argentinos y balc\u00e1nicos continuar\u00e1 el s\u00e1bado desde las 11 con el punto de dobles entre los locales Ivan Dodig y Franko Skugor, y la dupla \u2018albiceleste\u2019 que en principio estar\u00eda conformada por el bahiense Pella y el correntino Mayer.<\/p>\n<p>&nbsp;<\/p>\n<p>Comienza el sue\u00f1o, comienza una nueva final de la Copa Davis que tiene al equipo argentino en busca de la Ensaladera. Tras cuatro frustraciones, esta vez puede ser la vencida.<\/p>\n","protected":false},"excerpt":{"rendered":"<p>El tenista de Azul se enfrenta desde las 10 de la ma\u00f1ana, hora argentina, con Cilic, en el primer punto la serie que reaviva a ilusi\u00f3n de adue\u00f1arse de una buena vez de la Copa Davis. Luego ir\u00e1 Del Potro ante Karlovic &nbsp; &nbsp; &nbsp; &nbsp; Luego de varios sinsabores y frustraciones, Argentina tendr\u00e1, por quinta vez, la posibilidad de quedarse con la Copa Davis 2016, y este viernes arranca el sue\u00f1o, con los primeros dos puntos de la serie final ante Croacia y en Zagreb. &nbsp; La acci\u00f3n comienza&#8230;<\/p>\n","protected":false},"author":3,"featured_media":5089,"comment_status":"closed","ping_status":"closed","sticky":false,"template":"","format":"standard","meta":[],"categories":[4],"tags":[],"_links":{"self":[{"href":"https:\/\/www.actualidadadiario.com\/index.php\/wp-json\/wp\/v2\/posts\/5088"}],"collection":[{"href":"https:\/\/www.actualidadadiario.com\/index.php\/wp-json\/wp\/v2\/posts"}],"about":[{"href":"https:\/\/www.actualidadadiario.com\/index.php\/wp-json\/wp\/v2\/types\/post"}],"author":[{"embeddable":true,"href":"https:\/\/www.actualidadadiario.com\/index.php\/wp-json\/wp\/v2\/users\/3"}],"replies":[{"embeddable":true,"href":"https:\/\/www.actualidadadiario.com\/index.php\/wp-json\/wp\/v2\/comments?post=5088"}],"version-history":[{"count":1,"href":"https:\/\/www.actualidadadiario.com\/index.php\/wp-json\/wp\/v2\/posts\/5088\/revisions"}],"predecessor-version":[{"id":5090,"href":"https:\/\/www.actualidadadiario.com\/index.php\/wp-json\/wp\/v2\/posts\/5088\/revisions\/5090"}],"wp:featuredmedia":[{"embeddable":true,"href":"https:\/\/www.actualidadadiario.com\/index.php\/wp-json\/wp\/v2\/media\/5089"}],"wp:attachment":[{"href":"https:\/\/www.actualidadadiario.com\/index.php\/wp-json\/wp\/v2\/media?parent=5088"}],"wp:term":[{"taxonomy":"category","embeddable":true,"href":"https:\/\/www.actualidadadiario.com\/index.php\/wp-json\/wp\/v2\/categories?post=5088"},{"taxonomy":"post_tag","embeddable":true,"href":"https:\/\/www.actualidadadiario.com\/index.php\/wp-json\/wp\/v2\/tags?post=5088"}],"curies":[{"name":"wp","href":"https:\/\/api.w.org\/{rel}","templated":true}]}}