{"id":5085,"date":"2016-11-25T10:05:07","date_gmt":"2016-11-25T13:05:07","guid":{"rendered":"http:\/\/actualidadadiario.com\/site\/?p=5085"},"modified":"2016-11-25T10:05:07","modified_gmt":"2016-11-25T13:05:07","slug":"un-sismo-sacudio-a-varias-zonas-de-montevideo-y-canelones","status":"publish","type":"post","link":"https:\/\/www.actualidadadiario.com\/index.php\/2016\/11\/25\/un-sismo-sacudio-a-varias-zonas-de-montevideo-y-canelones\/","title":{"rendered":"Un sismo sacudi\u00f3 a varias zonas de Montevideo y Canelones"},"content":{"rendered":"<p><em><strong>Con epicentro en la localidad de Sauce, el movimiento se sinti\u00f3 con fuerza en la capital uruguaya, donde se report\u00f3 el temblor y un potente ruido. Hasta el momento no hay informaci\u00f3n acerca de heridos o da\u00f1os materiales<\/strong><\/em><\/p>\n<p>&nbsp;<\/p>\n<p>&nbsp;<\/p>\n<p>&nbsp;<\/p>\n<p>&nbsp;<\/p>\n<p>Un sismo hizo temblar a varios barrios de Montevideo y Canelones, en Uruguay, en las \u00faltimas horas del jueves, sin que, hasta el momento, se reporten heridos o da\u00f1os materiales.<\/p>\n<p>&nbsp;<\/p>\n<p>El movimiento se sinti\u00f3 cerca de las 23:30 horas y tuvo su epicentro cercano a la localidad canaria de Sauce, seg\u00fan datos del Observatorio Geof\u00edsico del vecino pa\u00eds, que fueron confirmados por la directora del organismo, Leda S\u00e1nchez.<\/p>\n<p>&nbsp;<\/p>\n<p>Adem\u00e1s, la noticia fue ratificada por el prosecretario de la Presidencia, Juan Andr\u00e9s Roballo, a trav\u00e9s de su cuenta de Twitter, donde indic\u00f3: &#8220;Sism\u00f3loga Leda S\u00e1nchez confirm\u00f3 que el fen\u00f3meno fue un sismo; analiza magnitud y epicentro\u201d.<\/p>\n<p>&nbsp;<\/p>\n<p>El funcionario tambi\u00e9n anunci\u00f3 una conferencia de prensa para este viernes a las 9 horas, en donde brindar\u00e1n m\u00e1s informaci\u00f3n acerca del fen\u00f3meno.<\/p>\n<p>&nbsp;<\/p>\n<p>Del mismo modo, en las redes sociales se pudieron leer varios mensajes preocupados por el temblor, mientras que los usuarios tambi\u00e9n dieron cuenta de una fuerte \u201cexplosi\u00f3n\u201d, que en realidad tuvo que ver con el ruido del sismo.<\/p>\n<p>&nbsp;<\/p>\n<p>Por su parte, de acuerdo con el medio local El Pa\u00eds, el temblor se sinti\u00f3 en Montevideo, principalmente en los barrios de Parque Posadas, Cerro, La Teja, Villa Espa\u00f1ola, Manga, Piedras Blancas, Aguada y Goes.<\/p>\n<p>&nbsp;<\/p>\n<p>En Canelones, adem\u00e1s del lugar del epicentro, hubo reportes de fuertes temblores en Parque Miramar y las cercan\u00edas de La Paz.<\/p>\n","protected":false},"excerpt":{"rendered":"<p>Con epicentro en la localidad de Sauce, el movimiento se sinti\u00f3 con fuerza en la capital uruguaya, donde se report\u00f3 el temblor y un potente ruido. Hasta el momento no hay informaci\u00f3n acerca de heridos o da\u00f1os materiales &nbsp; &nbsp; &nbsp; &nbsp; Un sismo hizo temblar a varios barrios de Montevideo y Canelones, en Uruguay, en las \u00faltimas horas del jueves, sin que, hasta el momento, se reporten heridos o da\u00f1os materiales. &nbsp; El movimiento se sinti\u00f3 cerca de las 23:30 horas y tuvo su epicentro cercano a la localidad&#8230;<\/p>\n","protected":false},"author":3,"featured_media":5086,"comment_status":"closed","ping_status":"closed","sticky":false,"template":"","format":"standard","meta":[],"categories":[4],"tags":[],"_links":{"self":[{"href":"https:\/\/www.actualidadadiario.com\/index.php\/wp-json\/wp\/v2\/posts\/5085"}],"collection":[{"href":"https:\/\/www.actualidadadiario.com\/index.php\/wp-json\/wp\/v2\/posts"}],"about":[{"href":"https:\/\/www.actualidadadiario.com\/index.php\/wp-json\/wp\/v2\/types\/post"}],"author":[{"embeddable":true,"href":"https:\/\/www.actualidadadiario.com\/index.php\/wp-json\/wp\/v2\/users\/3"}],"replies":[{"embeddable":true,"href":"https:\/\/www.actualidadadiario.com\/index.php\/wp-json\/wp\/v2\/comments?post=5085"}],"version-history":[{"count":1,"href":"https:\/\/www.actualidadadiario.com\/index.php\/wp-json\/wp\/v2\/posts\/5085\/revisions"}],"predecessor-version":[{"id":5087,"href":"https:\/\/www.actualidadadiario.com\/index.php\/wp-json\/wp\/v2\/posts\/5085\/revisions\/5087"}],"wp:featuredmedia":[{"embeddable":true,"href":"https:\/\/www.actualidadadiario.com\/index.php\/wp-json\/wp\/v2\/media\/5086"}],"wp:attachment":[{"href":"https:\/\/www.actualidadadiario.com\/index.php\/wp-json\/wp\/v2\/media?parent=5085"}],"wp:term":[{"taxonomy":"category","embeddable":true,"href":"https:\/\/www.actualidadadiario.com\/index.php\/wp-json\/wp\/v2\/categories?post=5085"},{"taxonomy":"post_tag","embeddable":true,"href":"https:\/\/www.actualidadadiario.com\/index.php\/wp-json\/wp\/v2\/tags?post=5085"}],"curies":[{"name":"wp","href":"https:\/\/api.w.org\/{rel}","templated":true}]}}