{"id":5073,"date":"2016-11-25T09:59:40","date_gmt":"2016-11-25T12:59:40","guid":{"rendered":"http:\/\/actualidadadiario.com\/site\/?p=5073"},"modified":"2016-11-25T09:59:40","modified_gmt":"2016-11-25T12:59:40","slug":"segun-el-indec-la-actividad-economica-cayo-37-en-septiembre","status":"publish","type":"post","link":"https:\/\/www.actualidadadiario.com\/index.php\/2016\/11\/25\/segun-el-indec-la-actividad-economica-cayo-37-en-septiembre\/","title":{"rendered":"Seg\u00fan el INDEC, la actividad econ\u00f3mica cay\u00f3 3,7% en septiembre"},"content":{"rendered":"<p><em><strong>La actividad econ\u00f3mica en su conjunto retrocedi\u00f3 durante septiembre el 3,7% en relaci\u00f3n a igual mes del a\u00f1o pasado, por la ca\u00edda de la producci\u00f3n industrial y el menor consumo, inform\u00f3 el Instituto Nacional de Estad\u00edstica y Censos (INDEC)<\/strong><\/em><\/p>\n<p>&nbsp;<\/p>\n<p>&nbsp;<\/p>\n<p>&nbsp;<\/p>\n<p>&nbsp;<\/p>\n<p>&nbsp;<\/p>\n<p>Adem\u00e1s, el Estimador Mensual de la Actividad Econ\u00f3mica (EMAE) registr\u00f3 en septiembre una merma del 0,8% en relaci\u00f3n a agosto y acumul\u00f3 una baja del 2,4% en lo que va del a\u00f1o.<\/p>\n<p>&nbsp;<\/p>\n<p>La ca\u00edda de septiembre fue la tercera m\u00e1s importante del a\u00f1o tras las bajas de 4,5% de junio y del 5,6% de julio, que fueron las m\u00e1s altas del a\u00f1o y mostr\u00f3 una aceleraci\u00f3n de la disminuci\u00f3n de la actividad, despu\u00e9s de la contracci\u00f3n del 2,1% de agosto \u00faltimo.<\/p>\n<p>&nbsp;<\/p>\n<p>En forma interanual el nivel de actividad acumulado se mantiene en los \u00faltimos tres meses con una contracci\u00f3n promedio del 2,2%.<\/p>\n<p>&nbsp;<\/p>\n<p>La producci\u00f3n de bienes y servicios, afectada principalmente por la contracci\u00f3n del consumo y la ca\u00edda de la producci\u00f3n automotriz y la construcci\u00f3n, la actividad econ\u00f3mica suma as\u00ed siete meses consecutivos de ca\u00edda desde marzo pasado cuando arranc\u00f3 con un 0,1%. A esa baja se le sumaron retrocesos del 2,9% en abril y 2,8% en mayo pasado.<\/p>\n<p>&nbsp;<\/p>\n<p>En octubre podr\u00eda prolongarse la contracci\u00f3n de la actividad econ\u00f3mica, como lo vienen anticipando las consultoras privadas.<\/p>\n<p>&nbsp;<\/p>\n<p>Seg\u00fan el informe mensual de la consultora de Orlando Ferreres, la actividad econ\u00f3mica se contrajo 4,7% en octubre con relaci\u00f3n a igual mes de 2015 y acumul\u00f3 en el a\u00f1o una baja del 2,8%, seg\u00fan el informe mensual de esa consultora.<\/p>\n<p>&nbsp;<\/p>\n<p>Por su parte el presidente del Banco Central (BCRA), Federico Sturzenegger, admiti\u00f3 que el indicador l\u00edder que elabora la entidad detuvo la marcha positiva que se hab\u00eda observado en julio y agosto.<\/p>\n<p>&nbsp;<\/p>\n<p>Explic\u00f3 que ese indicador &#8220;no alcanz\u00f3 en setiembre el umbral&#8221; que permita decir que la econom\u00eda sali\u00f3 de la recesi\u00f3n. Lo vimos en ascenso hasta agosto, pero en septiembre no se alcanzaron los umbrales esperados&#8221;.<\/p>\n<p>&nbsp;<\/p>\n<p>No obstante el funcionario se mostr\u00f3 optimista sobre la evoluci\u00f3n de la actividad y se\u00f1al\u00f3 que solo es cuesti\u00f3n de tiempo para que empiece a crecer al considerar que &#8220;financieramente est\u00e1n dadas las condiciones&#8221; para el repunte de la econom\u00eda.<\/p>\n","protected":false},"excerpt":{"rendered":"<p>La actividad econ\u00f3mica en su conjunto retrocedi\u00f3 durante septiembre el 3,7% en relaci\u00f3n a igual mes del a\u00f1o pasado, por la ca\u00edda de la producci\u00f3n industrial y el menor consumo, inform\u00f3 el Instituto Nacional de Estad\u00edstica y Censos (INDEC) &nbsp; &nbsp; &nbsp; &nbsp; &nbsp; Adem\u00e1s, el Estimador Mensual de la Actividad Econ\u00f3mica (EMAE) registr\u00f3 en septiembre una merma del 0,8% en relaci\u00f3n a agosto y acumul\u00f3 una baja del 2,4% en lo que va del a\u00f1o. &nbsp; La ca\u00edda de septiembre fue la tercera m\u00e1s importante del a\u00f1o tras las&#8230;<\/p>\n","protected":false},"author":3,"featured_media":5074,"comment_status":"closed","ping_status":"closed","sticky":false,"template":"","format":"standard","meta":[],"categories":[9],"tags":[],"_links":{"self":[{"href":"https:\/\/www.actualidadadiario.com\/index.php\/wp-json\/wp\/v2\/posts\/5073"}],"collection":[{"href":"https:\/\/www.actualidadadiario.com\/index.php\/wp-json\/wp\/v2\/posts"}],"about":[{"href":"https:\/\/www.actualidadadiario.com\/index.php\/wp-json\/wp\/v2\/types\/post"}],"author":[{"embeddable":true,"href":"https:\/\/www.actualidadadiario.com\/index.php\/wp-json\/wp\/v2\/users\/3"}],"replies":[{"embeddable":true,"href":"https:\/\/www.actualidadadiario.com\/index.php\/wp-json\/wp\/v2\/comments?post=5073"}],"version-history":[{"count":1,"href":"https:\/\/www.actualidadadiario.com\/index.php\/wp-json\/wp\/v2\/posts\/5073\/revisions"}],"predecessor-version":[{"id":5075,"href":"https:\/\/www.actualidadadiario.com\/index.php\/wp-json\/wp\/v2\/posts\/5073\/revisions\/5075"}],"wp:featuredmedia":[{"embeddable":true,"href":"https:\/\/www.actualidadadiario.com\/index.php\/wp-json\/wp\/v2\/media\/5074"}],"wp:attachment":[{"href":"https:\/\/www.actualidadadiario.com\/index.php\/wp-json\/wp\/v2\/media?parent=5073"}],"wp:term":[{"taxonomy":"category","embeddable":true,"href":"https:\/\/www.actualidadadiario.com\/index.php\/wp-json\/wp\/v2\/categories?post=5073"},{"taxonomy":"post_tag","embeddable":true,"href":"https:\/\/www.actualidadadiario.com\/index.php\/wp-json\/wp\/v2\/tags?post=5073"}],"curies":[{"name":"wp","href":"https:\/\/api.w.org\/{rel}","templated":true}]}}