{"id":5070,"date":"2016-11-25T09:58:20","date_gmt":"2016-11-25T12:58:20","guid":{"rendered":"http:\/\/actualidadadiario.com\/site\/?p=5070"},"modified":"2016-11-25T09:58:20","modified_gmt":"2016-11-25T12:58:20","slug":"tras-rechazo-de-fpv-pj-se-cayo-la-reforma-electoral-por-este-ano","status":"publish","type":"post","link":"https:\/\/www.actualidadadiario.com\/index.php\/2016\/11\/25\/tras-rechazo-de-fpv-pj-se-cayo-la-reforma-electoral-por-este-ano\/","title":{"rendered":"Tras rechazo de FpV-PJ, se cay\u00f3 la reforma electoral por este a\u00f1o"},"content":{"rendered":"<p><em><strong>El bloque de senadores del FpV- PJ rechaz\u00f3 este jueves apoyar &#8220;tal cual fue aprobado en Diputados&#8221; el proyecto de reforma electoral por lo que la discusi\u00f3n pasar\u00e1 para 2017 y con ello no podr\u00e1 implementarse en las pr\u00f3ximas elecciones. Si bien una veintena de legisladores del bloque hab\u00edan expresado abiertamente su rechazo, la decisi\u00f3n final lleg\u00f3 luego de una reuni\u00f3n entre el titular de la Miguel \u00c1ngel Pichetto, con seis gobernadores peronistas<\/strong><\/em><\/p>\n<p>&nbsp;<\/p>\n<p>&nbsp;<\/p>\n<p>&nbsp;<\/p>\n<p>&nbsp;<\/p>\n<p>&nbsp;<\/p>\n<p>&nbsp;<\/p>\n<p>&#8220;No hubo discusi\u00f3n entre los gobernadores. Todos sostuvieron que tal como fue aprobada por Diputados no apoyar\u00e1n la reforma electoral&#8221;, revel\u00f3 una fuente legislativa a \u00e1mbito.com. La principal objeci\u00f3n que tienen los gobernadores y senadores es la utilizaci\u00f3n del chip para el recuento de votos, lo cual creen que es &#8220;vulnerable&#8221; y no garantiza la seguridad del voto.<\/p>\n<p>&nbsp;<\/p>\n<p>&#8220;En la reuni\u00f3n hab\u00eda representaci\u00f3n de 10 provincias y en su gran mayor\u00eda estaban de acuerdo en no impulsar el proyecto&#8221;, explic\u00f3 a este medio otro parlamentario con a\u00f1os de experiencia en el Congreso. Tambi\u00e9n consider\u00f3 que &#8220;la discusi\u00f3n termina ac\u00e1&#8221; y que se espera que el Gobierno env\u00eden una mejor propuesta que contemple &#8220;mejorar los sistemas y tener un plan B&#8221;.<\/p>\n<p>&nbsp;<\/p>\n<p>Apenas se enteraron de la novedad, en Cambiemos se\u00f1alaron a \u00e1mbito.com: &#8220;Conociendo el pa\u00f1o, no hay forma de insistir con el dictamen sin apoyo del FpV. No hay n\u00famero. Con lo cual se cae la reforma&#8221;.<\/p>\n<p>&nbsp;<\/p>\n<p>&#8220;Evidentemente el FpV no quer\u00eda que la reforma electoral se aplique en la elecciones de 2017&#8221;, dec\u00edan con cierto disgusto en Casa Rosada al tiempo confirmaban que la reforma no llegar\u00e1 este a\u00f1o.<\/p>\n<p>&nbsp;<\/p>\n<p>En un comunicado conjunto tras dos horas de mitin, gobernadores y senadores explicaron los motivos del disenso. En primer lugar enumeraron que recogieron las objeciones de los expertos inform\u00e1ticos en las reuniones de comisi\u00f3n sobre la alta vulnerabilidad de algunos de los m\u00e9todos electr\u00f3nicos por lo que estimaron que ese panorama &#8220;imposibilita el apoyo al proyecto tal cual fue aprobado en Diputados&#8221;.<\/p>\n<p>&nbsp;<\/p>\n<p>Adem\u00e1s explicaron que valoran la posibilidad de incorporar &#8220;de manera gradual&#8221; tecnolog\u00eda al proceso electoral pero que reclamaron que ofrezcan plena &#8220;confiabilidad de transparencia para la expresi\u00f3n de la soberan\u00eda popular&#8221;. Y advirtieron que todo proceso de reforma debe contar con &#8220;el consenso y el acuerdo de las distintas fuerzas pol\u00edticas&#8221;.<\/p>\n<p>&nbsp;<\/p>\n<p>El proyecto de reforma electoral que impulsa el presidente Mauricio Macri y propone implementar la boleta \u00fanica electr\u00f3nica en todo el pa\u00eds en las elecciones de 2017. Necesitaba el apoyo de los senadores peronistas porque son mayor\u00eda en la C\u00e1mara alta, pero ante este panorama, al plantearle modificaciones deber\u00e1 regresar a la c\u00e1mara de origen y volver a ser votado. Con ello, la discusi\u00f3n pasa a marzo y la reforma reci\u00e9n podr\u00eda aplicarse en las elecciones de 2019.<\/p>\n<p>&nbsp;<\/p>\n<p>Una veintena de senadores hab\u00edan rechazado de lleno la iniciativa, no quer\u00edan modificaciones, sino que directamente deseaban que el proyecto no se trate en el recinto. Con el objetivo de buscar consensos Pichetto convoc\u00f3 los gobernadores est\u00e1n Gildo Insfr\u00e1n (Formosa), Rosana Bertone (Tierra del Fuego), Sergio U\u00f1ac (San Juan), Gustavo Bordet (Entre R\u00edos), Sergio Casas (La Rioja) y Carlos Verna (La Pampa).<\/p>\n<p>&nbsp;<\/p>\n<p>Tambi\u00e9n fueron parte los vicegobernadores Pablo Gonz\u00e1lez (Santa Cruz) y Emilio Neder (Santiago del Estero); el secretario de la gobernaci\u00f3n de Chaco, Horacio Rey; y el diputado y presidente del Partido Justicialista Nacional, Jos\u00e9 Luis Gioja.<\/p>\n<p>&nbsp;<\/p>\n<p>M\u00e1s temprano, en di\u00e1logo con el programa &#8220;Ma\u00f1ana Sylvestre&#8221; que se trasmite por Radio 10, el senador kirchnerista Marcelo Fuentes hab\u00eda advertido que en una reuni\u00f3n que mantuvieron esta semana &#8220;sobre la base de 34 presentes, solo cuatro manifestaron que quieren sacar dictamen. El resto creemos que es apresurado&#8221;. &#8220;Los especialistas en seguridad inform\u00e1tica destrozaron ese sistema de votaci\u00f3n. Hay numerosas demostraciones de su fragilidad&#8221;, afirm\u00f3.<\/p>\n","protected":false},"excerpt":{"rendered":"<p>El bloque de senadores del FpV- PJ rechaz\u00f3 este jueves apoyar &#8220;tal cual fue aprobado en Diputados&#8221; el proyecto de reforma electoral por lo que la discusi\u00f3n pasar\u00e1 para 2017 y con ello no podr\u00e1 implementarse en las pr\u00f3ximas elecciones. Si bien una veintena de legisladores del bloque hab\u00edan expresado abiertamente su rechazo, la decisi\u00f3n final lleg\u00f3 luego de una reuni\u00f3n entre el titular de la Miguel \u00c1ngel Pichetto, con seis gobernadores peronistas &nbsp; &nbsp; &nbsp; &nbsp; &nbsp; &nbsp; &#8220;No hubo discusi\u00f3n entre los gobernadores. Todos sostuvieron que tal como&#8230;<\/p>\n","protected":false},"author":3,"featured_media":5071,"comment_status":"closed","ping_status":"closed","sticky":false,"template":"","format":"standard","meta":[],"categories":[9],"tags":[],"_links":{"self":[{"href":"https:\/\/www.actualidadadiario.com\/index.php\/wp-json\/wp\/v2\/posts\/5070"}],"collection":[{"href":"https:\/\/www.actualidadadiario.com\/index.php\/wp-json\/wp\/v2\/posts"}],"about":[{"href":"https:\/\/www.actualidadadiario.com\/index.php\/wp-json\/wp\/v2\/types\/post"}],"author":[{"embeddable":true,"href":"https:\/\/www.actualidadadiario.com\/index.php\/wp-json\/wp\/v2\/users\/3"}],"replies":[{"embeddable":true,"href":"https:\/\/www.actualidadadiario.com\/index.php\/wp-json\/wp\/v2\/comments?post=5070"}],"version-history":[{"count":1,"href":"https:\/\/www.actualidadadiario.com\/index.php\/wp-json\/wp\/v2\/posts\/5070\/revisions"}],"predecessor-version":[{"id":5072,"href":"https:\/\/www.actualidadadiario.com\/index.php\/wp-json\/wp\/v2\/posts\/5070\/revisions\/5072"}],"wp:featuredmedia":[{"embeddable":true,"href":"https:\/\/www.actualidadadiario.com\/index.php\/wp-json\/wp\/v2\/media\/5071"}],"wp:attachment":[{"href":"https:\/\/www.actualidadadiario.com\/index.php\/wp-json\/wp\/v2\/media?parent=5070"}],"wp:term":[{"taxonomy":"category","embeddable":true,"href":"https:\/\/www.actualidadadiario.com\/index.php\/wp-json\/wp\/v2\/categories?post=5070"},{"taxonomy":"post_tag","embeddable":true,"href":"https:\/\/www.actualidadadiario.com\/index.php\/wp-json\/wp\/v2\/tags?post=5070"}],"curies":[{"name":"wp","href":"https:\/\/api.w.org\/{rel}","templated":true}]}}