{"id":5067,"date":"2016-11-24T10:57:27","date_gmt":"2016-11-24T13:57:27","guid":{"rendered":"http:\/\/actualidadadiario.com\/site\/?p=5067"},"modified":"2016-11-24T10:57:27","modified_gmt":"2016-11-24T13:57:27","slug":"desde-la-ctm-aseguran-que-las-variaciones-en-la-altura-del-rio-uruguay-son-normales","status":"publish","type":"post","link":"https:\/\/www.actualidadadiario.com\/index.php\/2016\/11\/24\/desde-la-ctm-aseguran-que-las-variaciones-en-la-altura-del-rio-uruguay-son-normales\/","title":{"rendered":"Desde la CTM aseguran que las variaciones en la altura del r\u00edo Uruguay &#8220;son normales&#8221;"},"content":{"rendered":"<p><em><strong>La aclaraci\u00f3n surgi\u00f3 luego del video publicado, donde se ve a centenares de peces atrapados en peque\u00f1os charcos, en la zona de camping de la ciudad de Concordia. Niegan que la r\u00e1pida bajante del r\u00edo sea algo extraordinario<\/strong><\/em><\/p>\n<p>&nbsp;<\/p>\n<p>&nbsp;<\/p>\n<p>&nbsp;<\/p>\n<p>&nbsp;<\/p>\n<p>&nbsp;<\/p>\n<p>Desde el \u00e1rea de Hidrolog\u00eda de la Comisi\u00f3n T\u00e9cnica Mixta (CTM) de Salto Grande, el ingeniero Manuel Irigoyen afirm\u00f3 que las \u00faltimas oscilaciones registradas en el nivel del r\u00edo Uruguay no responden \u201ca una operaci\u00f3n especial\u201d del organismo.<\/p>\n<p>&nbsp;<\/p>\n<p>\u201cLas variaciones que hacemos hist\u00f3ricamente est\u00e1n en el orden de esto que est\u00e1 ocurriendo recientemente\u201d, agreg\u00f3.<\/p>\n<p>&nbsp;<\/p>\n<p>El profesional admiti\u00f3 que \u201choy, cuando le\u00edamos en la oficina el art\u00edculo publicado, coment\u00e1bamos que es poco com\u00fan que la gente se d\u00e9 cuenta de esas variaciones\u201d; dado que lo m\u00e1s probable \u201ces que sean los pescadores, los que mayormente la perciban, sobre todo los de costa\u201d.<\/p>\n<p>&nbsp;<\/p>\n<p>&nbsp;<\/p>\n<p>&nbsp;<\/p>\n<p>&nbsp;<\/p>\n<p>&nbsp;<\/p>\n<p><strong>Erosi\u00f3n<\/strong><\/p>\n<p>Consultado acerca de si la operativa peri\u00f3dica incide en la erosi\u00f3n de las costas locales, Irigoyen record\u00f3 \u201creclamos hist\u00f3ricos\u201d por el tema. En ese sentido, trajo a colaci\u00f3n estudios t\u00e9cnicos realizados oportunamente por universidades nacionales.<\/p>\n<p>&nbsp;<\/p>\n<p>\u201cUno observa erosiones en las costas locales pero tambi\u00e9n tiene que ver con el esquema natural del recurso h\u00eddrico\u201d, explic\u00f3. En eso, el ingeniero compar\u00f3 la situaci\u00f3n \u2013 salvando las obvias diferencias topogr\u00e1ficas &#8211; con lo que se experimenta en los m\u00e1rgenes del r\u00edo Paran\u00e1, sobre la otra orilla provincial.<\/p>\n<p>&nbsp;<\/p>\n<p>No obstante lo cual, \u201cnosotros hacemos un seguimiento en las zonas m\u00e1s sensibles, aguas debajo de la represa\u201d, aclar\u00f3. Subrayando que \u201clos estudios comprenden per\u00edodos de tiempo de 5 a\u00f1os, realizando cortes comparativos\u201d.<\/p>\n<p>&nbsp;<\/p>\n<p>\u201cLlevamos 15 a\u00f1os haciendo este tipo de medici\u00f3n; es decir que tenemos tres realizados\u201d, especific\u00f3 el profesional.<\/p>\n<p>&nbsp;<\/p>\n<p>&nbsp;<\/p>\n<p>&nbsp;<\/p>\n<p>&nbsp;<\/p>\n<p><strong>Todo normal<\/strong><\/p>\n<p>Los resultados que arrojan los muestreos dan cuenta que \u201cno hay grandes variaciones\u201d, explic\u00f3 Irigoyen. Reconociendo que las costas de la zona de San Carlos, es \u201cprobablemente la zona m\u00e1s sensible\u201d.<\/p>\n<p>&nbsp;<\/p>\n<p>All\u00ed se produjo \u201cun retroceso de la costa, que luego fue disminuyendo por el paso del tiempo\u201d, ilustr\u00f3. No sin advertir que en el fen\u00f3meno intervienen un multiplicidad de variables.<\/p>\n<p>&nbsp;<\/p>\n<p>Con todo, opin\u00f3, \u201clas obras de protecci\u00f3n de costas son extremadamente caras, por lo que solamente se justifican en lugares donde tengamos una infraestructura muy importante que proteger\u201d. Para el caso, cit\u00f3 los ejemplos de la Costanera local y la Planta Potabilizadora de agua.<\/p>\n<p>&nbsp;<\/p>\n<p>&nbsp;<\/p>\n<p>&nbsp;<\/p>\n<p>&nbsp;<\/p>\n<p><strong>Verano tranquilo<\/strong><\/p>\n<p>Por \u00faltimo, el ingeniero reiter\u00f3 que los \u00faltimos modelos clim\u00e1ticos que se manejan desde la Comisi\u00f3n T\u00e9cnica Mixta de Salto Grande anuncian que tendremos un verano tranquilo en la regi\u00f3n: sin un r\u00edo alto, contenido y sin probabilidad de desbordes.<\/p>\n<p>&nbsp;<\/p>\n<p>\u201cDe cinco informes, dos marcan que tendremos precipitaciones por debajo de lo normal y el resto indican que el promedio de lluvia ser\u00e1 normal\u201d, asever\u00f3.<\/p>\n","protected":false},"excerpt":{"rendered":"<p>La aclaraci\u00f3n surgi\u00f3 luego del video publicado, donde se ve a centenares de peces atrapados en peque\u00f1os charcos, en la zona de camping de la ciudad de Concordia. Niegan que la r\u00e1pida bajante del r\u00edo sea algo extraordinario &nbsp; &nbsp; &nbsp; &nbsp; &nbsp; Desde el \u00e1rea de Hidrolog\u00eda de la Comisi\u00f3n T\u00e9cnica Mixta (CTM) de Salto Grande, el ingeniero Manuel Irigoyen afirm\u00f3 que las \u00faltimas oscilaciones registradas en el nivel del r\u00edo Uruguay no responden \u201ca una operaci\u00f3n especial\u201d del organismo. &nbsp; \u201cLas variaciones que hacemos hist\u00f3ricamente est\u00e1n en el&#8230;<\/p>\n","protected":false},"author":3,"featured_media":5068,"comment_status":"closed","ping_status":"closed","sticky":false,"template":"","format":"standard","meta":[],"categories":[15],"tags":[],"_links":{"self":[{"href":"https:\/\/www.actualidadadiario.com\/index.php\/wp-json\/wp\/v2\/posts\/5067"}],"collection":[{"href":"https:\/\/www.actualidadadiario.com\/index.php\/wp-json\/wp\/v2\/posts"}],"about":[{"href":"https:\/\/www.actualidadadiario.com\/index.php\/wp-json\/wp\/v2\/types\/post"}],"author":[{"embeddable":true,"href":"https:\/\/www.actualidadadiario.com\/index.php\/wp-json\/wp\/v2\/users\/3"}],"replies":[{"embeddable":true,"href":"https:\/\/www.actualidadadiario.com\/index.php\/wp-json\/wp\/v2\/comments?post=5067"}],"version-history":[{"count":1,"href":"https:\/\/www.actualidadadiario.com\/index.php\/wp-json\/wp\/v2\/posts\/5067\/revisions"}],"predecessor-version":[{"id":5069,"href":"https:\/\/www.actualidadadiario.com\/index.php\/wp-json\/wp\/v2\/posts\/5067\/revisions\/5069"}],"wp:featuredmedia":[{"embeddable":true,"href":"https:\/\/www.actualidadadiario.com\/index.php\/wp-json\/wp\/v2\/media\/5068"}],"wp:attachment":[{"href":"https:\/\/www.actualidadadiario.com\/index.php\/wp-json\/wp\/v2\/media?parent=5067"}],"wp:term":[{"taxonomy":"category","embeddable":true,"href":"https:\/\/www.actualidadadiario.com\/index.php\/wp-json\/wp\/v2\/categories?post=5067"},{"taxonomy":"post_tag","embeddable":true,"href":"https:\/\/www.actualidadadiario.com\/index.php\/wp-json\/wp\/v2\/tags?post=5067"}],"curies":[{"name":"wp","href":"https:\/\/api.w.org\/{rel}","templated":true}]}}