{"id":5065,"date":"2016-11-24T10:51:22","date_gmt":"2016-11-24T13:51:22","guid":{"rendered":"http:\/\/actualidadadiario.com\/site\/?p=5065"},"modified":"2016-11-24T10:51:22","modified_gmt":"2016-11-24T13:51:22","slug":"concordia-sera-la-sede-de-la-segunda-jornada-sobre-perspectivas-en-violencia-de-genero","status":"publish","type":"post","link":"https:\/\/www.actualidadadiario.com\/index.php\/2016\/11\/24\/concordia-sera-la-sede-de-la-segunda-jornada-sobre-perspectivas-en-violencia-de-genero\/","title":{"rendered":"Concordia ser\u00e1 la sede de la segunda jornada sobre perspectivas en &#8220;Violencia de G\u00e9nero\u201d"},"content":{"rendered":"<p><em><strong>En el marco del D\u00eda Internacional contra la Violencia hacia la mujer, se realizar\u00e1 la \u201cSegunda jornada sobre perspectivas en Violencia de G\u00e9nero\u201d, el evento se llevar\u00e1 a cabo el viernes d\u00eda 25 de noviembre<\/strong><\/em><\/p>\n<p>&nbsp;<\/p>\n<p>&nbsp;<\/p>\n<p>&nbsp;<\/p>\n<p>&nbsp;<\/p>\n<p>&nbsp;<\/p>\n<p>El 20 de diciembre de 1993 la Asamblea de la Naciones Unidas aprob\u00f3 declarar al 25 de noviembre como el d\u00eda Internacional de la Eliminaci\u00f3n de la Violencia contra la Mujer, reconociendo a esta problem\u00e1tica como un grave atentado contra los Derechos Humanos.<\/p>\n<p>&nbsp;<\/p>\n<p>Los lineamientos propuestos en ese entonces instan, tanto al Estado como a la comunidad en general, a comprometerse a destinar numerosos esfuerzos para erradicarla en todas sus formas.<\/p>\n<p>&nbsp;<\/p>\n<p>Por lo tanto, en conmemoraci\u00f3n a esta fecha, el Programa de Prevenci\u00f3n y Asistencia en Violencia Familiar y de G\u00e9nero del Direcci\u00f3n de Pol\u00edticas del Centro de Fortalecimiento Social dependiente de la Municipalidad de Concordia, organiza la \u201cSegunda jornada sobre perspectivas en Violencia de G\u00e9nero. Modalidades de abordaje. Intervenciones posibles\u201d.<\/p>\n<p>&nbsp;<\/p>\n<p>En ese sentido, el evento se llevar\u00e1 a cabo el d\u00eda 25 de noviembre, a las 8:30 hasta las 14:00 horas, en el 4\u00b0 piso del Centro C\u00edvico (Mitre y Pellegrini).<\/p>\n<p>&nbsp;<\/p>\n<p>Vale recordar que las inscripciones se podr\u00e1n realizar el mismo d\u00eda en el centro c\u00edvico (8:30 horas) o previamente podes inscribirte en: programaviolenciaconcordia@hotmail.com o al tel\u00e9fono 4216550<\/p>\n<p>&nbsp;<\/p>\n<p>Las disertaciones estar\u00e1n a cargo de la coordinadora de la CONSAVIG Dra. Perla Prigoshin; Lic. Marisa Paira Presidenta de COPNAF; Myriam Bianqueri Subsecretaria del \u00c1rea Mujer de Entre R\u00edos y el Psic\u00f3logo Pablo Gast\u00f3n Larroca. Dicha jornada es avalada por el Consejo General de Educaci\u00f3n (Disposici\u00f3n N\u00b0:70\/16) y fue declarada de inter\u00e9s municipal.<\/p>\n","protected":false},"excerpt":{"rendered":"<p>En el marco del D\u00eda Internacional contra la Violencia hacia la mujer, se realizar\u00e1 la \u201cSegunda jornada sobre perspectivas en Violencia de G\u00e9nero\u201d, el evento se llevar\u00e1 a cabo el viernes d\u00eda 25 de noviembre &nbsp; &nbsp; &nbsp; &nbsp; &nbsp; El 20 de diciembre de 1993 la Asamblea de la Naciones Unidas aprob\u00f3 declarar al 25 de noviembre como el d\u00eda Internacional de la Eliminaci\u00f3n de la Violencia contra la Mujer, reconociendo a esta problem\u00e1tica como un grave atentado contra los Derechos Humanos. &nbsp; Los lineamientos propuestos en ese entonces&#8230;<\/p>\n","protected":false},"author":3,"featured_media":4813,"comment_status":"closed","ping_status":"closed","sticky":false,"template":"","format":"standard","meta":[],"categories":[15],"tags":[],"_links":{"self":[{"href":"https:\/\/www.actualidadadiario.com\/index.php\/wp-json\/wp\/v2\/posts\/5065"}],"collection":[{"href":"https:\/\/www.actualidadadiario.com\/index.php\/wp-json\/wp\/v2\/posts"}],"about":[{"href":"https:\/\/www.actualidadadiario.com\/index.php\/wp-json\/wp\/v2\/types\/post"}],"author":[{"embeddable":true,"href":"https:\/\/www.actualidadadiario.com\/index.php\/wp-json\/wp\/v2\/users\/3"}],"replies":[{"embeddable":true,"href":"https:\/\/www.actualidadadiario.com\/index.php\/wp-json\/wp\/v2\/comments?post=5065"}],"version-history":[{"count":1,"href":"https:\/\/www.actualidadadiario.com\/index.php\/wp-json\/wp\/v2\/posts\/5065\/revisions"}],"predecessor-version":[{"id":5066,"href":"https:\/\/www.actualidadadiario.com\/index.php\/wp-json\/wp\/v2\/posts\/5065\/revisions\/5066"}],"wp:featuredmedia":[{"embeddable":true,"href":"https:\/\/www.actualidadadiario.com\/index.php\/wp-json\/wp\/v2\/media\/4813"}],"wp:attachment":[{"href":"https:\/\/www.actualidadadiario.com\/index.php\/wp-json\/wp\/v2\/media?parent=5065"}],"wp:term":[{"taxonomy":"category","embeddable":true,"href":"https:\/\/www.actualidadadiario.com\/index.php\/wp-json\/wp\/v2\/categories?post=5065"},{"taxonomy":"post_tag","embeddable":true,"href":"https:\/\/www.actualidadadiario.com\/index.php\/wp-json\/wp\/v2\/tags?post=5065"}],"curies":[{"name":"wp","href":"https:\/\/api.w.org\/{rel}","templated":true}]}}