{"id":5062,"date":"2016-11-24T10:49:07","date_gmt":"2016-11-24T13:49:07","guid":{"rendered":"http:\/\/actualidadadiario.com\/site\/?p=5062"},"modified":"2016-11-24T10:49:07","modified_gmt":"2016-11-24T13:49:07","slug":"no-estoy-dispuesto-a-hipotecar-la-provincia","status":"publish","type":"post","link":"https:\/\/www.actualidadadiario.com\/index.php\/2016\/11\/24\/no-estoy-dispuesto-a-hipotecar-la-provincia\/","title":{"rendered":"&#8220;No estoy dispuesto a hipotecar la provincia&#8221;"},"content":{"rendered":"<p><em><strong>El Gobernador Gustavo Bordet dijo que &#8220;cuando est\u00e9n dadas las condiciones y haya razonabilidad en las tasas, emitiremos el empr\u00e9stito para obras p\u00fablicas&#8221;. Coment\u00f3 adem\u00e1s que el pago del aguinaldo ser\u00e1 &#8220;antes de las Fiestas&#8221;<\/strong><\/em><\/p>\n<p>&nbsp;<\/p>\n<p>&nbsp;<\/p>\n<p>&nbsp;<\/p>\n<p>&nbsp;<\/p>\n<p>&nbsp;<\/p>\n<p>&#8220;No tenemos la emergencia para tomar un cr\u00e9dito a cualquier tasa&#8221;, sentenci\u00f3 el gobernador Gustavo Bordet, en relaci\u00f3n a la recomendaci\u00f3n que hizo el presidente de la Naci\u00f3n Mauricio Macri para que las provincias contraigan compromisos de deuda con organismos internacionales.<\/p>\n<p>&nbsp;<\/p>\n<p>&#8220;El cr\u00e9dito iba a estar destinado en un 58% para obras p\u00fablicas, 16% para obras p\u00fablicas de municipios y un 32% para estructuraci\u00f3n de la deuda, pero esperaremos a que haya mejores condiciones en los mercados porque no estoy dispuesto a hipotecar la provincia a cualquier tasa&#8221;, argument\u00f3 el gobernador.<\/p>\n<p>&nbsp;<\/p>\n<p>&#8220;A esto hay que hacerlo responsablemente. Es por eso que cuando est\u00e9n dadas las condiciones y haya razonabilidad en las tasas, emitiremos el empr\u00e9stito para hacer las obras que creamos importantes para la provincia, para que los municipios lleven adelante un programa de obras y para reestructurar el tema financiero que nos permita poder tener previsibilidad en el futuro&#8221;, estim\u00f3 el mandatario provincial.<\/p>\n<p>&nbsp;<\/p>\n<p>&nbsp;<\/p>\n<p>&nbsp;<\/p>\n<p>&nbsp;<\/p>\n<p><strong>Bono de fin de a\u00f1o<\/strong><\/p>\n<p>En la oportunidad, se le consult\u00f3 al gobernador si existe la posibilidad de que Entre R\u00edos pague un bono de fin de a\u00f1o a los estatales entrerrianos.<\/p>\n<p>&#8220;Si no tenemos una ayuda por parte del gobierno nacional, lamentablemente, la provincia no est\u00e1 en condiciones de afrontar un gasto extra que le representar\u00eda varios miles de millones de pesos&#8221;, subray\u00f3 Bordet.<\/p>\n<p>&nbsp;<\/p>\n<p>&#8220;Cerramos un acuerdo paritario con los gremios ATE y UPCN de la Administraci\u00f3n Central, lo cumplimos y terminamos de pagar el \u00faltimo acuerdo en el mes de octubre del 3%, y cuando se cerr\u00f3 la paritaria en julio nunca se pidi\u00f3 un bono de fin de a\u00f1o&#8221;, rememor\u00f3 el responsable del Ejecutivo provincial.<\/p>\n<p>&nbsp;<\/p>\n<p>&nbsp;<\/p>\n<p>&nbsp;<\/p>\n<p>&nbsp;<\/p>\n<p><strong>Aguinaldo<\/strong><\/p>\n<p>&#8220;No tenemos una fecha precisa, pero ser\u00e1 como habitualmente es, antes de las Fiestas&#8221;, ratific\u00f3 el gobernador. Y sobre el posible adelantamiento del receso, acot\u00f3 que &#8220;est\u00e1 en estudio y se ver\u00e1 la fecha oportuna&#8221;. &#8220;Lo que tenga menor impacto y costo, y lo que en menor medida pueda perjudicar a la provincia&#8221;, agreg\u00f3.<\/p>\n<p>&nbsp;<\/p>\n<p>&nbsp;<\/p>\n<p>&nbsp;<\/p>\n<p>&nbsp;<\/p>\n<p><strong>Apertura de paritaria docente en febrero<\/strong><\/p>\n<p>Atento a que este mi\u00e9rcoles se llev\u00f3 a cabo una nueva huelga docente convocada por los gremios Agmer y Amet, Bordet reiter\u00f3: &#8220;Como lo vengo diciendo desde hace tiempo, creo que deber\u00eda entenderse definitivamente que ac\u00e1 hubo una paritaria que se acord\u00f3, que se cumpli\u00f3 y que la volveremos a reabrir en febrero&#8221;.<\/p>\n<p>&nbsp;<\/p>\n<p>&#8220;Lamento que no se haya cumplido el acuerdo por parte del gremio porque nosotros cumplimos con todo y el aumento promedio fue del 37%, el m\u00e1s alto que se dio en la provincia, mientras hemos tenido todos estos paros que lo \u00fanico que hacen es perjudicar a nuestros chicos para que no tengan la educaci\u00f3n de calidad que se merecen&#8221;, apunt\u00f3 el mandatario provincial, al tiempo que remarc\u00f3 que se har\u00e1n los descuentos correspondientes.<\/p>\n","protected":false},"excerpt":{"rendered":"<p>El Gobernador Gustavo Bordet dijo que &#8220;cuando est\u00e9n dadas las condiciones y haya razonabilidad en las tasas, emitiremos el empr\u00e9stito para obras p\u00fablicas&#8221;. Coment\u00f3 adem\u00e1s que el pago del aguinaldo ser\u00e1 &#8220;antes de las Fiestas&#8221; &nbsp; &nbsp; &nbsp; &nbsp; &nbsp; &#8220;No tenemos la emergencia para tomar un cr\u00e9dito a cualquier tasa&#8221;, sentenci\u00f3 el gobernador Gustavo Bordet, en relaci\u00f3n a la recomendaci\u00f3n que hizo el presidente de la Naci\u00f3n Mauricio Macri para que las provincias contraigan compromisos de deuda con organismos internacionales. &nbsp; &#8220;El cr\u00e9dito iba a estar destinado en un&#8230;<\/p>\n","protected":false},"author":3,"featured_media":5063,"comment_status":"closed","ping_status":"closed","sticky":false,"template":"","format":"standard","meta":[],"categories":[9],"tags":[],"_links":{"self":[{"href":"https:\/\/www.actualidadadiario.com\/index.php\/wp-json\/wp\/v2\/posts\/5062"}],"collection":[{"href":"https:\/\/www.actualidadadiario.com\/index.php\/wp-json\/wp\/v2\/posts"}],"about":[{"href":"https:\/\/www.actualidadadiario.com\/index.php\/wp-json\/wp\/v2\/types\/post"}],"author":[{"embeddable":true,"href":"https:\/\/www.actualidadadiario.com\/index.php\/wp-json\/wp\/v2\/users\/3"}],"replies":[{"embeddable":true,"href":"https:\/\/www.actualidadadiario.com\/index.php\/wp-json\/wp\/v2\/comments?post=5062"}],"version-history":[{"count":1,"href":"https:\/\/www.actualidadadiario.com\/index.php\/wp-json\/wp\/v2\/posts\/5062\/revisions"}],"predecessor-version":[{"id":5064,"href":"https:\/\/www.actualidadadiario.com\/index.php\/wp-json\/wp\/v2\/posts\/5062\/revisions\/5064"}],"wp:featuredmedia":[{"embeddable":true,"href":"https:\/\/www.actualidadadiario.com\/index.php\/wp-json\/wp\/v2\/media\/5063"}],"wp:attachment":[{"href":"https:\/\/www.actualidadadiario.com\/index.php\/wp-json\/wp\/v2\/media?parent=5062"}],"wp:term":[{"taxonomy":"category","embeddable":true,"href":"https:\/\/www.actualidadadiario.com\/index.php\/wp-json\/wp\/v2\/categories?post=5062"},{"taxonomy":"post_tag","embeddable":true,"href":"https:\/\/www.actualidadadiario.com\/index.php\/wp-json\/wp\/v2\/tags?post=5062"}],"curies":[{"name":"wp","href":"https:\/\/api.w.org\/{rel}","templated":true}]}}