{"id":5056,"date":"2016-11-24T10:46:24","date_gmt":"2016-11-24T13:46:24","guid":{"rendered":"http:\/\/actualidadadiario.com\/site\/?p=5056"},"modified":"2016-11-24T10:46:24","modified_gmt":"2016-11-24T13:46:24","slug":"afiliados-a-obras-sociales-podran-acceder-a-servicios-turisticos-promocionales","status":"publish","type":"post","link":"https:\/\/www.actualidadadiario.com\/index.php\/2016\/11\/24\/afiliados-a-obras-sociales-podran-acceder-a-servicios-turisticos-promocionales\/","title":{"rendered":"Afiliados a obras sociales podr\u00e1n acceder a servicios tur\u00edsticos promocionales"},"content":{"rendered":"<p><em><strong>Alrededor de 1,7 millones de afiliados de obras sociales provinciales enroladas en el Consejo de Obras y Servicios Sociales Provinciales de la Rep\u00fablica Argentina (Cosspra), Regi\u00f3n NEA, podr\u00e1n acceder a servicios tur\u00edsticos con descuentos. &#8220;Es una gran noticia que los afiliados de obras sociales puedan visitar nuestras provincias en el marco de una de estrategias regionales&#8221;, sostuvo el gobernador Gustavo Bordet<\/strong><\/em><\/p>\n<p>&nbsp;<\/p>\n<p>&nbsp;<\/p>\n<p>&nbsp;<\/p>\n<p>&nbsp;<\/p>\n<p>&nbsp;<\/p>\n<p>Se trata de un convenio marco de Colaboraci\u00f3n, Integraci\u00f3n e Intercambio Rec\u00edproco, Social, Tur\u00edstico y Econ\u00f3mico, que fue firmado este mi\u00e9rcoles, en el Sal\u00f3n de Gobernadores de la Casa Gris, entre los organismos gubernamentales de Turismo Regi\u00f3n Litoral y la Cosspra Regi\u00f3n NEA, que integran Entre R\u00edos, Chaco, Misiones y Santa Fe.<\/p>\n<p>&nbsp;<\/p>\n<p>Tras la r\u00fabrica del acta acuerdo, el gobernador Gustavo Bordet, sostuvo que &#8220;son tiempos de estrategias regionales. Obviamente cada provincia tiene sus problemas y objetivos propios, pero los m\u00e1s importantes son objetivos compartidos y que atraviesan a todas las provincias. Entonces necesariamente tenemos que trabajar sobre los mismo&#8221;, sostuvo el mandatario tras manifestar su satisfacci\u00f3n por estar presente en un acto &#8220;tan importante&#8221;.<\/p>\n<p>&nbsp;<\/p>\n<p>&#8220;El estar rubricando este convenio no es un hecho aislado. Forma parte de esto que venimos trabajando. Es muy bueno que nos pase porque esto atraviesa cualquier cuesti\u00f3n pol\u00edtica y va m\u00e1s all\u00e1: Va hacia una mirada de pol\u00edticas p\u00fablicas que trascienden gestiones para que podamos, una vez por todas, lograr esta gran integraci\u00f3n regional que tenemos&#8221;, remarc\u00f3.<\/p>\n<p>&nbsp;<\/p>\n<p>En otro orden, el mandatario manifest\u00f3 que &#8220;el hecho de rubricar un convenio que permita que miles afilados de las obras sociales puedan realizar turismo en nuestras provincias es una gran noticia. El turismo social genera a su vez una gran movilidad social en el sentido ascendente. Siempre digo que conoc\u00ed las sierras y el mar gracias a una obra social y un sindicato, y \u00e9sta es la posibilidad para que muchas familias puedan conocer nuestras provincias y sus potencialidades que est\u00e1n muy cercanas&#8221;, precis\u00f3.<\/p>\n<p>&nbsp;<\/p>\n<p>Dicho esto, insisti\u00f3: &#8220;Esto genera que haya un c\u00edrculo virtuoso que produzca mejor calidad de vida, mejor salud y, por otro lado, que ac\u00e1 haya un flujo de ingresos que quede en nuestra provincia y que genere un desarrollo tur\u00edstico end\u00f3geno que nos posicione como gran destino tur\u00edstico en todo litoral&#8221;, se\u00f1al\u00f3.<\/p>\n<p>&nbsp;<\/p>\n<p>\u201cHago votos para que podamos seguir trabajando de esta manera y generando lazos de confiabilidad que es donde est\u00e1 la clave del \u00e9xito para el desarrollo de nuestras provincias, nuestra regi\u00f3n y nuestro pa\u00eds&#8221;, concluy\u00f3.<\/p>\n<p>&nbsp;<\/p>\n<p>&nbsp;<\/p>\n<p>&nbsp;<\/p>\n<p>&nbsp;<\/p>\n<p>&nbsp;<\/p>\n<p><strong>Hidrov\u00eda y articulaci\u00f3n <\/strong><\/p>\n<p>En otro tramo de sus palabras, el gobernador Bordet se refiri\u00f3 al encuentro que mantuvo este martes en Rosario con los gobernadores del NEA en torno a &#8220;un tema central que es el de la hidrov\u00eda del r\u00edo Paran\u00e1-Paraguay. No es casual esta reuni\u00f3n ni surgi\u00f3 como algo improvisado, sino que es fruto de trabajo que venimos haciendo de integraci\u00f3n regional y de articulaci\u00f3n de pol\u00edtica p\u00fablicas regionales desde inicio de gesti\u00f3n. La reuni\u00f3n de este martes en Rosario por la hidrov\u00eda viene de un encuentro anterior que se hizo en Santa Fe, y 15 d\u00edas atr\u00e1s en Encarnaci\u00f3n con los gobernadores paraguayos se comparti\u00f3 y tratando de optimizar la articulaci\u00f3n de estas pol\u00edticas&#8221;, relat\u00f3.<\/p>\n<p>&nbsp;<\/p>\n<p>En ese marco, advirti\u00f3 que &#8220;no se habl\u00f3 s\u00f3lo de hidrov\u00eda y de lo que intr\u00ednsicamente significa el tr\u00e1fico fluvial, sino que tambi\u00e9n se habl\u00f3 de recursos naturales, de unificar criterios para una ley de pesca comercial y deportiva porque no podemos tener diferencias entre las provincias en el sistema de veda, y de turismo&#8221;, acot\u00f3.<\/p>\n<p>&nbsp;<\/p>\n<p>A su turno, ministro de Turismo, Adri\u00e1n Fuertes, dijo que &#8220;es un d\u00eda especial&#8221; y explic\u00f3 que &#8220;un poco respondiendo a una idea que surge de las obras sociales y que nos es transmitida por Fernando Ca\u00f1ete, nos pareci\u00f3 interesante compartir esta idea tras la crisis h\u00eddrica que se vivi\u00f3 en el semestre pasado y que afect\u00f3 el sector tur\u00edstico. A partir de una actitud proactiva y de colaboraci\u00f3n, y teniendo en cuenta que hay aproximadamente 1.500.000 de afiliados en toda esta regi\u00f3n que son beneficiarios de estas obras social, compartimos esta idea con la comunidad&#8221;, insisti\u00f3<\/p>\n<p>&nbsp;<\/p>\n<p>Respecto a la propuesta, Fuertes expres\u00f3 que consiste en &#8220;generar una sinergia para que los habitantes de nuestra provincia puedan colaborar en la recuperaci\u00f3n del sector en este segundo semestre que cambi\u00f3 respecto a lo que nos sucedi\u00f3 en el primero. Este convenio nos permitir\u00e1 que, much\u00edsimos turistas, a pesar de la competencia, se retengan en nuestra regi\u00f3n&#8221;, subray\u00f3.<\/p>\n<p>&nbsp;<\/p>\n<p>A su vez, &#8220;esta mirada propende a generar inversiones del sector privado, a mejorar la calidad de vida y fundamentalmente a generar puesto de trabajo&#8221;, concluy\u00f3 el funcionario.<\/p>\n<p>&nbsp;<\/p>\n<p>En tanto, el presidente del Instituto de Obra Social de la Provincia de Entre R\u00edos (Iosper), Fernando Ca\u00f1ete, explic\u00f3 que \u201ces un orgullo que, en forma conjunta con los ministros de Turismo de la Regi\u00f3n Litoral, y los colegas presidentes de las obras sociales provinciales, sentemos las bases para establecer v\u00ednculos de colaboraci\u00f3n, amistad, y solidaridad institucional, con el fin de iniciar una tarea conjunta para desarrollo tur\u00edstico local, regional y nacional. En un momento cr\u00edtico como el que estamos atravesando, donde la industria del turismo est\u00e1 seriamente afectada, \u00e9ste convenio brindar\u00e1 herramientas para colaborar en su recuperaci\u00f3n\u201d.<\/p>\n<p>&nbsp;<\/p>\n<p>Ca\u00f1ete adelant\u00f3 que \u201ccon la sola presentaci\u00f3n del carnet, los afiliados a estas obras sociales podr\u00e1n acceder a descuentos y promociones en hoteles y restaurantes de las provincias que participan\u201d, y se\u00f1al\u00f3 que, con la firma del convenio, \u201cse promover\u00e1 el intercambio cultural tanto entre las ciudades de las provincias de la Regi\u00f3n Litoral, como con el resto del pa\u00eds, considerando la integraci\u00f3n social y tur\u00edstica como la base fundamental de la evoluci\u00f3n de sus pueblos, ya que cuenta con la participaci\u00f3n activa de los sectores p\u00fablicos y privados\u201d. \u201cPara nosotros este convenio es muy importante, dado que las obras sociales estamos siempre preocupadas por la prestaci\u00f3n de los servicios de salud que brindamos a nuestros representados. Hoy, para quienes no ofrecemos este servicio, encarar el turismo es un desaf\u00edo, porque deberemos esforzarnos para brindar la posibilidad a nuestros compa\u00f1eros de trabajo, para que puedan viajar y disfrutar, porque el turismo tambi\u00e9n es salud\u201d.<\/p>\n<p>&nbsp;<\/p>\n<p>En tanto, a su turno, el presidente del Consejo Litoral de Turismo (Colitur)y ministro de Turismo de Formosa, Gustavo Ramiro Fern\u00e1ndez Patri, agradeci\u00f3 al gobernador Gustavo Bordet, \u201cpor abrirnos las puertas del pueblo y el gobierno de Entre R\u00edos, y a las obras sociales, que tomaron la iniciativa para que hoy los seis ministros de Litoral acompa\u00f1emos la firma del convenio en esta etapa muy importante de la Argentina, donde vamos a incluir por el lado de la oferta y de la demanda\u201d.<\/p>\n<p>&nbsp;<\/p>\n<p>Fern\u00e1ndez Patri record\u00f3 que m\u00e1s del 50 por ciento de los argentinos no est\u00e1 en condiciones de viajar, pero aclar\u00f3 que \u201ccon la firma del convenio y las medidas que se adoptar\u00e1n, no solo retendremos turistas en el pa\u00eds, sino que lo generaremos para aquellas familias que no ten\u00edan pensado viajar y que a partir de ahora podr\u00e1n encontrar en el Litoral una oportunidad. As\u00ed, generaremos inclusi\u00f3n para los trabajadores y para el sector hotelero gastron\u00f3mico, que se ver\u00e1 beneficiado por las medidas\u201d.<\/p>\n<p>&nbsp;<\/p>\n<p>&nbsp;<\/p>\n<p>&nbsp;<\/p>\n<p>&nbsp;<\/p>\n<p>&nbsp;<\/p>\n<p><strong>\u00bfDe qu\u00e9 se trata? <\/strong><\/p>\n<p>El convenio permitir\u00e1 establecer v\u00ednculos de colaboraci\u00f3n, amistad, y solidaridad institucional entre los organismos e iniciar una tarea conjunta para el desarrollo tur\u00edstico local, regional y nacional.<\/p>\n<p>&nbsp;<\/p>\n<p>Tambi\u00e9n fomentar\u00e1 actividades o servicios tur\u00edsticos destinados a mejorar de manera integral la calidad de vida de los afiliados de las entidades involucradas y promover\u00e1 la coordinaci\u00f3n de lineamientos, pol\u00edticas, programas, proyectos y actividades para efectivizar una cooperaci\u00f3n org\u00e1nica, mediante la consulta permanente entre las comunidades.<\/p>\n<p>&nbsp;<\/p>\n<p>Las partes acordaron tambi\u00e9n promover el intercambio cultural, tanto entre sus respectivas ciudades como con el resto del pa\u00eds, sumando la participaci\u00f3n activa de los sectores p\u00fablicos y privados.<\/p>\n<p>&nbsp;<\/p>\n<p>Los programas que se desarrollen se instrumentar\u00e1n con convenios espec\u00edficos implementados por funcionarios de Cosspra y de organismos de Turismo, que se comprometen a trabajar con las c\u00e1maras y las asociaciones intermedias del sector privado, relacionado al turismo en cada una de las provincias.<\/p>\n<p>&nbsp;<\/p>\n<p>Esta metodolog\u00eda permitir\u00e1 a los afiliados de obras sociales provinciales obtener beneficios y descuentos en hoteler\u00eda, gastronom\u00eda y servicios tur\u00edsticos en general. Podr\u00e1n acceder quienes acrediten su filiaci\u00f3n en cualquiera de las provincias del litoral, excepto en la que residen.<\/p>\n<p>&nbsp;<\/p>\n<p>&nbsp;<\/p>\n<p>&nbsp;<\/p>\n<p>&nbsp;<\/p>\n<p>&nbsp;<\/p>\n<p><strong>Los protagonistas <\/strong><\/p>\n<p>La firma del convenio se llev\u00f3 a cabo entre el gobernador de Entre R\u00edos, Gustavo Bordet y representantes de los organismos gubernamentales de Turismo de la Regi\u00f3n Litoral, representados por la presidenta del Instituto de Turismo del Chaco, Mora Dicembrino; el ministro de Turismo de Formosa, Gustavo Ramiro Fern\u00e1ndez Patri; el secretario de Turismo de Santa Fe, Mart\u00edn Bulos; y la ministra de Turismo de Corrientes, In\u00e9s Juana Presman.<\/p>\n<p>La Cosspra Regi\u00f3n NEA, estuvo representada por la titular del Instituto de Seguridad Social, Seguros y Prestamos de la Provincia del Chaco (Insssep), Mariel Gersel; el presidente de Iosper, Isa\u00edas Fernando Ca\u00f1ete; el director del Instituto Aut\u00e1rquico Provincial de Obra Social de Santa Fe (Iapos), Silvio Alejandro Gonz\u00e1lez; y el presidente del Instituto de Previsi\u00f3n Social de Misiones (IPS), Carlos Omar Arce.<\/p>\n<p>&nbsp;<\/p>\n<p>&nbsp;<\/p>\n<p>Tambi\u00e9n estuvieron presentes el secretario de Turismo Municipal de Paran\u00e1, Marcelo Quiroga, y el presidente de la Asociaci\u00f3n Empresaria Hotelera Gastron\u00f3mica de Paran\u00e1 y coordinador de la Regi\u00f3n NEA Litoral de la Federaci\u00f3n Empresaria Hotelera Gastron\u00f3mica de la Rep\u00fablica Argentina (Fehgra), Marcelo Barsuglia, entre otros representantes del sector.<\/p>\n","protected":false},"excerpt":{"rendered":"<p>Alrededor de 1,7 millones de afiliados de obras sociales provinciales enroladas en el Consejo de Obras y Servicios Sociales Provinciales de la Rep\u00fablica Argentina (Cosspra), Regi\u00f3n NEA, podr\u00e1n acceder a servicios tur\u00edsticos con descuentos. &#8220;Es una gran noticia que los afiliados de obras sociales puedan visitar nuestras provincias en el marco de una de estrategias regionales&#8221;, sostuvo el gobernador Gustavo Bordet &nbsp; &nbsp; &nbsp; &nbsp; &nbsp; Se trata de un convenio marco de Colaboraci\u00f3n, Integraci\u00f3n e Intercambio Rec\u00edproco, Social, Tur\u00edstico y Econ\u00f3mico, que fue firmado este mi\u00e9rcoles, en el Sal\u00f3n&#8230;<\/p>\n","protected":false},"author":3,"featured_media":5057,"comment_status":"closed","ping_status":"closed","sticky":false,"template":"","format":"standard","meta":[],"categories":[15],"tags":[],"_links":{"self":[{"href":"https:\/\/www.actualidadadiario.com\/index.php\/wp-json\/wp\/v2\/posts\/5056"}],"collection":[{"href":"https:\/\/www.actualidadadiario.com\/index.php\/wp-json\/wp\/v2\/posts"}],"about":[{"href":"https:\/\/www.actualidadadiario.com\/index.php\/wp-json\/wp\/v2\/types\/post"}],"author":[{"embeddable":true,"href":"https:\/\/www.actualidadadiario.com\/index.php\/wp-json\/wp\/v2\/users\/3"}],"replies":[{"embeddable":true,"href":"https:\/\/www.actualidadadiario.com\/index.php\/wp-json\/wp\/v2\/comments?post=5056"}],"version-history":[{"count":1,"href":"https:\/\/www.actualidadadiario.com\/index.php\/wp-json\/wp\/v2\/posts\/5056\/revisions"}],"predecessor-version":[{"id":5058,"href":"https:\/\/www.actualidadadiario.com\/index.php\/wp-json\/wp\/v2\/posts\/5056\/revisions\/5058"}],"wp:featuredmedia":[{"embeddable":true,"href":"https:\/\/www.actualidadadiario.com\/index.php\/wp-json\/wp\/v2\/media\/5057"}],"wp:attachment":[{"href":"https:\/\/www.actualidadadiario.com\/index.php\/wp-json\/wp\/v2\/media?parent=5056"}],"wp:term":[{"taxonomy":"category","embeddable":true,"href":"https:\/\/www.actualidadadiario.com\/index.php\/wp-json\/wp\/v2\/categories?post=5056"},{"taxonomy":"post_tag","embeddable":true,"href":"https:\/\/www.actualidadadiario.com\/index.php\/wp-json\/wp\/v2\/tags?post=5056"}],"curies":[{"name":"wp","href":"https:\/\/api.w.org\/{rel}","templated":true}]}}