{"id":5053,"date":"2016-11-24T10:45:32","date_gmt":"2016-11-24T13:45:32","guid":{"rendered":"http:\/\/actualidadadiario.com\/site\/?p=5053"},"modified":"2016-11-24T10:45:32","modified_gmt":"2016-11-24T13:45:32","slug":"se-firmo-un-convenio-para-mejorar-las-comunicaciones-moviles-en-entre-rios","status":"publish","type":"post","link":"https:\/\/www.actualidadadiario.com\/index.php\/2016\/11\/24\/se-firmo-un-convenio-para-mejorar-las-comunicaciones-moviles-en-entre-rios\/","title":{"rendered":"Se firm\u00f3 un convenio para mejorar las comunicaciones m\u00f3viles en Entre R\u00edos"},"content":{"rendered":"<p><em><strong>Un convenio tendiente a promover, impulsar y agilizar la instalaci\u00f3n de antenas y otros equipos vinculados a la prestaci\u00f3n de servicios de comunicaciones m\u00f3viles en distintos municipios entrerrianos, firmaron este mi\u00e9rcoles el gobernador Gustavo Bordet y el ministro de Comunicaciones de la Naci\u00f3n, Oscar Aguad. Se proyecta adem\u00e1s la conexi\u00f3n a internet y servicios de cable a trav\u00e9s de la fibra \u00f3ptica ya instalada en la provincia<\/strong><\/em><\/p>\n<p>&nbsp;<\/p>\n<p>&nbsp;<\/p>\n<p>&nbsp;<\/p>\n<p>&nbsp;<\/p>\n<p>&nbsp;<\/p>\n<p>Acompa\u00f1aron a Bordet y Aguad, el titular de la empresa Argentina de Soluciones Satelitales Sociedad An\u00f3nima (AR-SAT), Rodrigo de Loredo; el representantes del Ente Nacional de Comunicaciones (Enacom), Miguel de Godoy; el secretario General de la Gobernaci\u00f3n, Edgardo Kueider; el secretario de Telecomunicaciones, Carlos Bilbao; y el delegado en Entre R\u00edos del Ente Nacional de Comunicaciones, Juan Diego Etchevehere.<\/p>\n<p>&nbsp;<\/p>\n<p>En ese marco, el ministro Aguad afirm\u00f3 que \u201cconectar todo el pa\u00eds significa a cada localidad de cada provincia argentina, lo que es un desaf\u00edo enorme. Es un despliegue de infraestructura que tecnol\u00f3gicamente no tiene antecedentes en Argentina&#8221;.<\/p>\n<p>&nbsp;<\/p>\n<p>\u201cLa banda ancha tiene dos canales por la que circula: uno es la red m\u00f3vil, los tel\u00e9fonos. Hemos logrado superar el colapso en las comunicaciones, sobre todo en las grandes ciudades, y ahora estamos destrab\u00e1ndolo en el interior que se daba por distintas razones&#8221;, explic\u00f3.<\/p>\n<p>&nbsp;<\/p>\n<p>Luego acot\u00f3: &#8220;Estamos firmando convenios en todo el pa\u00eds con gobernadores e intendentes para facilitar el despliegue que las compa\u00f1\u00edas privadas tienen que hacer puesto que est\u00e1n obligadas por contrato&#8221;. Como ejemplo mencion\u00f3 lo hecho en Paran\u00e1, donde por unanimidad se aprob\u00f3 una ordenanza para avanzar en esa materia.<\/p>\n<p>&nbsp;<\/p>\n<p>&#8220;Queremos que, adem\u00e1s de telefon\u00eda m\u00f3vil, se pueda acceder a internet m\u00f3vil. Y por eso tenemos ese plan nacional de reemplazo de celulares de 2G a 4G, que ha tenido un \u00e9xito tan extraordinario que tuvimos que prorrogarlo hasta el 31 de enero. Se vendieron 600.000 tel\u00e9fonos y esperamos llegar al mill\u00f3n, con lo cual habremos reemplazado vieja tecnolog\u00eda por nueva tecnolog\u00eda&#8221;, precis\u00f3.<\/p>\n<p>&nbsp;<\/p>\n<p>Tras ello indic\u00f3 que &#8220;la otra manera de conectarse a alta velocidad es a trav\u00e9s de la fibra \u00f3ptica. La banda ancha es una autopista por la que circula la tecnolog\u00eda. Hoy la tecnolog\u00eda que circula en casi todo el pa\u00eds son redes de distinta calidad, de mala calidad tecnol\u00f3gica para los avances que ha habido. Esas redes tienen que ser reemplazadas absolutamente todas. Va a haber una sola carretera, la banda ancha, y una sola tecnolog\u00eda que es la fibra \u00f3ptica, que va a durar much\u00edsimos a\u00f1os&#8221;.<\/p>\n<p>&nbsp;<\/p>\n<p>&nbsp;<\/p>\n<p>&nbsp;<\/p>\n<p>&nbsp;<\/p>\n<p>&nbsp;<\/p>\n<p><strong>Respuesta a los usuarios <\/strong><\/p>\n<p>A su turno, Kueider se\u00f1al\u00f3 que &#8220;este acto es muy importante para la provincia de Entre R\u00edos, porque tiene que ver con cuestiones muy sensibles que reclaman diariamente los usuarios en las oficinas de Defensa al Consumidor y en los entes reguladores: el servicio de telefon\u00eda celular\u201d.<\/p>\n<p>&nbsp;<\/p>\n<p>En ese sentido, dijo que &#8220;aprovechamos la presencia ac\u00e1 de varios intendentes para solicitarles la adhesi\u00f3n a la ley de antenas de la provincia, que es uno de los canales fundamentales conducentes a que las empresas de telefon\u00eda puedan hacer las inversiones necesarias para mejorar los servicios&#8221;.<\/p>\n<p>&nbsp;<\/p>\n<p>&#8220;Nosotros les exigimos a estas empresas la mejora de los servicios a requerimiento de muchos de los usuarios de distintas ciudades. Ellos nos presentaron un plan de inversiones para los pr\u00f3ximos a\u00f1os en la provincia, pero tambi\u00e9n nos manifestaron como obst\u00e1culo la falta de adhesi\u00f3n de los municipios a esta ley de antenas&#8221;.<\/p>\n<p>&nbsp;<\/p>\n<p>En ese marco, destac\u00f3 que la semana pasada la municipalidad de Paran\u00e1 adhiri\u00f3 a dicha ley, con el voto un\u00e1nime en el concejo deliberante, y la ciudad de Concordia ya lo hab\u00eda hecho con anterioridad en la gesti\u00f3n como intendente del actual gobernador Gustavo Bordet. \u201cEs importante que el resto tambi\u00e9n lo haga&#8221;, subray\u00f3.<\/p>\n<p>&nbsp;<\/p>\n<p>En cuanto a la fibra \u00f3ptica, precis\u00f3 que &#8220;Entre R\u00edos cuenta con uno de los despliegues m\u00e1s importantes del pa\u00eds, representa el 11 por ciento el tendido ya existente hoy, unos 2.600 kil\u00f3metros, lo que no es menor. Faltan los pasos siguientes, es decir, distintas inversiones para lograr que podamos brindar un servicio acorde, ya sea AR-SAT, a trav\u00e9s de los distintos frentes de servicios de internet\u201d.<\/p>\n<p>&nbsp;<\/p>\n<p>Kueider indic\u00f3 que \u201ctenemos la posibilidad de hacer acuerdos con los representantes de los cables, a los cuales les vendr\u00eda muy bien para abaratar sus costos y poder brindar servicios de mayor calidad. Tambi\u00e9n para la interconexi\u00f3n de oficinas p\u00fablicas y para favorecer a trav\u00e9s del uso de las nuevas tecnolog\u00edas a la salud, a la educaci\u00f3n, a la Justicia, a la seguridad\u201d.<\/p>\n<p>&nbsp;<\/p>\n<p>\u201cSon temas fundamentales en los que queremos avanzar y tenemos hoy todas las herramientas necesarias en el marco de los trabajos que se vienen llevando a cabo a trav\u00e9s del Ministerio de Comunicaciones de la Naci\u00f3n. Nosotros, en la misma l\u00ednea que lo venimos haciendo desde el primer d\u00eda de gesti\u00f3n en cuanto a trabajar en conjunto con los gobiernos municipales y el gobierno nacional, con independencia del color pol\u00edtico al que pertenezcan, vamos a brindar toda la colaboraci\u00f3n en ese sentido&#8221;.<\/p>\n<p>&nbsp;<\/p>\n<p>Por \u00faltimo, destac\u00f3 que &#8220;estamos gestionando con Naci\u00f3n y la AR-SAT establecer convenios para que la provincia pueda administrar parte de esa fibra \u00f3ptica para tener estos servicios del Estado provincial\u201d.<\/p>\n<p>&nbsp;<\/p>\n<p>&nbsp;<\/p>\n<p>&nbsp;<\/p>\n<p>&nbsp;<\/p>\n<p>&nbsp;<\/p>\n<p><strong>Conectividad para la igualdad <\/strong><\/p>\n<p>Al hacer uso de la palabra, Miguel de Godoy, se\u00f1al\u00f3 que Argentina fue el \u00faltimo pa\u00eds de Latinoam\u00e9rica en conectarse en 4G y agreg\u00f3 que eso significa &#8220;mucho m\u00e1s&#8221; que no se pueda hablar por tel\u00e9fono. &#8220;En alg\u00fan momento se pensaba que la salud y la educaci\u00f3n eran las cosas que igualaban. Pero hoy lo que iguala es la conectividad. Si nos atrasamos, si no somos responsables de esto, realmente lo que estamos haciendo es condenar a nuestra gente al atraso. Cada chico de cada provincia, de cada lugar y de cada rinc\u00f3n que no tenga conectividad est\u00e1 en desigualdad con el resto de la Naci\u00f3n&#8221;, acot\u00f3.<\/p>\n<p>&nbsp;<\/p>\n<p>Luego se\u00f1al\u00f3 que al ente a su cargo le corresponde &#8220;controlar que los privados cumplan con los objetivos establecidos. Facilitar estas cosas. El Estado debe ser facilitador lo cual no significa un Estado f\u00e1cil. Debemos obligar a las empresas a que lleguen a cada uno de los rincones&#8221;.<\/p>\n<p>&nbsp;<\/p>\n<p>Tambi\u00e9n coment\u00f3 el funcionario que exist\u00eda &#8220;un fondo fiduciario universal para brindar conexi\u00f3n en los lugares donde no hab\u00eda. Se guardaron 4.000 millones de pesos para esto pero no se utiliz\u00f3 un solo centavo. Con AR-SAT hicimos un plan para conectar a todas las escuelas del pa\u00eds. Se us\u00f3 ese dinero para eso y ahora vamos a subsidiar a las pymes y a las cooperativas&#8221; para tal fin.<\/p>\n<p>&nbsp;<\/p>\n<p>&#8220;Apuntamos a tener conectividad en todo el pa\u00eds. Si no achicamos la brecha digital, lo que agrandamos son las diferencias y las desigualdades&#8221;, insisti\u00f3 y finalmente inst\u00f3 a los intendentes a pensar qu\u00e9 hacer para estar m\u00e1s conectados y a colaborar a sacar &#8220;el mito de que las antenas contaminan porque est\u00e1 comprobado que no es as\u00ed&#8221;.<\/p>\n<p>&nbsp;<\/p>\n<p>Por su parte, el presidente de AR-SAT, Rodrigo de Loredo, asegur\u00f3 que &#8220;estamos ac\u00e1 para trabajar en forma conjunta, la Naci\u00f3n, la provincia y todos los municipios del pa\u00eds, cualquiera sea el signo pol\u00edtico de los gobiernos de los que se trate, porque los problemas son comunes&#8221;.<\/p>\n<p>&nbsp;<\/p>\n<p>Destac\u00f3 que, &#8220;desde la empresa AR-SAT, para Entre R\u00edos tenemos muy buenas noticias porque el nivel de despliegue de la red federal de fibra en esta provincia es uno de los m\u00e1s importantes que hay en el contexto de las 24 provincias Argentinas&#8221;.<\/p>\n<p>&nbsp;<\/p>\n<p>En ese marco, se comprometi\u00f3 &#8220;a terminar una obra de 1.650 kil\u00f3metros de extensi\u00f3n de una red troncal de fibras que conecta a 133 localidades de la provincia de Entre R\u00edos, que van a tener un acceso a una internet con la que no se contaba en tiempo atr\u00e1s, que no se tienen en el presente, y que procura igualar oportunidades&#8221;.<\/p>\n<p>&nbsp;<\/p>\n<p>Reiter\u00f3 que &#8220;en 1650 kil\u00f3metros de tendido de fibra conectaremos 133 localidades. No es un discurso, tiene plazos y tiene metas&#8221;, dijo y agreg\u00f3 que &#8220;tenemos 12 localidades conectadas a la fecha, conectaremos otras 47 antes de mayo de 2017; y antes de mayo de 2018 tendr\u00e1n que estar conectadas las 133 localidades, con las obligaciones de inclusi\u00f3n digital que cada uno de los proveedores tendr\u00e1 de conectar 10 localidades e instituciones p\u00fablicas de cada pueblo&#8221;.<\/p>\n<p>&nbsp;<\/p>\n<p>&#8220;A esto lo haremos de manera conjunta con el gobierno de la provincia, nos sentaremos en una mesa de trabajo, para no duplicar esfuerzo ni recursos y para lograr este objetivo, que es que en cada localidad de Entre R\u00edos tengan las mismas posibilidades de acceso a internet que se tiene en Buenos Aires, en C\u00f3rdoba y en Paran\u00e1\u201d, finaliz\u00f3.<\/p>\n","protected":false},"excerpt":{"rendered":"<p>Un convenio tendiente a promover, impulsar y agilizar la instalaci\u00f3n de antenas y otros equipos vinculados a la prestaci\u00f3n de servicios de comunicaciones m\u00f3viles en distintos municipios entrerrianos, firmaron este mi\u00e9rcoles el gobernador Gustavo Bordet y el ministro de Comunicaciones de la Naci\u00f3n, Oscar Aguad. Se proyecta adem\u00e1s la conexi\u00f3n a internet y servicios de cable a trav\u00e9s de la fibra \u00f3ptica ya instalada en la provincia &nbsp; &nbsp; &nbsp; &nbsp; &nbsp; Acompa\u00f1aron a Bordet y Aguad, el titular de la empresa Argentina de Soluciones Satelitales Sociedad An\u00f3nima (AR-SAT), Rodrigo&#8230;<\/p>\n","protected":false},"author":3,"featured_media":5054,"comment_status":"closed","ping_status":"closed","sticky":false,"template":"","format":"standard","meta":[],"categories":[15],"tags":[],"_links":{"self":[{"href":"https:\/\/www.actualidadadiario.com\/index.php\/wp-json\/wp\/v2\/posts\/5053"}],"collection":[{"href":"https:\/\/www.actualidadadiario.com\/index.php\/wp-json\/wp\/v2\/posts"}],"about":[{"href":"https:\/\/www.actualidadadiario.com\/index.php\/wp-json\/wp\/v2\/types\/post"}],"author":[{"embeddable":true,"href":"https:\/\/www.actualidadadiario.com\/index.php\/wp-json\/wp\/v2\/users\/3"}],"replies":[{"embeddable":true,"href":"https:\/\/www.actualidadadiario.com\/index.php\/wp-json\/wp\/v2\/comments?post=5053"}],"version-history":[{"count":1,"href":"https:\/\/www.actualidadadiario.com\/index.php\/wp-json\/wp\/v2\/posts\/5053\/revisions"}],"predecessor-version":[{"id":5055,"href":"https:\/\/www.actualidadadiario.com\/index.php\/wp-json\/wp\/v2\/posts\/5053\/revisions\/5055"}],"wp:featuredmedia":[{"embeddable":true,"href":"https:\/\/www.actualidadadiario.com\/index.php\/wp-json\/wp\/v2\/media\/5054"}],"wp:attachment":[{"href":"https:\/\/www.actualidadadiario.com\/index.php\/wp-json\/wp\/v2\/media?parent=5053"}],"wp:term":[{"taxonomy":"category","embeddable":true,"href":"https:\/\/www.actualidadadiario.com\/index.php\/wp-json\/wp\/v2\/categories?post=5053"},{"taxonomy":"post_tag","embeddable":true,"href":"https:\/\/www.actualidadadiario.com\/index.php\/wp-json\/wp\/v2\/tags?post=5053"}],"curies":[{"name":"wp","href":"https:\/\/api.w.org\/{rel}","templated":true}]}}